{"id":6220,"date":"2023-09-14T14:38:17","date_gmt":"2023-09-14T14:38:17","guid":{"rendered":"https:\/\/alminutonoticia.com\/noticias\/?p=6220"},"modified":"2023-09-14T14:38:17","modified_gmt":"2023-09-14T14:38:17","slug":"aprueban-metodologia-de-dialogo-css-reitera-que-demandas-salariales-suman-mucho-dinero","status":"publish","type":"post","link":"https:\/\/alminutonoticia.com\/noticias\/aprueban-metodologia-de-dialogo-css-reitera-que-demandas-salariales-suman-mucho-dinero\/","title":{"rendered":"Aprueban metodolog\u00eda de di\u00e1logo; CSS reitera que demandas salariales suman mucho dinero"},"content":{"rendered":"\n<p>El Ministerio de Salud (Minsa), la Caja de Seguro Social (CSS) y los representantes de los diferentes gremios del sector salud avanzaron en la metodolog\u00eda de trabajo para las diferentes mesas de trabajo.<\/p>\n\n\n\n<p>Al t\u00e9rmino de la reuni\u00f3n, el secretario general de la CSS, Edwin Salam\u00edn, reiter\u00f3 que las demandas de aumento salarial de diferentes gremios suman m\u00e1s de $400 millones anuales y \u201ceso es mucho en estos momentos\u201d.<\/p>\n\n\n\n<p>\u201cHay bonificaciones, horas extras, turnos y un sinf\u00edn de cosas que, cuando se juntan, hacen ese monto global, y con ese dinero no contamos en estos momentos\u201d, enfatiz\u00f3.<\/p>\n\n\n\n<p>Aclar\u00f3 que no deslegitimiza las aspiraciones de los gremios, pero recalc\u00f3 que hay que ser \u201cresponsables\u201d con los recursos finitos y comprometidos de la CSS.<\/p>\n\n\n\n<p>\u201cSon casi 61 gremios que tiene la Caja de Seguro Social y todos tienen aspiraciones, y eso impacta en millones de d\u00f3lares\u201d, reiter\u00f3, al tiempo que se\u00f1al\u00f3 que estas demandas se discutir\u00e1n en su momento.<\/p>\n\n\n\n<p>La metodolog\u00eda propuesta por la Defensor\u00eda del Pueblo establece el d\u00eda, horario, din\u00e1mica de trabajo y el lugar donde estar\u00e1n sesionando las mesas de trabajo.<\/p>\n\n\n\n<p>El di\u00e1logo se realiza en el Centro de Investigaci\u00f3n y Capacitaci\u00f3n de la Procuradur\u00eda de la Administraci\u00f3n en Los Llanos de Curundu.<\/p>\n\n\n\n<p>En la reuni\u00f3n participan los mismos gremios que acudieron al di\u00e1logo la semana pasada.\u00a0<\/p>\n\n\n\n<p><\/p>\n\n\n\n<figure class=\"wp-block-image size-large\"><a href=\"https:\/\/alminutonoticia.com\/noticias\/wp-content\/uploads\/2023\/09\/WhatsApp-Image-2023-09-13-at-6.19.36-PM-1.jpeg\"><img fetchpriority=\"high\" decoding=\"async\" width=\"1024\" height=\"684\" src=\"https:\/\/alminutonoticia.com\/noticias\/wp-content\/uploads\/2023\/09\/WhatsApp-Image-2023-09-13-at-6.19.36-PM-1-1024x684.jpeg\" alt=\"\" class=\"wp-image-6221\" title=\"\" srcset=\"https:\/\/alminutonoticia.com\/noticias\/wp-content\/uploads\/2023\/09\/WhatsApp-Image-2023-09-13-at-6.19.36-PM-1-1024x684.jpeg 1024w, https:\/\/alminutonoticia.com\/noticias\/wp-content\/uploads\/2023\/09\/WhatsApp-Image-2023-09-13-at-6.19.36-PM-1-300x201.jpeg 300w, https:\/\/alminutonoticia.com\/noticias\/wp-content\/uploads\/2023\/09\/WhatsApp-Image-2023-09-13-at-6.19.36-PM-1-768x513.jpeg 768w, https:\/\/alminutonoticia.com\/noticias\/wp-content\/uploads\/2023\/09\/WhatsApp-Image-2023-09-13-at-6.19.36-PM-1.jpeg 1152w\" sizes=\"(max-width: 1024px) 100vw, 1024px\" \/><\/a><\/figure>\n\n\n\n<figure class=\"wp-block-image size-large\"><a href=\"https:\/\/alminutonoticia.com\/noticias\/wp-content\/uploads\/2023\/09\/WhatsApp-Image-2023-09-13-at-6.19.36-PM.jpeg\"><img decoding=\"async\" width=\"1024\" height=\"768\" src=\"https:\/\/alminutonoticia.com\/noticias\/wp-content\/uploads\/2023\/09\/WhatsApp-Image-2023-09-13-at-6.19.36-PM-1024x768.jpeg\" alt=\"\" class=\"wp-image-6222\" title=\"\" srcset=\"https:\/\/alminutonoticia.com\/noticias\/wp-content\/uploads\/2023\/09\/WhatsApp-Image-2023-09-13-at-6.19.36-PM-1024x768.jpeg 1024w, https:\/\/alminutonoticia.com\/noticias\/wp-content\/uploads\/2023\/09\/WhatsApp-Image-2023-09-13-at-6.19.36-PM-300x225.jpeg 300w, https:\/\/alminutonoticia.com\/noticias\/wp-content\/uploads\/2023\/09\/WhatsApp-Image-2023-09-13-at-6.19.36-PM-768x576.jpeg 768w, https:\/\/alminutonoticia.com\/noticias\/wp-content\/uploads\/2023\/09\/WhatsApp-Image-2023-09-13-at-6.19.36-PM.jpeg 1280w\" sizes=\"(max-width: 1024px) 100vw, 1024px\" \/><\/a><\/figure>\n","protected":false},"excerpt":{"rendered":"<p>El Ministerio de Salud (Minsa), la Caja de Seguro Social (CSS) y los representantes de los diferentes gremios del sector salud avanzaron en la metodolog\u00eda de trabajo para las diferentes mesas de trabajo. Al t\u00e9rmino de la reuni\u00f3n, el secretario general de la CSS, Edwin Salam\u00edn, reiter\u00f3 que las demandas de aumento salarial de diferentes [&hellip;]<\/p>\n","protected":false},"author":3,"featured_media":6222,"comment_status":"open","ping_status":"open","sticky":false,"template":"","format":"standard","meta":{"footnotes":""},"categories":[36],"tags":[],"class_list":["post-6220","post","type-post","status-publish","format-standard","has-post-thumbnail","hentry","category-nacionales"],"_links":{"self":[{"href":"https:\/\/alminutonoticia.com\/noticias\/wp-json\/wp\/v2\/posts\/6220","targetHints":{"allow":["GET"]}}],"collection":[{"href":"https:\/\/alminutonoticia.com\/noticias\/wp-json\/wp\/v2\/posts"}],"about":[{"href":"https:\/\/alminutonoticia.com\/noticias\/wp-json\/wp\/v2\/types\/post"}],"author":[{"embeddable":true,"href":"https:\/\/alminutonoticia.com\/noticias\/wp-json\/wp\/v2\/users\/3"}],"replies":[{"embeddable":true,"href":"https:\/\/alminutonoticia.com\/noticias\/wp-json\/wp\/v2\/comments?post=6220"}],"version-history":[{"count":1,"href":"https:\/\/alminutonoticia.com\/noticias\/wp-json\/wp\/v2\/posts\/6220\/revisions"}],"predecessor-version":[{"id":6223,"href":"https:\/\/alminutonoticia.com\/noticias\/wp-json\/wp\/v2\/posts\/6220\/revisions\/6223"}],"wp:featuredmedia":[{"embeddable":true,"href":"https:\/\/alminutonoticia.com\/noticias\/wp-json\/wp\/v2\/media\/6222"}],"wp:attachment":[{"href":"https:\/\/alminutonoticia.com\/noticias\/wp-json\/wp\/v2\/media?parent=6220"}],"wp:term":[{"taxonomy":"category","embeddable":true,"href":"https:\/\/alminutonoticia.com\/noticias\/wp-json\/wp\/v2\/categories?post=6220"},{"taxonomy":"post_tag","embeddable":true,"href":"https:\/\/alminutonoticia.com\/noticias\/wp-json\/wp\/v2\/tags?post=6220"}],"curies":[{"name":"wp","href":"https:\/\/api.w.org\/{rel}","templated":true}]}}