{"id":6217,"date":"2023-09-14T14:32:47","date_gmt":"2023-09-14T14:32:47","guid":{"rendered":"https:\/\/alminutonoticia.com\/noticias\/?p=6217"},"modified":"2023-09-14T14:32:48","modified_gmt":"2023-09-14T14:32:48","slug":"gaby-carrizo-impulsara-ampliar-mas-el-metro-de-panama","status":"publish","type":"post","link":"https:\/\/alminutonoticia.com\/noticias\/gaby-carrizo-impulsara-ampliar-mas-el-metro-de-panama\/","title":{"rendered":"Gaby Carrizo impulsar\u00e1 ampliar m\u00e1s el Metro de Panam\u00e1"},"content":{"rendered":"\n<p>Tras expresar su respaldo al proyecto de la L\u00ednea 3 del Metro, que conectar\u00e1 la ciudad capital con la provincia de Panam\u00e1 Oeste, el candidato presidencial, Jos\u00e9 Gabriel \u2018Gaby\u2019 Carrizo, anunci\u00f3 el compromiso de impulsar la ampliaci\u00f3n de la red ferroviaria en Panam\u00e1.<\/p>\n\n\n\n<p>\u201cSiento gran satisfacci\u00f3n por el avance en la construcci\u00f3n de la L\u00ednea 3 del Metro que en la actualidad registra un poco m\u00e1s del 42% de avance. La tarea de nuestra pr\u00f3xima administraci\u00f3n es respaldar el desarrollo de las otras l\u00edneas de acuerdo con el cronograma establecido por el Metro de Panam\u00e1\u00bb, dijo el candidato presidencial de la alianza \u00abVamos con todo\u00bb, PRD- Molirena.<\/p>\n\n\n\n<p>\u201cMi gobierno contribuir\u00e1 con planes, programas y proyectos que beneficien a toda la poblaci\u00f3n, sin distingo de ninguna naturaleza. El Metro mejora la movilidad en las \u00e1reas impactadas y la calidad de vida de todos los habitantes\u201d, dijo Carrizo.<\/p>\n\n\n\n<p>Gaby se comprometi\u00f3 en que sus proyectos ser\u00e1n consultados con la ciudadan\u00eda a trav\u00e9s del Plan de Gobierno de Unidad Nacional, Panam\u00e1 Presente y Futuro, en el que, de abajo hacia arriba, las comunidades aportar\u00e1n sobre distintos asuntos de inter\u00e9s regional o nacional.<\/p>\n\n\n\n<figure class=\"wp-block-image size-large\"><a href=\"https:\/\/alminutonoticia.com\/noticias\/wp-content\/uploads\/2023\/09\/WhatsApp-Image-2023-09-12-at-5.43.33-PM.jpeg\"><img fetchpriority=\"high\" decoding=\"async\" width=\"1024\" height=\"767\" src=\"https:\/\/alminutonoticia.com\/noticias\/wp-content\/uploads\/2023\/09\/WhatsApp-Image-2023-09-12-at-5.43.33-PM-1024x767.jpeg\" alt=\"\" class=\"wp-image-6218\" title=\"\" srcset=\"https:\/\/alminutonoticia.com\/noticias\/wp-content\/uploads\/2023\/09\/WhatsApp-Image-2023-09-12-at-5.43.33-PM-1024x767.jpeg 1024w, https:\/\/alminutonoticia.com\/noticias\/wp-content\/uploads\/2023\/09\/WhatsApp-Image-2023-09-12-at-5.43.33-PM-300x225.jpeg 300w, https:\/\/alminutonoticia.com\/noticias\/wp-content\/uploads\/2023\/09\/WhatsApp-Image-2023-09-12-at-5.43.33-PM-768x576.jpeg 768w, https:\/\/alminutonoticia.com\/noticias\/wp-content\/uploads\/2023\/09\/WhatsApp-Image-2023-09-12-at-5.43.33-PM-1536x1151.jpeg 1536w, https:\/\/alminutonoticia.com\/noticias\/wp-content\/uploads\/2023\/09\/WhatsApp-Image-2023-09-12-at-5.43.33-PM.jpeg 1600w\" sizes=\"(max-width: 1024px) 100vw, 1024px\" \/><\/a><\/figure>\n","protected":false},"excerpt":{"rendered":"<p>Tras expresar su respaldo al proyecto de la L\u00ednea 3 del Metro, que conectar\u00e1 la ciudad capital con la provincia de Panam\u00e1 Oeste, el candidato presidencial, Jos\u00e9 Gabriel \u2018Gaby\u2019 Carrizo, anunci\u00f3 el compromiso de impulsar la ampliaci\u00f3n de la red ferroviaria en Panam\u00e1. \u201cSiento gran satisfacci\u00f3n por el avance en la construcci\u00f3n de la L\u00ednea [&hellip;]<\/p>\n","protected":false},"author":3,"featured_media":6218,"comment_status":"open","ping_status":"open","sticky":false,"template":"","format":"standard","meta":{"footnotes":""},"categories":[36,37],"tags":[],"class_list":["post-6217","post","type-post","status-publish","format-standard","has-post-thumbnail","hentry","category-nacionales","category-politica"],"_links":{"self":[{"href":"https:\/\/alminutonoticia.com\/noticias\/wp-json\/wp\/v2\/posts\/6217","targetHints":{"allow":["GET"]}}],"collection":[{"href":"https:\/\/alminutonoticia.com\/noticias\/wp-json\/wp\/v2\/posts"}],"about":[{"href":"https:\/\/alminutonoticia.com\/noticias\/wp-json\/wp\/v2\/types\/post"}],"author":[{"embeddable":true,"href":"https:\/\/alminutonoticia.com\/noticias\/wp-json\/wp\/v2\/users\/3"}],"replies":[{"embeddable":true,"href":"https:\/\/alminutonoticia.com\/noticias\/wp-json\/wp\/v2\/comments?post=6217"}],"version-history":[{"count":1,"href":"https:\/\/alminutonoticia.com\/noticias\/wp-json\/wp\/v2\/posts\/6217\/revisions"}],"predecessor-version":[{"id":6219,"href":"https:\/\/alminutonoticia.com\/noticias\/wp-json\/wp\/v2\/posts\/6217\/revisions\/6219"}],"wp:featuredmedia":[{"embeddable":true,"href":"https:\/\/alminutonoticia.com\/noticias\/wp-json\/wp\/v2\/media\/6218"}],"wp:attachment":[{"href":"https:\/\/alminutonoticia.com\/noticias\/wp-json\/wp\/v2\/media?parent=6217"}],"wp:term":[{"taxonomy":"category","embeddable":true,"href":"https:\/\/alminutonoticia.com\/noticias\/wp-json\/wp\/v2\/categories?post=6217"},{"taxonomy":"post_tag","embeddable":true,"href":"https:\/\/alminutonoticia.com\/noticias\/wp-json\/wp\/v2\/tags?post=6217"}],"curies":[{"name":"wp","href":"https:\/\/api.w.org\/{rel}","templated":true}]}}