{"id":6213,"date":"2023-09-14T14:25:20","date_gmt":"2023-09-14T14:25:20","guid":{"rendered":"https:\/\/alminutonoticia.com\/noticias\/?p=6213"},"modified":"2023-09-14T14:25:21","modified_gmt":"2023-09-14T14:25:21","slug":"comision-de-presupuesto-de-la-asamblea-aprueba-solicitud-de-credito-adicional-para-el-presupuesto-del-estado","status":"publish","type":"post","link":"https:\/\/alminutonoticia.com\/noticias\/comision-de-presupuesto-de-la-asamblea-aprueba-solicitud-de-credito-adicional-para-el-presupuesto-del-estado\/","title":{"rendered":"Comisi\u00f3n de Presupuesto de la Asamblea aprueba solicitud de cr\u00e9dito adicional para el Presupuesto del Estado"},"content":{"rendered":"\n<p>Un total de 19 instituciones del Estado, entre ellos el Ministerio de Obras P\u00fablicas, recibieron la aprobaci\u00f3n del cr\u00e9dito adicional por parte de la Comisi\u00f3n de Presupuesto de la Asamblea de Diputados, por la suma de B. \/456, 079, 234.84.<\/p>\n\n\n\n<p>Dentro de los 456 millones que entrar\u00e1n en el Presupuesto General del Estado, 43 millones de balboas ser\u00e1n destinados para el MOP, con la misi\u00f3n de continuar los proyectos de infraestructura vial.<\/p>\n\n\n\n<p>Por la cantidad B. \/ 30, 789,224.81, se cubrir\u00e1n los pagos para diferentes compa\u00f1\u00edas constructoras que ejecutan los proyectos de mejoramiento de la red vial que desarrolla el MOP a nivel nacional, mientras, por la suma B. \/ 12, 210,775.19, ser\u00e1n trasladados para la obra \u201cDise\u00f1o Construcci\u00f3n para la Rehabilitaci\u00f3n de la Carretera Gat\u00fan \u2013 Miguel de la Borda, provincia de Col\u00f3n\u201d, que actualmente se encuentra en un 94 por ciento de avance.<\/p>\n\n\n\n<p>El ministro de la cartera, Rafael Sabonge, estuvo presente en el sal\u00f3n de la Comisi\u00f3n de Presupuesto del Palacio Justo Arosemena, acompa\u00f1ado por diferentes integrantes del \u00d3rgano Ejecutivo, entre ellos, Rogelio Paredes, ministro de Vivienda; Maruja Gorday de Villalobos, ministra de Educaci\u00f3n; Milciades Concepci\u00f3n, ministro de Ambiente, entre otras autoridades.<\/p>\n\n\n\n<figure class=\"wp-block-image size-large\"><a href=\"https:\/\/alminutonoticia.com\/noticias\/wp-content\/uploads\/2023\/09\/WhatsApp-Image-2023-09-13-at-6.39.09-PM-1.jpeg\"><img fetchpriority=\"high\" decoding=\"async\" width=\"1024\" height=\"683\" src=\"https:\/\/alminutonoticia.com\/noticias\/wp-content\/uploads\/2023\/09\/WhatsApp-Image-2023-09-13-at-6.39.09-PM-1-1024x683.jpeg\" alt=\"\" class=\"wp-image-6214\" title=\"\" srcset=\"https:\/\/alminutonoticia.com\/noticias\/wp-content\/uploads\/2023\/09\/WhatsApp-Image-2023-09-13-at-6.39.09-PM-1-1024x683.jpeg 1024w, https:\/\/alminutonoticia.com\/noticias\/wp-content\/uploads\/2023\/09\/WhatsApp-Image-2023-09-13-at-6.39.09-PM-1-300x200.jpeg 300w, https:\/\/alminutonoticia.com\/noticias\/wp-content\/uploads\/2023\/09\/WhatsApp-Image-2023-09-13-at-6.39.09-PM-1-768x512.jpeg 768w, https:\/\/alminutonoticia.com\/noticias\/wp-content\/uploads\/2023\/09\/WhatsApp-Image-2023-09-13-at-6.39.09-PM-1.jpeg 1200w\" sizes=\"(max-width: 1024px) 100vw, 1024px\" \/><\/a><\/figure>\n\n\n\n<figure class=\"wp-block-image size-large\"><a href=\"https:\/\/alminutonoticia.com\/noticias\/wp-content\/uploads\/2023\/09\/WhatsApp-Image-2023-09-13-at-6.39.09-PM.jpeg\"><img decoding=\"async\" width=\"1024\" height=\"683\" src=\"https:\/\/alminutonoticia.com\/noticias\/wp-content\/uploads\/2023\/09\/WhatsApp-Image-2023-09-13-at-6.39.09-PM-1024x683.jpeg\" alt=\"\" class=\"wp-image-6215\" title=\"\" srcset=\"https:\/\/alminutonoticia.com\/noticias\/wp-content\/uploads\/2023\/09\/WhatsApp-Image-2023-09-13-at-6.39.09-PM-1024x683.jpeg 1024w, https:\/\/alminutonoticia.com\/noticias\/wp-content\/uploads\/2023\/09\/WhatsApp-Image-2023-09-13-at-6.39.09-PM-300x200.jpeg 300w, https:\/\/alminutonoticia.com\/noticias\/wp-content\/uploads\/2023\/09\/WhatsApp-Image-2023-09-13-at-6.39.09-PM-768x512.jpeg 768w, https:\/\/alminutonoticia.com\/noticias\/wp-content\/uploads\/2023\/09\/WhatsApp-Image-2023-09-13-at-6.39.09-PM.jpeg 1200w\" sizes=\"(max-width: 1024px) 100vw, 1024px\" \/><\/a><\/figure>\n","protected":false},"excerpt":{"rendered":"<p>Un total de 19 instituciones del Estado, entre ellos el Ministerio de Obras P\u00fablicas, recibieron la aprobaci\u00f3n del cr\u00e9dito adicional por parte de la Comisi\u00f3n de Presupuesto de la Asamblea de Diputados, por la suma de B. \/456, 079, 234.84. Dentro de los 456 millones que entrar\u00e1n en el Presupuesto General del Estado, 43 millones [&hellip;]<\/p>\n","protected":false},"author":3,"featured_media":6215,"comment_status":"open","ping_status":"open","sticky":false,"template":"","format":"standard","meta":{"footnotes":""},"categories":[36],"tags":[],"class_list":["post-6213","post","type-post","status-publish","format-standard","has-post-thumbnail","hentry","category-nacionales"],"_links":{"self":[{"href":"https:\/\/alminutonoticia.com\/noticias\/wp-json\/wp\/v2\/posts\/6213","targetHints":{"allow":["GET"]}}],"collection":[{"href":"https:\/\/alminutonoticia.com\/noticias\/wp-json\/wp\/v2\/posts"}],"about":[{"href":"https:\/\/alminutonoticia.com\/noticias\/wp-json\/wp\/v2\/types\/post"}],"author":[{"embeddable":true,"href":"https:\/\/alminutonoticia.com\/noticias\/wp-json\/wp\/v2\/users\/3"}],"replies":[{"embeddable":true,"href":"https:\/\/alminutonoticia.com\/noticias\/wp-json\/wp\/v2\/comments?post=6213"}],"version-history":[{"count":1,"href":"https:\/\/alminutonoticia.com\/noticias\/wp-json\/wp\/v2\/posts\/6213\/revisions"}],"predecessor-version":[{"id":6216,"href":"https:\/\/alminutonoticia.com\/noticias\/wp-json\/wp\/v2\/posts\/6213\/revisions\/6216"}],"wp:featuredmedia":[{"embeddable":true,"href":"https:\/\/alminutonoticia.com\/noticias\/wp-json\/wp\/v2\/media\/6215"}],"wp:attachment":[{"href":"https:\/\/alminutonoticia.com\/noticias\/wp-json\/wp\/v2\/media?parent=6213"}],"wp:term":[{"taxonomy":"category","embeddable":true,"href":"https:\/\/alminutonoticia.com\/noticias\/wp-json\/wp\/v2\/categories?post=6213"},{"taxonomy":"post_tag","embeddable":true,"href":"https:\/\/alminutonoticia.com\/noticias\/wp-json\/wp\/v2\/tags?post=6213"}],"curies":[{"name":"wp","href":"https:\/\/api.w.org\/{rel}","templated":true}]}}