{"id":6206,"date":"2023-09-11T11:31:04","date_gmt":"2023-09-11T11:31:04","guid":{"rendered":"https:\/\/alminutonoticia.com\/noticias\/?p=6206"},"modified":"2023-09-11T11:31:04","modified_gmt":"2023-09-11T11:31:04","slug":"gaby-respalda-el-plan-de-desarrollo-integral-de-colon","status":"publish","type":"post","link":"https:\/\/alminutonoticia.com\/noticias\/gaby-respalda-el-plan-de-desarrollo-integral-de-colon\/","title":{"rendered":"Gaby respalda el Plan de Desarrollo Integral de Col\u00f3n"},"content":{"rendered":"\n<p>En reuni\u00f3n sostenida con el presidente de la C\u00e1mara de Comercio de Col\u00f3n, Michael Chen, el candidato presidencial, Jos\u00e9 Gabriel Carrizo Ja\u00e9n, anunci\u00f3 su respaldo al Plan de Desarrollo Integral de Col\u00f3n, que fue presentado ante la Asamblea Nacional.<\/p>\n\n\n\n<p>\u201cNo podr\u00eda estar en contra de un Plan para Col\u00f3n que nosotros mismos hemos impulsado. Queremos cuidar de esa buena semilla y voy a hacer todo lo que deba para protegerla y que rinda los frutos que puede dar para el beneficio de los colonenses\u201d, sostuvo Gaby.<\/p>\n\n\n\n<p>Indic\u00f3 que sin Col\u00f3n, no hay Panam\u00e1, pues son parte esencial de la paname\u00f1idad, as\u00ed como del desarrollo del pa\u00eds y garantiz\u00f3 que en su gobierno se va a transformar esa provincia.<\/p>\n\n\n\n<p>El presidente de la C\u00e1mara de Comercio de Col\u00f3n, Michael Chen y miembros de su equipo, presentaron a Gaby Carrizo el proyecto que busca promover un cambio de actitud en la provincia denominado: \u201cEl cambio comienza por m\u00ed\u201d, adem\u00e1s de una serie de actividades que se realizar\u00e1n el pr\u00f3ximo 19 de septiembre.<\/p>\n\n\n\n<figure class=\"wp-block-image size-large\"><a href=\"https:\/\/alminutonoticia.com\/noticias\/wp-content\/uploads\/2023\/09\/WhatsApp-Image-2023-09-10-at-1.28.20-PM-1.jpeg\"><img fetchpriority=\"high\" decoding=\"async\" width=\"1024\" height=\"683\" src=\"https:\/\/alminutonoticia.com\/noticias\/wp-content\/uploads\/2023\/09\/WhatsApp-Image-2023-09-10-at-1.28.20-PM-1-1024x683.jpeg\" alt=\"\" class=\"wp-image-6207\" title=\"\" srcset=\"https:\/\/alminutonoticia.com\/noticias\/wp-content\/uploads\/2023\/09\/WhatsApp-Image-2023-09-10-at-1.28.20-PM-1-1024x683.jpeg 1024w, https:\/\/alminutonoticia.com\/noticias\/wp-content\/uploads\/2023\/09\/WhatsApp-Image-2023-09-10-at-1.28.20-PM-1-300x200.jpeg 300w, https:\/\/alminutonoticia.com\/noticias\/wp-content\/uploads\/2023\/09\/WhatsApp-Image-2023-09-10-at-1.28.20-PM-1-768x512.jpeg 768w, https:\/\/alminutonoticia.com\/noticias\/wp-content\/uploads\/2023\/09\/WhatsApp-Image-2023-09-10-at-1.28.20-PM-1-1536x1024.jpeg 1536w, https:\/\/alminutonoticia.com\/noticias\/wp-content\/uploads\/2023\/09\/WhatsApp-Image-2023-09-10-at-1.28.20-PM-1.jpeg 1599w\" sizes=\"(max-width: 1024px) 100vw, 1024px\" \/><\/a><\/figure>\n\n\n\n<figure class=\"wp-block-image size-large\"><a href=\"https:\/\/alminutonoticia.com\/noticias\/wp-content\/uploads\/2023\/09\/WhatsApp-Image-2023-09-10-at-1.28.20-PM.jpeg\"><img decoding=\"async\" width=\"1024\" height=\"683\" src=\"https:\/\/alminutonoticia.com\/noticias\/wp-content\/uploads\/2023\/09\/WhatsApp-Image-2023-09-10-at-1.28.20-PM-1024x683.jpeg\" alt=\"\" class=\"wp-image-6208\" title=\"\" srcset=\"https:\/\/alminutonoticia.com\/noticias\/wp-content\/uploads\/2023\/09\/WhatsApp-Image-2023-09-10-at-1.28.20-PM-1024x683.jpeg 1024w, https:\/\/alminutonoticia.com\/noticias\/wp-content\/uploads\/2023\/09\/WhatsApp-Image-2023-09-10-at-1.28.20-PM-300x200.jpeg 300w, https:\/\/alminutonoticia.com\/noticias\/wp-content\/uploads\/2023\/09\/WhatsApp-Image-2023-09-10-at-1.28.20-PM-768x512.jpeg 768w, https:\/\/alminutonoticia.com\/noticias\/wp-content\/uploads\/2023\/09\/WhatsApp-Image-2023-09-10-at-1.28.20-PM-1536x1024.jpeg 1536w, https:\/\/alminutonoticia.com\/noticias\/wp-content\/uploads\/2023\/09\/WhatsApp-Image-2023-09-10-at-1.28.20-PM.jpeg 1599w\" sizes=\"(max-width: 1024px) 100vw, 1024px\" \/><\/a><\/figure>\n","protected":false},"excerpt":{"rendered":"<p>En reuni\u00f3n sostenida con el presidente de la C\u00e1mara de Comercio de Col\u00f3n, Michael Chen, el candidato presidencial, Jos\u00e9 Gabriel Carrizo Ja\u00e9n, anunci\u00f3 su respaldo al Plan de Desarrollo Integral de Col\u00f3n, que fue presentado ante la Asamblea Nacional. \u201cNo podr\u00eda estar en contra de un Plan para Col\u00f3n que nosotros mismos hemos impulsado. Queremos [&hellip;]<\/p>\n","protected":false},"author":3,"featured_media":6208,"comment_status":"open","ping_status":"open","sticky":false,"template":"","format":"standard","meta":{"footnotes":""},"categories":[36],"tags":[],"class_list":["post-6206","post","type-post","status-publish","format-standard","has-post-thumbnail","hentry","category-nacionales"],"_links":{"self":[{"href":"https:\/\/alminutonoticia.com\/noticias\/wp-json\/wp\/v2\/posts\/6206","targetHints":{"allow":["GET"]}}],"collection":[{"href":"https:\/\/alminutonoticia.com\/noticias\/wp-json\/wp\/v2\/posts"}],"about":[{"href":"https:\/\/alminutonoticia.com\/noticias\/wp-json\/wp\/v2\/types\/post"}],"author":[{"embeddable":true,"href":"https:\/\/alminutonoticia.com\/noticias\/wp-json\/wp\/v2\/users\/3"}],"replies":[{"embeddable":true,"href":"https:\/\/alminutonoticia.com\/noticias\/wp-json\/wp\/v2\/comments?post=6206"}],"version-history":[{"count":1,"href":"https:\/\/alminutonoticia.com\/noticias\/wp-json\/wp\/v2\/posts\/6206\/revisions"}],"predecessor-version":[{"id":6209,"href":"https:\/\/alminutonoticia.com\/noticias\/wp-json\/wp\/v2\/posts\/6206\/revisions\/6209"}],"wp:featuredmedia":[{"embeddable":true,"href":"https:\/\/alminutonoticia.com\/noticias\/wp-json\/wp\/v2\/media\/6208"}],"wp:attachment":[{"href":"https:\/\/alminutonoticia.com\/noticias\/wp-json\/wp\/v2\/media?parent=6206"}],"wp:term":[{"taxonomy":"category","embeddable":true,"href":"https:\/\/alminutonoticia.com\/noticias\/wp-json\/wp\/v2\/categories?post=6206"},{"taxonomy":"post_tag","embeddable":true,"href":"https:\/\/alminutonoticia.com\/noticias\/wp-json\/wp\/v2\/tags?post=6206"}],"curies":[{"name":"wp","href":"https:\/\/api.w.org\/{rel}","templated":true}]}}