{"id":5954,"date":"2023-08-27T15:19:36","date_gmt":"2023-08-27T15:19:36","guid":{"rendered":"https:\/\/alminutonoticia.com\/noticias\/?p=5954"},"modified":"2023-08-27T15:19:37","modified_gmt":"2023-08-27T15:19:37","slug":"presentacion-del-primer-boletin-de-la-red-de-indicadores-de-genero-violencia-contra-la-mujeres-adolescentes-y-ninas","status":"publish","type":"post","link":"https:\/\/alminutonoticia.com\/noticias\/presentacion-del-primer-boletin-de-la-red-de-indicadores-de-genero-violencia-contra-la-mujeres-adolescentes-y-ninas\/","title":{"rendered":"Presentaci\u00f3n del Primer Bolet\u00edn de la Red de indicadores de G\u00e9nero: Violencia contra la mujeres, adolescentes y ni\u00f1as"},"content":{"rendered":"\n<p>Como resultado del trabajo en conjunto entre el Ministerio de la Mujer y&nbsp; ONU Mujeres para fortalecer las capacidades de las instituciones se present\u00f3 el \u201cPrimer Bolet\u00edn de la de la Red de Indicadores de G\u00e9nero: Violencia contra la mujeres, adolescentes y ni\u00f1as.<\/p>\n\n\n\n<p>El bolet\u00edn contiene datos relevantes relacionados a los delitos de femicidios, violencia dom\u00e9stica, contra la integridad y libertad sexual, proporcionados por el Ministerio P\u00fablico, \u00d3rgano Judicial, Ministerio de Salud y Ministerio de Seguridad.<\/p>\n\n\n\n<p>Estos datos permitir\u00e1n dimensionar el fen\u00f3meno de las expresiones de las violencias contra las mujeres en Panam\u00e1. Adem\u00e1s de beneficiar a las instancias que atienden a las v\u00edctimas de la violencia de g\u00e9nero, promueve la coordinaci\u00f3n interinstitucional, con otros organismos y la empresa privada.<\/p>\n\n\n\n<p>Esta importante informaci\u00f3n es el resultado de una serie de capacitaciones, talleres y mesas de trabajo por \u00e1rea tem\u00e1tica con el objetivo de mejorar la producci\u00f3n de datos estad\u00edsticos con enfoque de g\u00e9nero en el marco de la implementaci\u00f3n de los ODS y la Agenda 2030.<\/p>\n\n\n\n<p>\u201cSin datos confiables y oportunos las acciones, programas, proyectos y pol\u00edticas p\u00fablicas no presentaran la realidad actualizada de la poblaci\u00f3n. De all\u00ed, que el enfoque de g\u00e9nero en las estad\u00edsticas se convierte&nbsp; en una herramienta indispensable para identificar esas particularidades, en especial las referidas a las diferencias en las relaciones entre hombres y mujeres\u201d, dijo la ministra de la Mujer, Juana Herrera Ara\u00faz.<\/p>\n\n\n\n<p>Cabe destacar que a lo largo de este proceso de elaboraci\u00f3n del bolet\u00edn se ha contado con la asistencia t\u00e9cnica de la Dra. Silvina Ramos, consultora para ONUMUJERES, experta internacional en mediciones y elaboraci\u00f3n de indicadores de g\u00e9nero.<\/p>\n\n\n\n<p>Las Unidades de Homicidio y Femicidio del Ministerio P\u00fablico, informan que el n\u00famero de v\u00edctimas desde el a\u00f1o 2017 al a\u00f1o 2021 es similar en todo el per\u00edodo, salvo en el a\u00f1o 2020, durante el momento m\u00e1s complejo de la pandemia mundial por el virus del Covid-19, alcanzando la cifra de 31 femicidios.<\/p>\n\n\n\n<p>En cuanto a las edades de las v\u00edctimas de femicidio por a\u00f1o, el mayor porcentaje se verifica en la edad adulta con el 56% del total de los casos perpetrados a mujeres de 18 a 39 a\u00f1os, mientras que alrededor del 27% de las v\u00edctimas ten\u00edan 40 a\u00f1os o m\u00e1s.<\/p>\n\n\n\n<p>Datos adicionales a nivel provincial muestran que en el a\u00f1o 2022 las provincias de Chiriqu\u00ed y Col\u00f3n registraron un aumento de casos, la primera superando a la provincia de Panam\u00e1.<\/p>\n\n\n\n<p>El tipo de instrumento utilizado mayormente en los femicidios fue el arma blanca y en las muertes violentas de mujeres, las armas de fuego.<\/p>\n\n\n\n<p>Por otra parte, datos del Ministerio de Seguridad muestra que las mujeres y ni\u00f1as son m\u00e1s vulnerables a sufrir acoso y violaci\u00f3n sexual, maltrato o violencia dom\u00e9stica.<\/p>\n\n\n\n<p>Seg\u00fan el informe, la distribuci\u00f3n porcentual de v\u00edctimas femeninas registradas por el delito de violaci\u00f3n carnal, entre grupos de edad en el a\u00f1o 2021 se puede verificar que casi la mitad de las v\u00edctimas de este delito son j\u00f3venes de entre 15 y 25 a\u00f1os de edad, mientras que m\u00e1s de un tercio de las violaciones se produjeron contra ni\u00f1as menores de 15 a\u00f1os.<\/p>\n\n\n\n<p>Por su parte, datos del Ministerio de Salud, se\u00f1alan que la mayor\u00eda de las personas que acuden a buscar servicio son mujeres de diferentes edades, sin embargo, son las adolescentes mujeres en quienes recae en mayor medida este tipo de violencia.<\/p>\n\n\n\n<p>El Ministerio de Salud recopila adem\u00e1s informaci\u00f3n sobre las personas agresoras con el parentesco, donde el 40% de las personas que agreden a v\u00edctimas de sexo femenino son sus c\u00f3nyuges, y un tercio de estas personas es registrado con un v\u00ednculo \u201cno definido\u201d.<\/p>\n\n\n\n<p>El \u00d3rgano Judicial, instancia donde se recopilan los datos de las audiencias celebradas en los casos de violencia contra las mujeres y otras poblaciones vulneralizadas, destaca que la violencia dom\u00e9stica y los delitos sexuales tienen mayoritariamente v\u00edctimas mujeres: tres de cada cuatro casos.<\/p>\n\n\n\n<figure class=\"wp-block-image size-full\"><a href=\"https:\/\/alminutonoticia.com\/noticias\/wp-content\/uploads\/2023\/08\/WhatsApp-Image-2023-08-25-at-6.23.13-PM-2.jpeg\"><img fetchpriority=\"high\" decoding=\"async\" width=\"1024\" height=\"682\" src=\"https:\/\/alminutonoticia.com\/noticias\/wp-content\/uploads\/2023\/08\/WhatsApp-Image-2023-08-25-at-6.23.13-PM-2.jpeg\" alt=\"\" class=\"wp-image-5955\" title=\"\" srcset=\"https:\/\/alminutonoticia.com\/noticias\/wp-content\/uploads\/2023\/08\/WhatsApp-Image-2023-08-25-at-6.23.13-PM-2.jpeg 1024w, https:\/\/alminutonoticia.com\/noticias\/wp-content\/uploads\/2023\/08\/WhatsApp-Image-2023-08-25-at-6.23.13-PM-2-300x200.jpeg 300w, https:\/\/alminutonoticia.com\/noticias\/wp-content\/uploads\/2023\/08\/WhatsApp-Image-2023-08-25-at-6.23.13-PM-2-768x512.jpeg 768w\" sizes=\"(max-width: 1024px) 100vw, 1024px\" \/><\/a><\/figure>\n\n\n\n<figure class=\"wp-block-image size-full\"><a href=\"https:\/\/alminutonoticia.com\/noticias\/wp-content\/uploads\/2023\/08\/WhatsApp-Image-2023-08-25-at-6.23.13-PM-1.jpeg\"><img decoding=\"async\" width=\"1024\" height=\"682\" src=\"https:\/\/alminutonoticia.com\/noticias\/wp-content\/uploads\/2023\/08\/WhatsApp-Image-2023-08-25-at-6.23.13-PM-1.jpeg\" alt=\"\" class=\"wp-image-5957\" title=\"\" srcset=\"https:\/\/alminutonoticia.com\/noticias\/wp-content\/uploads\/2023\/08\/WhatsApp-Image-2023-08-25-at-6.23.13-PM-1.jpeg 1024w, https:\/\/alminutonoticia.com\/noticias\/wp-content\/uploads\/2023\/08\/WhatsApp-Image-2023-08-25-at-6.23.13-PM-1-300x200.jpeg 300w, https:\/\/alminutonoticia.com\/noticias\/wp-content\/uploads\/2023\/08\/WhatsApp-Image-2023-08-25-at-6.23.13-PM-1-768x512.jpeg 768w\" sizes=\"(max-width: 1024px) 100vw, 1024px\" \/><\/a><\/figure>\n","protected":false},"excerpt":{"rendered":"<p>Como resultado del trabajo en conjunto entre el Ministerio de la Mujer y&nbsp; ONU Mujeres para fortalecer las capacidades de las instituciones se present\u00f3 el \u201cPrimer Bolet\u00edn de la de la Red de Indicadores de G\u00e9nero: Violencia contra la mujeres, adolescentes y ni\u00f1as. El bolet\u00edn contiene datos relevantes relacionados a los delitos de femicidios, violencia [&hellip;]<\/p>\n","protected":false},"author":3,"featured_media":5957,"comment_status":"open","ping_status":"open","sticky":false,"template":"","format":"standard","meta":{"footnotes":""},"categories":[36],"tags":[],"class_list":["post-5954","post","type-post","status-publish","format-standard","has-post-thumbnail","hentry","category-nacionales"],"_links":{"self":[{"href":"https:\/\/alminutonoticia.com\/noticias\/wp-json\/wp\/v2\/posts\/5954","targetHints":{"allow":["GET"]}}],"collection":[{"href":"https:\/\/alminutonoticia.com\/noticias\/wp-json\/wp\/v2\/posts"}],"about":[{"href":"https:\/\/alminutonoticia.com\/noticias\/wp-json\/wp\/v2\/types\/post"}],"author":[{"embeddable":true,"href":"https:\/\/alminutonoticia.com\/noticias\/wp-json\/wp\/v2\/users\/3"}],"replies":[{"embeddable":true,"href":"https:\/\/alminutonoticia.com\/noticias\/wp-json\/wp\/v2\/comments?post=5954"}],"version-history":[{"count":1,"href":"https:\/\/alminutonoticia.com\/noticias\/wp-json\/wp\/v2\/posts\/5954\/revisions"}],"predecessor-version":[{"id":5958,"href":"https:\/\/alminutonoticia.com\/noticias\/wp-json\/wp\/v2\/posts\/5954\/revisions\/5958"}],"wp:featuredmedia":[{"embeddable":true,"href":"https:\/\/alminutonoticia.com\/noticias\/wp-json\/wp\/v2\/media\/5957"}],"wp:attachment":[{"href":"https:\/\/alminutonoticia.com\/noticias\/wp-json\/wp\/v2\/media?parent=5954"}],"wp:term":[{"taxonomy":"category","embeddable":true,"href":"https:\/\/alminutonoticia.com\/noticias\/wp-json\/wp\/v2\/categories?post=5954"},{"taxonomy":"post_tag","embeddable":true,"href":"https:\/\/alminutonoticia.com\/noticias\/wp-json\/wp\/v2\/tags?post=5954"}],"curies":[{"name":"wp","href":"https:\/\/api.w.org\/{rel}","templated":true}]}}