{"id":592,"date":"2023-01-09T09:42:52","date_gmt":"2023-01-09T09:42:52","guid":{"rendered":"https:\/\/alminutonoticia.com\/noticias\/?p=592"},"modified":"2023-01-09T09:42:52","modified_gmt":"2023-01-09T09:42:52","slug":"arzobispo-ulloa-insta-a-la-poblacion-a-unirse-al-compromiso-civico-de-ser-censados","status":"publish","type":"post","link":"https:\/\/alminutonoticia.com\/noticias\/arzobispo-ulloa-insta-a-la-poblacion-a-unirse-al-compromiso-civico-de-ser-censados\/","title":{"rendered":"Arzobispo Ulloa insta a la poblaci\u00f3n a unirse al compromiso c\u00edvico de ser censados"},"content":{"rendered":"\n<p>El arzobispo de Panam\u00e1, Jos\u00e9 Domingo Ulloa, durante la homil\u00eda de este domingo, hizo un llamado a la poblaci\u00f3n en general a participar de los Censos Nacionales D\u00e9cada 2020, que arranc\u00f3 con el despliegue de casi 10,000 empadronadores y supervisores a nivel nacional.<\/p>\n\n\n\n<p>\u201cHoy Panam\u00e1 enfrenta un nuevo reto comunitario con el inicio de los Censos de Poblaci\u00f3n y Vivienda. Como pueblo y cristianos, no podemos pasar por alto la responsabilidad que tenemos de participar en este proyecto que tiene como lema \u201c\u00c1brele la puerta a los Censos\u201d, mencion\u00f3 el arzobispo durante la eucar\u00edstica televisada en La Catedral Bas\u00edlica Santa Mar\u00eda la Antigua.<\/p>\n\n\n\n<p>La m\u00e1xima autoridad de la Iglesia Cat\u00f3lica tambi\u00e9n recalc\u00f3 el compromiso de los feligreses de participar, tal como la familia de Jes\u00fas fue censada en su tiempo en Bel\u00e9n.<br>\u201cRecordemos que en la tradici\u00f3n jud\u00eda eran com\u00fan los censos y la participaci\u00f3n del pueblo. As\u00ed como la familia de Nazaret fue censada, y Jos\u00e9 sali\u00f3 de Galilea a Nazaret para cumplir con el compromiso de empadronarse, hoy estamos llamados a cumplir con esta responsabilidad. Se nos pide que, en caso de no estar en casa, dejemos un informante adecuado con la copia de nuestra c\u00e9dula\u201d, resalt\u00f3 el l\u00edder cat\u00f3lico.<br>El Arzobispo sostuvo que el censo es un \u201cesfuerzo de la naci\u00f3n por conocerse a s\u00ed misma\u201d, dado que significa una inversi\u00f3n compleja y que debe ser transparente.<\/p>\n\n\n\n<p>El contralor Gerardo Sol\u00eds, ha mencionado reiteradas ocasiones, que este proceso estad\u00edstico tiene como prop\u00f3sito la actualizaci\u00f3n de la data poblacional, con el fin de crear pol\u00edticas p\u00fablicas y planes de acuerdo a las necesidades del pa\u00eds.<\/p>\n\n\n\n<p>Los Censos Nacionales XII de Poblaci\u00f3n y VIII de Vivienda, finalizar\u00e1n el 4 de marzo de 2023, bajo la organizaci\u00f3n del Instituto Nacional de Estad\u00edstica y Censo (INEC) de la Contralor\u00eda General de la Rep\u00fablica (CGR).<\/p>\n\n\n\n<figure class=\"wp-block-image size-large\"><a href=\"https:\/\/alminutonoticia.com\/noticias\/wp-content\/uploads\/2023\/01\/image00004-mod.webp\"><img fetchpriority=\"high\" decoding=\"async\" width=\"1024\" height=\"731\" src=\"https:\/\/alminutonoticia.com\/noticias\/wp-content\/uploads\/2023\/01\/image00004-mod-1024x731.webp\" alt=\"\" class=\"wp-image-593\" title=\"\" srcset=\"https:\/\/alminutonoticia.com\/noticias\/wp-content\/uploads\/2023\/01\/image00004-mod-1024x731.webp 1024w, https:\/\/alminutonoticia.com\/noticias\/wp-content\/uploads\/2023\/01\/image00004-mod-300x214.webp 300w, https:\/\/alminutonoticia.com\/noticias\/wp-content\/uploads\/2023\/01\/image00004-mod-768x548.webp 768w, https:\/\/alminutonoticia.com\/noticias\/wp-content\/uploads\/2023\/01\/image00004-mod.webp 1200w\" sizes=\"(max-width: 1024px) 100vw, 1024px\" \/><\/a><\/figure>\n\n\n\n<figure class=\"wp-block-image size-large\"><a href=\"https:\/\/alminutonoticia.com\/noticias\/wp-content\/uploads\/2023\/01\/image00005-mod.webp\"><img decoding=\"async\" width=\"1024\" height=\"768\" src=\"https:\/\/alminutonoticia.com\/noticias\/wp-content\/uploads\/2023\/01\/image00005-mod-1024x768.webp\" alt=\"\" class=\"wp-image-594\" title=\"\" srcset=\"https:\/\/alminutonoticia.com\/noticias\/wp-content\/uploads\/2023\/01\/image00005-mod-1024x768.webp 1024w, https:\/\/alminutonoticia.com\/noticias\/wp-content\/uploads\/2023\/01\/image00005-mod-300x225.webp 300w, https:\/\/alminutonoticia.com\/noticias\/wp-content\/uploads\/2023\/01\/image00005-mod-768x576.webp 768w, https:\/\/alminutonoticia.com\/noticias\/wp-content\/uploads\/2023\/01\/image00005-mod.webp 1200w\" sizes=\"(max-width: 1024px) 100vw, 1024px\" \/><\/a><\/figure>\n\n\n\n<figure class=\"wp-block-image size-large\"><a href=\"https:\/\/alminutonoticia.com\/noticias\/wp-content\/uploads\/2023\/01\/image00006-mod.webp\"><img decoding=\"async\" width=\"1024\" height=\"683\" src=\"https:\/\/alminutonoticia.com\/noticias\/wp-content\/uploads\/2023\/01\/image00006-mod-1024x683.webp\" alt=\"\" class=\"wp-image-595\" title=\"\" srcset=\"https:\/\/alminutonoticia.com\/noticias\/wp-content\/uploads\/2023\/01\/image00006-mod-1024x683.webp 1024w, https:\/\/alminutonoticia.com\/noticias\/wp-content\/uploads\/2023\/01\/image00006-mod-300x200.webp 300w, https:\/\/alminutonoticia.com\/noticias\/wp-content\/uploads\/2023\/01\/image00006-mod-768x512.webp 768w, https:\/\/alminutonoticia.com\/noticias\/wp-content\/uploads\/2023\/01\/image00006-mod.webp 1200w\" sizes=\"(max-width: 1024px) 100vw, 1024px\" \/><\/a><\/figure>\n\n\n\n<figure class=\"wp-block-image size-large\"><a href=\"https:\/\/alminutonoticia.com\/noticias\/wp-content\/uploads\/2023\/01\/image00008-mod.webp\"><img loading=\"lazy\" decoding=\"async\" width=\"1024\" height=\"768\" src=\"https:\/\/alminutonoticia.com\/noticias\/wp-content\/uploads\/2023\/01\/image00008-mod-1024x768.webp\" alt=\"\" class=\"wp-image-596\" title=\"\" srcset=\"https:\/\/alminutonoticia.com\/noticias\/wp-content\/uploads\/2023\/01\/image00008-mod-1024x768.webp 1024w, https:\/\/alminutonoticia.com\/noticias\/wp-content\/uploads\/2023\/01\/image00008-mod-300x225.webp 300w, https:\/\/alminutonoticia.com\/noticias\/wp-content\/uploads\/2023\/01\/image00008-mod-768x576.webp 768w, https:\/\/alminutonoticia.com\/noticias\/wp-content\/uploads\/2023\/01\/image00008-mod.webp 1200w\" sizes=\"(max-width: 1024px) 100vw, 1024px\" \/><\/a><\/figure>\n","protected":false},"excerpt":{"rendered":"<p>El arzobispo de Panam\u00e1, Jos\u00e9 Domingo Ulloa, durante la homil\u00eda de este domingo, hizo un llamado a la poblaci\u00f3n en general a participar de los Censos Nacionales D\u00e9cada 2020, que arranc\u00f3 con el despliegue de casi 10,000 empadronadores y supervisores a nivel nacional. \u201cHoy Panam\u00e1 enfrenta un nuevo reto comunitario con el inicio de los [&hellip;]<\/p>\n","protected":false},"author":3,"featured_media":595,"comment_status":"open","ping_status":"open","sticky":false,"template":"","format":"standard","meta":{"footnotes":""},"categories":[38,36],"tags":[],"class_list":["post-592","post","type-post","status-publish","format-standard","has-post-thumbnail","hentry","category-economia","category-nacionales"],"_links":{"self":[{"href":"https:\/\/alminutonoticia.com\/noticias\/wp-json\/wp\/v2\/posts\/592","targetHints":{"allow":["GET"]}}],"collection":[{"href":"https:\/\/alminutonoticia.com\/noticias\/wp-json\/wp\/v2\/posts"}],"about":[{"href":"https:\/\/alminutonoticia.com\/noticias\/wp-json\/wp\/v2\/types\/post"}],"author":[{"embeddable":true,"href":"https:\/\/alminutonoticia.com\/noticias\/wp-json\/wp\/v2\/users\/3"}],"replies":[{"embeddable":true,"href":"https:\/\/alminutonoticia.com\/noticias\/wp-json\/wp\/v2\/comments?post=592"}],"version-history":[{"count":1,"href":"https:\/\/alminutonoticia.com\/noticias\/wp-json\/wp\/v2\/posts\/592\/revisions"}],"predecessor-version":[{"id":597,"href":"https:\/\/alminutonoticia.com\/noticias\/wp-json\/wp\/v2\/posts\/592\/revisions\/597"}],"wp:featuredmedia":[{"embeddable":true,"href":"https:\/\/alminutonoticia.com\/noticias\/wp-json\/wp\/v2\/media\/595"}],"wp:attachment":[{"href":"https:\/\/alminutonoticia.com\/noticias\/wp-json\/wp\/v2\/media?parent=592"}],"wp:term":[{"taxonomy":"category","embeddable":true,"href":"https:\/\/alminutonoticia.com\/noticias\/wp-json\/wp\/v2\/categories?post=592"},{"taxonomy":"post_tag","embeddable":true,"href":"https:\/\/alminutonoticia.com\/noticias\/wp-json\/wp\/v2\/tags?post=592"}],"curies":[{"name":"wp","href":"https:\/\/api.w.org\/{rel}","templated":true}]}}