{"id":5919,"date":"2023-08-24T01:58:58","date_gmt":"2023-08-24T01:58:58","guid":{"rendered":"https:\/\/alminutonoticia.com\/noticias\/?p=5919"},"modified":"2023-08-24T01:58:59","modified_gmt":"2023-08-24T01:58:59","slug":"gabinete-aprueba-b-32-millones-para-cancelar-ajuste-salarial-pendiente-con-mas-de-46-mil-docentes","status":"publish","type":"post","link":"https:\/\/alminutonoticia.com\/noticias\/gabinete-aprueba-b-32-millones-para-cancelar-ajuste-salarial-pendiente-con-mas-de-46-mil-docentes\/","title":{"rendered":"Gabinete aprueba B\/.32 millones para cancelar ajuste salarial pendiente con m\u00e1s de 46 mil docentes"},"content":{"rendered":"\n<p>El Consejo de Gabinete, encabezado por el presidente de la Rep\u00fablica, Laurentino Cortizo Cohen aprob\u00f3 un cr\u00e9dito adicional al Presupuesto General del Estado 2023 por m\u00e1s de B\/.32 millones para el Ministerio de Educaci\u00f3n (Meduca) con el fin de cancelar un aumento salarial pendiente con los educadores y que no hab\u00eda sido cumplido por pasadas administraciones.<\/p>\n\n\n\n<p>El aumento salarial a los educadores es un esfuerzo del Gobierno Nacional para atender deudas contra\u00eddas con los docentes por pasadas administraciones gubernamentales. La suma total del cr\u00e9dito es por el total de B\/. 32,190.365.00 y beneficia a un total de a 46 mil 307 docentes.<\/p>\n\n\n\n<p>Con esta medida se paga el aumento salarial acordado en 2014, es decir, cancelar\u00e1 los meses de enero y de febrero del aumento salarial que correspond\u00eda al 2020 y se respeta los acuerdos alcanzado en mayo pasado entre el Meduca y m\u00e1s de 26 gremios magisteriales.<\/p>\n\n\n\n<p>Con el fin de proteger la industria nacional de la palma aceitera, el Consejo de Ministros aprob\u00f3 una modificaci\u00f3n al arancel nacional de este producto para protegerlo de las importaciones de grandes vol\u00famenes de mezclas de aceite bajo la fracci\u00f3n arancelaria asignado a la palma aceitera.<\/p>\n\n\n\n<p>El ministro de Comercio e Industrias, Federico Alfaro Boyd explic\u00f3 que tras reuniones de la Comisi\u00f3n Interinstitucional de Defensa de la Producci\u00f3n Nacional se lleg\u00f3 a un acuerdo para aumentar a 20% el derecho aduanero de importaci\u00f3n aplicado a la fracci\u00f3n arancelaria de la palma aceitera.<\/p>\n\n\n\n<p>Tambi\u00e9n el Gabinete aprob\u00f3 un cr\u00e9dito adicional por B\/.80 millones a favor del Aeropuerto Internacional de Tocumen, S.A. con el objetivo de reforzar el Presupuesto de Inversiones con el prop\u00f3sito de garantizar que la terminal a\u00e9rea siga siendo un proveedor l\u00edder en la regi\u00f3n de los servicios de pasajeros y carga. Los recursos ser\u00e1n destinados estrictamente para obras que garantizan operaciones y seguridad del aeropuerto.<\/p>\n\n\n\n<p>En la sesi\u00f3n, la ministra de Desarrollo Social, Mar\u00eda In\u00e9s Castillo hizo la presentaci\u00f3n del plan Piloto de la Segunda Encuesta Nacional de Discapacidad (ENDIS-2); con la realizaci\u00f3n de la encuesta programada para el primer trimestre del 2024 se cumple con la acci\u00f3n 81 del Plan de Gobierno, y al art\u00edculo 31 de la Convenci\u00f3n sobre los Derechos de las Personas con Discapacidad.<\/p>\n\n\n\n<p>Esta nueva encuesta, se convertir\u00e1 en punto de apoyo fundamental en la gesti\u00f3n de pol\u00edticas p\u00fablicas para la inclusi\u00f3n social de las personas con discapacidad y sus familias, explic\u00f3 la ministra.<\/p>\n\n\n\n<p>Adem\u00e1s, la directora del Servicio Nacional de Migraci\u00f3n (SNM), Samira Gozaine y el director del Servicio Nacional de Fronteras (Senafront), Jorge Gobea hicieron una presentaci\u00f3n actualizada de la situaci\u00f3n migratoria en la que destacaron el recrudecimiento del flujo irregular de personas por la selva de Dari\u00e9n con sus efectos negativos en el ambiente, salud de la regi\u00f3n y el estilo de vida de los grupos originarios.<\/p>\n\n\n\n<p>Gozaine explic\u00f3 que en el a\u00f1o 2016 se report\u00f3 el paso de 25,407 migrantes irregulares y para este a\u00f1o ya se han desplazado m\u00e1s de 308 mil personas por Dari\u00e9n con una proyecci\u00f3n que puede alcanzar el medio mill\u00f3n de personas.<\/p>\n\n\n\n<p>Gobea se\u00f1al\u00f3 los efectos de la migraci\u00f3n irregular en la seguridad ambiental, en la salud, as\u00ed como en los cambios de estilo de vidas de los grupos originarios, principalmente en las comunidades de Bajo Chiquito y Membrillo.<\/p>\n\n\n\n<figure class=\"wp-block-image size-full\"><a href=\"https:\/\/alminutonoticia.com\/noticias\/wp-content\/uploads\/2023\/08\/WhatsApp-Image-2023-08-23-at-6.23.03-PM.jpeg\"><img fetchpriority=\"high\" decoding=\"async\" width=\"1024\" height=\"682\" src=\"https:\/\/alminutonoticia.com\/noticias\/wp-content\/uploads\/2023\/08\/WhatsApp-Image-2023-08-23-at-6.23.03-PM.jpeg\" alt=\"\" class=\"wp-image-5920\" title=\"\" srcset=\"https:\/\/alminutonoticia.com\/noticias\/wp-content\/uploads\/2023\/08\/WhatsApp-Image-2023-08-23-at-6.23.03-PM.jpeg 1024w, https:\/\/alminutonoticia.com\/noticias\/wp-content\/uploads\/2023\/08\/WhatsApp-Image-2023-08-23-at-6.23.03-PM-300x200.jpeg 300w, https:\/\/alminutonoticia.com\/noticias\/wp-content\/uploads\/2023\/08\/WhatsApp-Image-2023-08-23-at-6.23.03-PM-768x512.jpeg 768w\" sizes=\"(max-width: 1024px) 100vw, 1024px\" \/><\/a><\/figure>\n\n\n\n<figure class=\"wp-block-image size-full\"><a href=\"https:\/\/alminutonoticia.com\/noticias\/wp-content\/uploads\/2023\/08\/WhatsApp-Image-2023-08-23-at-6.23.02-PM.jpeg\"><img decoding=\"async\" width=\"1024\" height=\"682\" src=\"https:\/\/alminutonoticia.com\/noticias\/wp-content\/uploads\/2023\/08\/WhatsApp-Image-2023-08-23-at-6.23.02-PM.jpeg\" alt=\"\" class=\"wp-image-5921\" title=\"\" srcset=\"https:\/\/alminutonoticia.com\/noticias\/wp-content\/uploads\/2023\/08\/WhatsApp-Image-2023-08-23-at-6.23.02-PM.jpeg 1024w, https:\/\/alminutonoticia.com\/noticias\/wp-content\/uploads\/2023\/08\/WhatsApp-Image-2023-08-23-at-6.23.02-PM-300x200.jpeg 300w, https:\/\/alminutonoticia.com\/noticias\/wp-content\/uploads\/2023\/08\/WhatsApp-Image-2023-08-23-at-6.23.02-PM-768x512.jpeg 768w\" sizes=\"(max-width: 1024px) 100vw, 1024px\" \/><\/a><\/figure>\n\n\n\n<figure class=\"wp-block-image size-full\"><a href=\"https:\/\/alminutonoticia.com\/noticias\/wp-content\/uploads\/2023\/08\/WhatsApp-Image-2023-08-23-at-6.23.01-PM.jpeg\"><img decoding=\"async\" width=\"1024\" height=\"682\" src=\"https:\/\/alminutonoticia.com\/noticias\/wp-content\/uploads\/2023\/08\/WhatsApp-Image-2023-08-23-at-6.23.01-PM.jpeg\" alt=\"\" class=\"wp-image-5922\" title=\"\" srcset=\"https:\/\/alminutonoticia.com\/noticias\/wp-content\/uploads\/2023\/08\/WhatsApp-Image-2023-08-23-at-6.23.01-PM.jpeg 1024w, https:\/\/alminutonoticia.com\/noticias\/wp-content\/uploads\/2023\/08\/WhatsApp-Image-2023-08-23-at-6.23.01-PM-300x200.jpeg 300w, https:\/\/alminutonoticia.com\/noticias\/wp-content\/uploads\/2023\/08\/WhatsApp-Image-2023-08-23-at-6.23.01-PM-768x512.jpeg 768w\" sizes=\"(max-width: 1024px) 100vw, 1024px\" \/><\/a><\/figure>\n","protected":false},"excerpt":{"rendered":"<p>El Consejo de Gabinete, encabezado por el presidente de la Rep\u00fablica, Laurentino Cortizo Cohen aprob\u00f3 un cr\u00e9dito adicional al Presupuesto General del Estado 2023 por m\u00e1s de B\/.32 millones para el Ministerio de Educaci\u00f3n (Meduca) con el fin de cancelar un aumento salarial pendiente con los educadores y que no hab\u00eda sido cumplido por pasadas [&hellip;]<\/p>\n","protected":false},"author":3,"featured_media":5920,"comment_status":"open","ping_status":"open","sticky":false,"template":"","format":"standard","meta":{"footnotes":""},"categories":[36],"tags":[],"class_list":["post-5919","post","type-post","status-publish","format-standard","has-post-thumbnail","hentry","category-nacionales"],"_links":{"self":[{"href":"https:\/\/alminutonoticia.com\/noticias\/wp-json\/wp\/v2\/posts\/5919","targetHints":{"allow":["GET"]}}],"collection":[{"href":"https:\/\/alminutonoticia.com\/noticias\/wp-json\/wp\/v2\/posts"}],"about":[{"href":"https:\/\/alminutonoticia.com\/noticias\/wp-json\/wp\/v2\/types\/post"}],"author":[{"embeddable":true,"href":"https:\/\/alminutonoticia.com\/noticias\/wp-json\/wp\/v2\/users\/3"}],"replies":[{"embeddable":true,"href":"https:\/\/alminutonoticia.com\/noticias\/wp-json\/wp\/v2\/comments?post=5919"}],"version-history":[{"count":1,"href":"https:\/\/alminutonoticia.com\/noticias\/wp-json\/wp\/v2\/posts\/5919\/revisions"}],"predecessor-version":[{"id":5923,"href":"https:\/\/alminutonoticia.com\/noticias\/wp-json\/wp\/v2\/posts\/5919\/revisions\/5923"}],"wp:featuredmedia":[{"embeddable":true,"href":"https:\/\/alminutonoticia.com\/noticias\/wp-json\/wp\/v2\/media\/5920"}],"wp:attachment":[{"href":"https:\/\/alminutonoticia.com\/noticias\/wp-json\/wp\/v2\/media?parent=5919"}],"wp:term":[{"taxonomy":"category","embeddable":true,"href":"https:\/\/alminutonoticia.com\/noticias\/wp-json\/wp\/v2\/categories?post=5919"},{"taxonomy":"post_tag","embeddable":true,"href":"https:\/\/alminutonoticia.com\/noticias\/wp-json\/wp\/v2\/tags?post=5919"}],"curies":[{"name":"wp","href":"https:\/\/api.w.org\/{rel}","templated":true}]}}