{"id":5878,"date":"2023-08-23T11:35:11","date_gmt":"2023-08-23T11:35:11","guid":{"rendered":"https:\/\/alminutonoticia.com\/noticias\/?p=5878"},"modified":"2023-08-23T11:35:12","modified_gmt":"2023-08-23T11:35:12","slug":"panama-y-estados-unidos-fortalecen-cooperacion-en-seguridad-maritima-y-migracion-irregular","status":"publish","type":"post","link":"https:\/\/alminutonoticia.com\/noticias\/panama-y-estados-unidos-fortalecen-cooperacion-en-seguridad-maritima-y-migracion-irregular\/","title":{"rendered":"Panam\u00e1 y Estados Unidos fortalecen cooperaci\u00f3n en seguridad mar\u00edtima y migraci\u00f3n irregular"},"content":{"rendered":"\n<p>El presidente de la Rep\u00fablica, Laurentino Cortizo Cohen recibi\u00f3 esta tarde a los congresistas Salud Carbajal y Hillary Scholten, y a la comandante de la Guardia Costera de EE.UU, la almirante Linda Fagan con quienes abord\u00f3 temas de narcotr\u00e1fico, pesca ilegal, fortalecimiento de la cooperaci\u00f3n en seguridad mar\u00edtima y tratamiento de la migraci\u00f3n irregular.<\/p>\n\n\n\n<p>El jefe del Ejecutivo destac\u00f3 que Estados Unidos es un aliado clave en la prevenci\u00f3n y lucha contra el crimen organizado para enfrentar el desaf\u00edo del narcotr\u00e1fico y la migraci\u00f3n irregular en la regi\u00f3n.<\/p>\n\n\n\n<p>\u201cEstamos preocupados el incremento de personas que ponen su vida en riesgo cruzando Parque Nacional Dari\u00e9n. Necesitamos mucha ayuda para atender esta situaci\u00f3n\u201d.&nbsp; En este sentido agreg\u00f3 que \u201cColombia no nos est\u00e1 prestando la ayuda que necesitamos\u201d.<\/p>\n\n\n\n<p>M\u00e1s de 300,000 migrantes irregulares han ingresado al Parque Nacional Dari\u00e9n en lo que va de 2023, superando los ingresos hist\u00f3ricos de 2021 (133,726) y 2022 (248,284). &nbsp;El ingreso diario de personas por el Dari\u00e9n promedia entre 2,500 y 3,000.<\/p>\n\n\n\n<p>Por otro lado, Cortizo Cohen destac\u00f3 que Panam\u00e1 registra un r\u00e9cord de incautaci\u00f3n de drogas de 467,4 toneladas.<\/p>\n\n\n\n<p>Los congresistas dem\u00f3cratas agradecieron la hospitalidad y la buena disponibilidad de las autoridades paname\u00f1as para articular esfuerzos que permitan fortalecer la hist\u00f3rica relaci\u00f3n entre Panam\u00e1 y Estados Unidos.<\/p>\n\n\n\n<p>Entre los asistentes a la reuni\u00f3n estuvieron Mari Carmen Aponte, embajadora de los Estados Unidos en Panam\u00e1; la ministra de Relaciones Exteriores, Janaina Tewaney Mencomo; el ministro de Seguridad, Juan Manuel Pino y el jefe de Gabinete, Saleh Asvat.<\/p>\n\n\n\n<figure class=\"wp-block-image size-full\"><a href=\"https:\/\/alminutonoticia.com\/noticias\/wp-content\/uploads\/2023\/08\/WhatsApp-Image-2023-08-22-at-4.43.39-PM.jpeg\"><img fetchpriority=\"high\" decoding=\"async\" width=\"1024\" height=\"682\" src=\"https:\/\/alminutonoticia.com\/noticias\/wp-content\/uploads\/2023\/08\/WhatsApp-Image-2023-08-22-at-4.43.39-PM.jpeg\" alt=\"\" class=\"wp-image-5879\" title=\"\" srcset=\"https:\/\/alminutonoticia.com\/noticias\/wp-content\/uploads\/2023\/08\/WhatsApp-Image-2023-08-22-at-4.43.39-PM.jpeg 1024w, https:\/\/alminutonoticia.com\/noticias\/wp-content\/uploads\/2023\/08\/WhatsApp-Image-2023-08-22-at-4.43.39-PM-300x200.jpeg 300w, https:\/\/alminutonoticia.com\/noticias\/wp-content\/uploads\/2023\/08\/WhatsApp-Image-2023-08-22-at-4.43.39-PM-768x512.jpeg 768w\" sizes=\"(max-width: 1024px) 100vw, 1024px\" \/><\/a><\/figure>\n\n\n\n<figure class=\"wp-block-image size-full\"><a href=\"https:\/\/alminutonoticia.com\/noticias\/wp-content\/uploads\/2023\/08\/WhatsApp-Image-2023-08-22-at-4.43.38-PM.jpeg\"><img decoding=\"async\" width=\"1024\" height=\"682\" src=\"https:\/\/alminutonoticia.com\/noticias\/wp-content\/uploads\/2023\/08\/WhatsApp-Image-2023-08-22-at-4.43.38-PM.jpeg\" alt=\"\" class=\"wp-image-5880\" title=\"\" srcset=\"https:\/\/alminutonoticia.com\/noticias\/wp-content\/uploads\/2023\/08\/WhatsApp-Image-2023-08-22-at-4.43.38-PM.jpeg 1024w, https:\/\/alminutonoticia.com\/noticias\/wp-content\/uploads\/2023\/08\/WhatsApp-Image-2023-08-22-at-4.43.38-PM-300x200.jpeg 300w, https:\/\/alminutonoticia.com\/noticias\/wp-content\/uploads\/2023\/08\/WhatsApp-Image-2023-08-22-at-4.43.38-PM-768x512.jpeg 768w\" sizes=\"(max-width: 1024px) 100vw, 1024px\" \/><\/a><\/figure>\n\n\n\n<figure class=\"wp-block-image size-full\"><a href=\"https:\/\/alminutonoticia.com\/noticias\/wp-content\/uploads\/2023\/08\/WhatsApp-Image-2023-08-22-at-4.43.35-PM.jpeg\"><img decoding=\"async\" width=\"1024\" height=\"682\" src=\"https:\/\/alminutonoticia.com\/noticias\/wp-content\/uploads\/2023\/08\/WhatsApp-Image-2023-08-22-at-4.43.35-PM.jpeg\" alt=\"\" class=\"wp-image-5881\" title=\"\" srcset=\"https:\/\/alminutonoticia.com\/noticias\/wp-content\/uploads\/2023\/08\/WhatsApp-Image-2023-08-22-at-4.43.35-PM.jpeg 1024w, https:\/\/alminutonoticia.com\/noticias\/wp-content\/uploads\/2023\/08\/WhatsApp-Image-2023-08-22-at-4.43.35-PM-300x200.jpeg 300w, https:\/\/alminutonoticia.com\/noticias\/wp-content\/uploads\/2023\/08\/WhatsApp-Image-2023-08-22-at-4.43.35-PM-768x512.jpeg 768w\" sizes=\"(max-width: 1024px) 100vw, 1024px\" \/><\/a><\/figure>\n","protected":false},"excerpt":{"rendered":"<p>El presidente de la Rep\u00fablica, Laurentino Cortizo Cohen recibi\u00f3 esta tarde a los congresistas Salud Carbajal y Hillary Scholten, y a la comandante de la Guardia Costera de EE.UU, la almirante Linda Fagan con quienes abord\u00f3 temas de narcotr\u00e1fico, pesca ilegal, fortalecimiento de la cooperaci\u00f3n en seguridad mar\u00edtima y tratamiento de la migraci\u00f3n irregular. El [&hellip;]<\/p>\n","protected":false},"author":3,"featured_media":5881,"comment_status":"open","ping_status":"open","sticky":false,"template":"","format":"standard","meta":{"footnotes":""},"categories":[39,36],"tags":[],"class_list":["post-5878","post","type-post","status-publish","format-standard","has-post-thumbnail","hentry","category-internacionales","category-nacionales"],"_links":{"self":[{"href":"https:\/\/alminutonoticia.com\/noticias\/wp-json\/wp\/v2\/posts\/5878","targetHints":{"allow":["GET"]}}],"collection":[{"href":"https:\/\/alminutonoticia.com\/noticias\/wp-json\/wp\/v2\/posts"}],"about":[{"href":"https:\/\/alminutonoticia.com\/noticias\/wp-json\/wp\/v2\/types\/post"}],"author":[{"embeddable":true,"href":"https:\/\/alminutonoticia.com\/noticias\/wp-json\/wp\/v2\/users\/3"}],"replies":[{"embeddable":true,"href":"https:\/\/alminutonoticia.com\/noticias\/wp-json\/wp\/v2\/comments?post=5878"}],"version-history":[{"count":1,"href":"https:\/\/alminutonoticia.com\/noticias\/wp-json\/wp\/v2\/posts\/5878\/revisions"}],"predecessor-version":[{"id":5882,"href":"https:\/\/alminutonoticia.com\/noticias\/wp-json\/wp\/v2\/posts\/5878\/revisions\/5882"}],"wp:featuredmedia":[{"embeddable":true,"href":"https:\/\/alminutonoticia.com\/noticias\/wp-json\/wp\/v2\/media\/5881"}],"wp:attachment":[{"href":"https:\/\/alminutonoticia.com\/noticias\/wp-json\/wp\/v2\/media?parent=5878"}],"wp:term":[{"taxonomy":"category","embeddable":true,"href":"https:\/\/alminutonoticia.com\/noticias\/wp-json\/wp\/v2\/categories?post=5878"},{"taxonomy":"post_tag","embeddable":true,"href":"https:\/\/alminutonoticia.com\/noticias\/wp-json\/wp\/v2\/tags?post=5878"}],"curies":[{"name":"wp","href":"https:\/\/api.w.org\/{rel}","templated":true}]}}