{"id":5873,"date":"2023-08-23T11:32:28","date_gmt":"2023-08-23T11:32:28","guid":{"rendered":"https:\/\/alminutonoticia.com\/noticias\/?p=5873"},"modified":"2023-08-23T11:32:28","modified_gmt":"2023-08-23T11:32:28","slug":"liberan-brazo-de-privado-de-libertad-atrapado-mientras-hacia-una-tumba-en-el-centro-penitenciario-de-chiriqui","status":"publish","type":"post","link":"https:\/\/alminutonoticia.com\/noticias\/liberan-brazo-de-privado-de-libertad-atrapado-mientras-hacia-una-tumba-en-el-centro-penitenciario-de-chiriqui\/","title":{"rendered":"Liberan brazo de privado de libertad atrapado mientras hacia una \u00abtumba\u00bb en el centro penitenciario de Chiriqui"},"content":{"rendered":"\n<p>Unidades del Benem\u00e9rito Cuerpo de Bomberos liberaron este martes, 22 de agosto el brazo de un privado de libertad del pabell\u00f3n 4 del centro penitenciario de Chiriqu\u00ed, al quedar atrapado mientras estaba haciendo un escondiste de art\u00edculos prohibidos en el piso conocido como \u00abtumba\u00bb.<\/p>\n\n\n\n<p>Una vez reportada la situaci\u00f3n del privado de libertad, la Direcci\u00f3n General del Sistema Penitenciario procedi\u00f3 llamar a los bomberos, quienes realizaron las maniobras de rescate y brindaron los primeros auxilios al recluso. El privado de libertad fue llevado de urgencia al Hospital Regional de la ciudad de David, donde se eval\u00faa la condici\u00f3n de su brazo.<\/p>\n\n\n\n<p>El Sistema Penitenciario hace un llamado a la poblaci\u00f3n privada de libertad que cumplan las normas de seguridad establecidas en los centros penitenciarios, para evitar eventualidades como la ocurrida en Chiriqui, lo cual pone en riesgo sus propias vidas.<\/p>\n\n\n\n<figure class=\"wp-block-image size-large\"><a href=\"https:\/\/alminutonoticia.com\/noticias\/wp-content\/uploads\/2023\/08\/WhatsApp-Image-2023-08-22-at-4.11.39-PM-1.jpeg\"><img fetchpriority=\"high\" decoding=\"async\" width=\"1024\" height=\"576\" src=\"https:\/\/alminutonoticia.com\/noticias\/wp-content\/uploads\/2023\/08\/WhatsApp-Image-2023-08-22-at-4.11.39-PM-1-1024x576.jpeg\" alt=\"\" class=\"wp-image-5875\" title=\"\" srcset=\"https:\/\/alminutonoticia.com\/noticias\/wp-content\/uploads\/2023\/08\/WhatsApp-Image-2023-08-22-at-4.11.39-PM-1-1024x576.jpeg 1024w, https:\/\/alminutonoticia.com\/noticias\/wp-content\/uploads\/2023\/08\/WhatsApp-Image-2023-08-22-at-4.11.39-PM-1-300x169.jpeg 300w, https:\/\/alminutonoticia.com\/noticias\/wp-content\/uploads\/2023\/08\/WhatsApp-Image-2023-08-22-at-4.11.39-PM-1-768x432.jpeg 768w, https:\/\/alminutonoticia.com\/noticias\/wp-content\/uploads\/2023\/08\/WhatsApp-Image-2023-08-22-at-4.11.39-PM-1.jpeg 1032w\" sizes=\"(max-width: 1024px) 100vw, 1024px\" \/><\/a><\/figure>\n\n\n\n<figure class=\"wp-block-image size-large\"><a href=\"https:\/\/alminutonoticia.com\/noticias\/wp-content\/uploads\/2023\/08\/WhatsApp-Image-2023-08-22-at-4.11.39-PM.jpeg\"><img decoding=\"async\" width=\"1024\" height=\"576\" src=\"https:\/\/alminutonoticia.com\/noticias\/wp-content\/uploads\/2023\/08\/WhatsApp-Image-2023-08-22-at-4.11.39-PM-1024x576.jpeg\" alt=\"\" class=\"wp-image-5876\" title=\"\" srcset=\"https:\/\/alminutonoticia.com\/noticias\/wp-content\/uploads\/2023\/08\/WhatsApp-Image-2023-08-22-at-4.11.39-PM-1024x576.jpeg 1024w, https:\/\/alminutonoticia.com\/noticias\/wp-content\/uploads\/2023\/08\/WhatsApp-Image-2023-08-22-at-4.11.39-PM-300x169.jpeg 300w, https:\/\/alminutonoticia.com\/noticias\/wp-content\/uploads\/2023\/08\/WhatsApp-Image-2023-08-22-at-4.11.39-PM-768x432.jpeg 768w, https:\/\/alminutonoticia.com\/noticias\/wp-content\/uploads\/2023\/08\/WhatsApp-Image-2023-08-22-at-4.11.39-PM.jpeg 1032w\" sizes=\"(max-width: 1024px) 100vw, 1024px\" \/><\/a><\/figure>\n","protected":false},"excerpt":{"rendered":"<p>Unidades del Benem\u00e9rito Cuerpo de Bomberos liberaron este martes, 22 de agosto el brazo de un privado de libertad del pabell\u00f3n 4 del centro penitenciario de Chiriqu\u00ed, al quedar atrapado mientras estaba haciendo un escondiste de art\u00edculos prohibidos en el piso conocido como \u00abtumba\u00bb. Una vez reportada la situaci\u00f3n del privado de libertad, la Direcci\u00f3n [&hellip;]<\/p>\n","protected":false},"author":3,"featured_media":5876,"comment_status":"open","ping_status":"open","sticky":false,"template":"","format":"standard","meta":{"footnotes":""},"categories":[36],"tags":[],"class_list":["post-5873","post","type-post","status-publish","format-standard","has-post-thumbnail","hentry","category-nacionales"],"_links":{"self":[{"href":"https:\/\/alminutonoticia.com\/noticias\/wp-json\/wp\/v2\/posts\/5873","targetHints":{"allow":["GET"]}}],"collection":[{"href":"https:\/\/alminutonoticia.com\/noticias\/wp-json\/wp\/v2\/posts"}],"about":[{"href":"https:\/\/alminutonoticia.com\/noticias\/wp-json\/wp\/v2\/types\/post"}],"author":[{"embeddable":true,"href":"https:\/\/alminutonoticia.com\/noticias\/wp-json\/wp\/v2\/users\/3"}],"replies":[{"embeddable":true,"href":"https:\/\/alminutonoticia.com\/noticias\/wp-json\/wp\/v2\/comments?post=5873"}],"version-history":[{"count":1,"href":"https:\/\/alminutonoticia.com\/noticias\/wp-json\/wp\/v2\/posts\/5873\/revisions"}],"predecessor-version":[{"id":5877,"href":"https:\/\/alminutonoticia.com\/noticias\/wp-json\/wp\/v2\/posts\/5873\/revisions\/5877"}],"wp:featuredmedia":[{"embeddable":true,"href":"https:\/\/alminutonoticia.com\/noticias\/wp-json\/wp\/v2\/media\/5876"}],"wp:attachment":[{"href":"https:\/\/alminutonoticia.com\/noticias\/wp-json\/wp\/v2\/media?parent=5873"}],"wp:term":[{"taxonomy":"category","embeddable":true,"href":"https:\/\/alminutonoticia.com\/noticias\/wp-json\/wp\/v2\/categories?post=5873"},{"taxonomy":"post_tag","embeddable":true,"href":"https:\/\/alminutonoticia.com\/noticias\/wp-json\/wp\/v2\/tags?post=5873"}],"curies":[{"name":"wp","href":"https:\/\/api.w.org\/{rel}","templated":true}]}}