{"id":5846,"date":"2023-08-22T11:40:23","date_gmt":"2023-08-22T11:40:23","guid":{"rendered":"https:\/\/alminutonoticia.com\/noticias\/?p=5846"},"modified":"2023-08-22T11:40:24","modified_gmt":"2023-08-22T11:40:24","slug":"panama-participara-en-la-septima-asamblea-del-fondo-para-el-medio-ambiente-mundial","status":"publish","type":"post","link":"https:\/\/alminutonoticia.com\/noticias\/panama-participara-en-la-septima-asamblea-del-fondo-para-el-medio-ambiente-mundial\/","title":{"rendered":"Panam\u00e1 participar\u00e1 en la S\u00e9ptima Asamblea del Fondo para el Medio Ambiente Mundial"},"content":{"rendered":"\n<p>La viceministra de Ambiente de Panam\u00e1, Diana Laguna, estar\u00e1 presente en la S\u00e9ptima Asamblea del Fondo para el Medio Ambiente Mundial (FMAM, Global Environmental Programe en ingl\u00e9s, GEF), que reunir\u00e1 a l\u00edderes ambientales de 185 pa\u00edses en Vancouver, Canad\u00e1, del 22 al 26 de agosto de 2023.<\/p>\n\n\n\n<p>Esta asamblea contar\u00e1 con la participaci\u00f3n de ministros, funcionarios gubernamentales, l\u00edderes empresariales, ambientalistas, de agencias internacionales y convenciones ambientales junto con representantes de grupos juveniles, sociedad civil y pueblos ind\u00edgenas para discutir soluciones para garantizar un planeta saludable con personas saludables.<\/p>\n\n\n\n<p>La Asamblea del FMAM, que se re\u00fane cada 4 a\u00f1os, es el organismo mundial que coordina el financiamiento de los esfuerzos internacionales para abordar el cambio clim\u00e1tico, la p\u00e9rdida de biodiversidad, la contaminaci\u00f3n y las presiones sobre la salud de la Tierra y los oc\u00e9anos.<\/p>\n\n\n\n<p>Esta reuni\u00f3n llega en un momento de importante impulso diplom\u00e1tico, con la conclusi\u00f3n del acuerdo hist\u00f3rico sobre el Marco Global de Biodiversidad alcanzado en la Conferencia de las Naciones Unidas sobre la Diversidad Biol\u00f3gica (COP15) y la adopci\u00f3n del Tratado de Alta Mar en Nueva York, en marzo de 2023.<\/p>\n\n\n\n<p>Este impulso continuar\u00e1 en la Asamblea del FMAM, donde un resultado importante ser\u00e1 el lanzamiento del nuevo fondo Marco Mundial para la Diversidad Biol\u00f3gica, una fuente de financiaci\u00f3n muy necesaria para la protecci\u00f3n de las especies en peligro de extinci\u00f3n y sus ecosistemas. La creaci\u00f3n del fondo podr\u00eda abrir nuevas v\u00edas para el apoyo del sector privado y la filantrop\u00eda por la naturaleza.<\/p>\n\n\n\n<p>Carlos Manuel Rodr\u00edguez, director general y presidente del Fondo para el Medio Ambiente Mundial, destaca que \u201cesta reuni\u00f3n de gobiernos miembros y varios socios del FMAM nos brinda una oportunidad \u00fanica para aprovechar los avances recientes, incluidos los acuerdos largamente esperados sobre biodiversidad y alta mar, y garantizar que abordemos los apremiantes desaf\u00edos ambientales que enfrentamos de manera inclusiva y forma integrada\u201d.<\/p>\n\n\n\n<p>Durante la \u00faltima vigencia o ciclo de cooperaci\u00f3n del FMAM, Panam\u00e1 recibi\u00f3 la suma de 12 millones de balboas, que permitieron proyectos como el Programa de Peque\u00f1as Donaciones que se impulsa con el Programa de las Naciones Unidas para el Desarrollo (PNUD).<\/p>\n\n\n\n<figure class=\"wp-block-image size-large\"><a href=\"https:\/\/alminutonoticia.com\/noticias\/wp-content\/uploads\/2023\/08\/WhatsApp-Image-2023-08-21-at-2.59.42-PM-1.jpeg\"><img fetchpriority=\"high\" decoding=\"async\" width=\"1024\" height=\"573\" src=\"https:\/\/alminutonoticia.com\/noticias\/wp-content\/uploads\/2023\/08\/WhatsApp-Image-2023-08-21-at-2.59.42-PM-1-1024x573.jpeg\" alt=\"\" class=\"wp-image-5847\" title=\"\" srcset=\"https:\/\/alminutonoticia.com\/noticias\/wp-content\/uploads\/2023\/08\/WhatsApp-Image-2023-08-21-at-2.59.42-PM-1-1024x573.jpeg 1024w, https:\/\/alminutonoticia.com\/noticias\/wp-content\/uploads\/2023\/08\/WhatsApp-Image-2023-08-21-at-2.59.42-PM-1-300x168.jpeg 300w, https:\/\/alminutonoticia.com\/noticias\/wp-content\/uploads\/2023\/08\/WhatsApp-Image-2023-08-21-at-2.59.42-PM-1-768x430.jpeg 768w, https:\/\/alminutonoticia.com\/noticias\/wp-content\/uploads\/2023\/08\/WhatsApp-Image-2023-08-21-at-2.59.42-PM-1-1536x860.jpeg 1536w, https:\/\/alminutonoticia.com\/noticias\/wp-content\/uploads\/2023\/08\/WhatsApp-Image-2023-08-21-at-2.59.42-PM-1.jpeg 1600w\" sizes=\"(max-width: 1024px) 100vw, 1024px\" \/><\/a><\/figure>\n\n\n\n<figure class=\"wp-block-image size-large\"><a href=\"https:\/\/alminutonoticia.com\/noticias\/wp-content\/uploads\/2023\/08\/WhatsApp-Image-2023-08-21-at-2.59.41-PM.jpeg\"><img decoding=\"async\" width=\"1024\" height=\"573\" src=\"https:\/\/alminutonoticia.com\/noticias\/wp-content\/uploads\/2023\/08\/WhatsApp-Image-2023-08-21-at-2.59.41-PM-1024x573.jpeg\" alt=\"\" class=\"wp-image-5848\" title=\"\" srcset=\"https:\/\/alminutonoticia.com\/noticias\/wp-content\/uploads\/2023\/08\/WhatsApp-Image-2023-08-21-at-2.59.41-PM-1024x573.jpeg 1024w, https:\/\/alminutonoticia.com\/noticias\/wp-content\/uploads\/2023\/08\/WhatsApp-Image-2023-08-21-at-2.59.41-PM-300x168.jpeg 300w, https:\/\/alminutonoticia.com\/noticias\/wp-content\/uploads\/2023\/08\/WhatsApp-Image-2023-08-21-at-2.59.41-PM-768x430.jpeg 768w, https:\/\/alminutonoticia.com\/noticias\/wp-content\/uploads\/2023\/08\/WhatsApp-Image-2023-08-21-at-2.59.41-PM-1536x860.jpeg 1536w, https:\/\/alminutonoticia.com\/noticias\/wp-content\/uploads\/2023\/08\/WhatsApp-Image-2023-08-21-at-2.59.41-PM.jpeg 1600w\" sizes=\"(max-width: 1024px) 100vw, 1024px\" \/><\/a><\/figure>\n","protected":false},"excerpt":{"rendered":"<p>La viceministra de Ambiente de Panam\u00e1, Diana Laguna, estar\u00e1 presente en la S\u00e9ptima Asamblea del Fondo para el Medio Ambiente Mundial (FMAM, Global Environmental Programe en ingl\u00e9s, GEF), que reunir\u00e1 a l\u00edderes ambientales de 185 pa\u00edses en Vancouver, Canad\u00e1, del 22 al 26 de agosto de 2023. Esta asamblea contar\u00e1 con la participaci\u00f3n de ministros, [&hellip;]<\/p>\n","protected":false},"author":3,"featured_media":5847,"comment_status":"open","ping_status":"open","sticky":false,"template":"","format":"standard","meta":{"footnotes":""},"categories":[42,36],"tags":[],"class_list":["post-5846","post","type-post","status-publish","format-standard","has-post-thumbnail","hentry","category-ambiente","category-nacionales"],"_links":{"self":[{"href":"https:\/\/alminutonoticia.com\/noticias\/wp-json\/wp\/v2\/posts\/5846","targetHints":{"allow":["GET"]}}],"collection":[{"href":"https:\/\/alminutonoticia.com\/noticias\/wp-json\/wp\/v2\/posts"}],"about":[{"href":"https:\/\/alminutonoticia.com\/noticias\/wp-json\/wp\/v2\/types\/post"}],"author":[{"embeddable":true,"href":"https:\/\/alminutonoticia.com\/noticias\/wp-json\/wp\/v2\/users\/3"}],"replies":[{"embeddable":true,"href":"https:\/\/alminutonoticia.com\/noticias\/wp-json\/wp\/v2\/comments?post=5846"}],"version-history":[{"count":1,"href":"https:\/\/alminutonoticia.com\/noticias\/wp-json\/wp\/v2\/posts\/5846\/revisions"}],"predecessor-version":[{"id":5849,"href":"https:\/\/alminutonoticia.com\/noticias\/wp-json\/wp\/v2\/posts\/5846\/revisions\/5849"}],"wp:featuredmedia":[{"embeddable":true,"href":"https:\/\/alminutonoticia.com\/noticias\/wp-json\/wp\/v2\/media\/5847"}],"wp:attachment":[{"href":"https:\/\/alminutonoticia.com\/noticias\/wp-json\/wp\/v2\/media?parent=5846"}],"wp:term":[{"taxonomy":"category","embeddable":true,"href":"https:\/\/alminutonoticia.com\/noticias\/wp-json\/wp\/v2\/categories?post=5846"},{"taxonomy":"post_tag","embeddable":true,"href":"https:\/\/alminutonoticia.com\/noticias\/wp-json\/wp\/v2\/tags?post=5846"}],"curies":[{"name":"wp","href":"https:\/\/api.w.org\/{rel}","templated":true}]}}