{"id":5841,"date":"2023-08-22T11:37:47","date_gmt":"2023-08-22T11:37:47","guid":{"rendered":"https:\/\/alminutonoticia.com\/noticias\/?p=5841"},"modified":"2023-08-22T11:37:48","modified_gmt":"2023-08-22T11:37:48","slug":"revisan-proyecciones-meteorologicas-para-actividades-agricolas-y-pecuarias","status":"publish","type":"post","link":"https:\/\/alminutonoticia.com\/noticias\/revisan-proyecciones-meteorologicas-para-actividades-agricolas-y-pecuarias\/","title":{"rendered":"Revisan proyecciones meteorol\u00f3gicas para actividades agr\u00edcolas y pecuarias"},"content":{"rendered":"\n<p>Una jornada para analizar las proyecciones meteorol\u00f3gicas para las actividades agr\u00edcolas y pecuarias, se realiz\u00f3 en la provincia de Los Santos, liderada por el ministro de Desarrollo Agropecuario, Augusto Valderrama con la participaci\u00f3n de directivos de las diversas instituciones del sector agropecuario, del Instituto de Meteorolog\u00eda e Hidrolog\u00eda de Panam\u00e1 (IMHPA) y productores de diversos sectores productivos del pa\u00eds.<\/p>\n\n\n\n<p>Durante la actividad, Valderrama dijo que ya van varios meses desde el anuncio de la crisis del cambio clim\u00e1tico y de la llegada del Fen\u00f3meno de El Ni\u00f1o y desde entonces han estado mano a mano, el ministerio con los productores, brindando las \u00faltimas informaciones y predicciones para tomar las mejores decisiones, para que est\u00e9n informados y puedan estar preparados para esa dif\u00edcil situaci\u00f3n de crisis clim\u00e1tica que atraviesa hoy Panam\u00e1 y el mundo entero.<\/p>\n\n\n\n<p>Destac\u00f3 que uno de los retos en estos momentos es ver que se puede hacer en estos tres meses y que en eso se trabaja y que lo m\u00e1s estrat\u00e9gico es una pol\u00edtica a mediano y largo plazo sostenible de uso de agua y sostenibilidad de agua.<\/p>\n\n\n\n<p>Agradeci\u00f3 a los productores que participan de la actividad representando al sector arrocero, lechero, ganadero, maicero, cebollero y de tub\u00e9rculos de diferentes \u00e1reas del pa\u00eds, a quienes les dijo que la idea es mantenerse alineados, con todas las instituciones del sector, por mandato del presidente de la Rep\u00fablica Laurentino Cortizo Cohen, para tomar las acciones preventivas y de emergencia que se deban implementar para que esta crisis los afecte lo menos posible, al accionar medidas a tiempo de mitigaci\u00f3n y estar preparados porque como se ha venido repitiendo: \u201cA un productor preparado no se le secan las plantas ni se le muere el ganado\u201d.<\/p>\n\n\n\n<p>Se\u00f1al\u00f3 que hoy les toca enfrentar un nuevo reto, el que puede poner en peligro la existencia de la humanidad en este planeta sino se revierten r\u00e1pidamente los graves efectos del cambio clim\u00e1tico causado por el mal manejo de los recursos naturales.<\/p>\n\n\n\n<p>En la actividad la directora del IMHPA, Luz Graciela Calzadilla, inform\u00f3 que hay una disminuci\u00f3n de las precipitaciones en los meses de agosto y septiembre y que en octubre siempre ha sido el mes m\u00e1s lluvioso de Panam\u00e1 por lo que se espera una recuperaci\u00f3n en las precipitaciones en este mes y hay que aprovechar estos momentos para almacenarla.<\/p>\n\n\n\n<p>En tanto, Nivaldo Vargas, de la Direcci\u00f3n de Ingenier\u00eda Rural y Riego del MIDA, habl\u00f3 sobre los sistemas de captaci\u00f3n de agua y la importancia de aprovechar estos meses de lluvias para recolectar agua a fin de contar con este vital l\u00edquido para las plantaciones y los animales.<\/p>\n\n\n\n<p>Roy Fr\u00edas, secretario T\u00e9cnico del MIDA, expuso sobre los avances del Plan Sequ\u00eda que impulsa el Gobierno Nacional de apoyo a los productores nacionales.<\/p>\n\n\n\n<p>En la actividad participaron tambi\u00e9n el gobernador de Herrera, V\u00edctor Roca Cuan, Carlo Rognoni, director del Instituto de Mercadeo Agropecuario, Eric Ballesteros, director Regional del MIDA en Los Santos, Santos Mendoza, director del MIDA en Herrera, Dr. Avelino Ure\u00f1a, director Nacional de Ganader\u00eda, Jorge Rivas director Nacional de Agricultura y Virgilio Salazar, t\u00e9cnico de la Unidad Agroambiental y Cambio Clim\u00e1tico del MIDA.<\/p>\n\n\n\n<figure class=\"wp-block-image size-large\"><a href=\"https:\/\/alminutonoticia.com\/noticias\/wp-content\/uploads\/2023\/08\/WhatsApp-Image-2023-08-21-at-6.42.52-PM-1-scaled.jpeg\"><img fetchpriority=\"high\" decoding=\"async\" width=\"1024\" height=\"576\" src=\"https:\/\/alminutonoticia.com\/noticias\/wp-content\/uploads\/2023\/08\/WhatsApp-Image-2023-08-21-at-6.42.52-PM-1-1024x576.jpeg\" alt=\"\" class=\"wp-image-5842\" title=\"\" srcset=\"https:\/\/alminutonoticia.com\/noticias\/wp-content\/uploads\/2023\/08\/WhatsApp-Image-2023-08-21-at-6.42.52-PM-1-1024x576.jpeg 1024w, https:\/\/alminutonoticia.com\/noticias\/wp-content\/uploads\/2023\/08\/WhatsApp-Image-2023-08-21-at-6.42.52-PM-1-300x169.jpeg 300w, https:\/\/alminutonoticia.com\/noticias\/wp-content\/uploads\/2023\/08\/WhatsApp-Image-2023-08-21-at-6.42.52-PM-1-768x432.jpeg 768w, https:\/\/alminutonoticia.com\/noticias\/wp-content\/uploads\/2023\/08\/WhatsApp-Image-2023-08-21-at-6.42.52-PM-1-1536x864.jpeg 1536w, https:\/\/alminutonoticia.com\/noticias\/wp-content\/uploads\/2023\/08\/WhatsApp-Image-2023-08-21-at-6.42.52-PM-1-2048x1152.jpeg 2048w\" sizes=\"(max-width: 1024px) 100vw, 1024px\" \/><\/a><\/figure>\n\n\n\n<figure class=\"wp-block-image size-large\"><a href=\"https:\/\/alminutonoticia.com\/noticias\/wp-content\/uploads\/2023\/08\/WhatsApp-Image-2023-08-21-at-6.42.52-PM-scaled.jpeg\"><img decoding=\"async\" width=\"1024\" height=\"576\" src=\"https:\/\/alminutonoticia.com\/noticias\/wp-content\/uploads\/2023\/08\/WhatsApp-Image-2023-08-21-at-6.42.52-PM-1024x576.jpeg\" alt=\"\" class=\"wp-image-5843\" title=\"\" srcset=\"https:\/\/alminutonoticia.com\/noticias\/wp-content\/uploads\/2023\/08\/WhatsApp-Image-2023-08-21-at-6.42.52-PM-1024x576.jpeg 1024w, https:\/\/alminutonoticia.com\/noticias\/wp-content\/uploads\/2023\/08\/WhatsApp-Image-2023-08-21-at-6.42.52-PM-300x169.jpeg 300w, https:\/\/alminutonoticia.com\/noticias\/wp-content\/uploads\/2023\/08\/WhatsApp-Image-2023-08-21-at-6.42.52-PM-768x432.jpeg 768w, https:\/\/alminutonoticia.com\/noticias\/wp-content\/uploads\/2023\/08\/WhatsApp-Image-2023-08-21-at-6.42.52-PM-1536x864.jpeg 1536w, https:\/\/alminutonoticia.com\/noticias\/wp-content\/uploads\/2023\/08\/WhatsApp-Image-2023-08-21-at-6.42.52-PM-2048x1152.jpeg 2048w\" sizes=\"(max-width: 1024px) 100vw, 1024px\" \/><\/a><\/figure>\n\n\n\n<figure class=\"wp-block-image size-large\"><a href=\"https:\/\/alminutonoticia.com\/noticias\/wp-content\/uploads\/2023\/08\/WhatsApp-Image-2023-08-21-at-6.42.51-PM-scaled.jpeg\"><img decoding=\"async\" width=\"1024\" height=\"576\" src=\"https:\/\/alminutonoticia.com\/noticias\/wp-content\/uploads\/2023\/08\/WhatsApp-Image-2023-08-21-at-6.42.51-PM-1024x576.jpeg\" alt=\"\" class=\"wp-image-5844\" title=\"\" srcset=\"https:\/\/alminutonoticia.com\/noticias\/wp-content\/uploads\/2023\/08\/WhatsApp-Image-2023-08-21-at-6.42.51-PM-1024x576.jpeg 1024w, https:\/\/alminutonoticia.com\/noticias\/wp-content\/uploads\/2023\/08\/WhatsApp-Image-2023-08-21-at-6.42.51-PM-300x169.jpeg 300w, https:\/\/alminutonoticia.com\/noticias\/wp-content\/uploads\/2023\/08\/WhatsApp-Image-2023-08-21-at-6.42.51-PM-768x432.jpeg 768w, https:\/\/alminutonoticia.com\/noticias\/wp-content\/uploads\/2023\/08\/WhatsApp-Image-2023-08-21-at-6.42.51-PM-1536x864.jpeg 1536w, https:\/\/alminutonoticia.com\/noticias\/wp-content\/uploads\/2023\/08\/WhatsApp-Image-2023-08-21-at-6.42.51-PM-2048x1152.jpeg 2048w\" sizes=\"(max-width: 1024px) 100vw, 1024px\" \/><\/a><\/figure>\n","protected":false},"excerpt":{"rendered":"<p>Una jornada para analizar las proyecciones meteorol\u00f3gicas para las actividades agr\u00edcolas y pecuarias, se realiz\u00f3 en la provincia de Los Santos, liderada por el ministro de Desarrollo Agropecuario, Augusto Valderrama con la participaci\u00f3n de directivos de las diversas instituciones del sector agropecuario, del Instituto de Meteorolog\u00eda e Hidrolog\u00eda de Panam\u00e1 (IMHPA) y productores de diversos [&hellip;]<\/p>\n","protected":false},"author":3,"featured_media":5842,"comment_status":"open","ping_status":"open","sticky":false,"template":"","format":"standard","meta":{"footnotes":""},"categories":[38,36],"tags":[],"class_list":["post-5841","post","type-post","status-publish","format-standard","has-post-thumbnail","hentry","category-economia","category-nacionales"],"_links":{"self":[{"href":"https:\/\/alminutonoticia.com\/noticias\/wp-json\/wp\/v2\/posts\/5841","targetHints":{"allow":["GET"]}}],"collection":[{"href":"https:\/\/alminutonoticia.com\/noticias\/wp-json\/wp\/v2\/posts"}],"about":[{"href":"https:\/\/alminutonoticia.com\/noticias\/wp-json\/wp\/v2\/types\/post"}],"author":[{"embeddable":true,"href":"https:\/\/alminutonoticia.com\/noticias\/wp-json\/wp\/v2\/users\/3"}],"replies":[{"embeddable":true,"href":"https:\/\/alminutonoticia.com\/noticias\/wp-json\/wp\/v2\/comments?post=5841"}],"version-history":[{"count":1,"href":"https:\/\/alminutonoticia.com\/noticias\/wp-json\/wp\/v2\/posts\/5841\/revisions"}],"predecessor-version":[{"id":5845,"href":"https:\/\/alminutonoticia.com\/noticias\/wp-json\/wp\/v2\/posts\/5841\/revisions\/5845"}],"wp:featuredmedia":[{"embeddable":true,"href":"https:\/\/alminutonoticia.com\/noticias\/wp-json\/wp\/v2\/media\/5842"}],"wp:attachment":[{"href":"https:\/\/alminutonoticia.com\/noticias\/wp-json\/wp\/v2\/media?parent=5841"}],"wp:term":[{"taxonomy":"category","embeddable":true,"href":"https:\/\/alminutonoticia.com\/noticias\/wp-json\/wp\/v2\/categories?post=5841"},{"taxonomy":"post_tag","embeddable":true,"href":"https:\/\/alminutonoticia.com\/noticias\/wp-json\/wp\/v2\/tags?post=5841"}],"curies":[{"name":"wp","href":"https:\/\/api.w.org\/{rel}","templated":true}]}}