{"id":5837,"date":"2023-08-19T13:19:15","date_gmt":"2023-08-19T13:19:15","guid":{"rendered":"https:\/\/alminutonoticia.com\/noticias\/?p=5837"},"modified":"2023-08-19T13:19:16","modified_gmt":"2023-08-19T13:19:16","slug":"lombana-arranca-su-primera-gira-como-candidato-a-la-presidencia","status":"publish","type":"post","link":"https:\/\/alminutonoticia.com\/noticias\/lombana-arranca-su-primera-gira-como-candidato-a-la-presidencia\/","title":{"rendered":"Lombana arranca su primera gira como candidato a la Presidencia."},"content":{"rendered":"\n<p>Veraguas y Herrera ser\u00e1n las dos provincias que visitar\u00e1 Ricardo Lombana este fin de semana, como parte de las giras que realizar\u00e1 en los pr\u00f3ximos seis meses por todo el pa\u00eds, en el marco de su precampa\u00f1a electoral.<\/p>\n\n\n\n<p>La agenda, que inicia este viernes 18 de agosto en Santiago, incluye un recorrido por el sector de La Soledad, partiendo a las 4:30 p.m. desde la cancha de f\u00fatbol de la comunidad y en la noche, un conversatorio sobre educaci\u00f3n dirigido por la profesora Yadira Pino, desde las 7:00 p.m. en la Casa del Jubilado, a un costado del Inadeh<\/p>\n\n\n\n<p>El s\u00e1bado 19 la jornada comienza a partir de las 9:00 a.m. con recorridos por Canto del Llano y Ponuguita; a las 11:00 a.m., inauguraci\u00f3n de la sede de Otro Camino en Canto del Llano; a eso de la 1:00 p.m., conversatorio con la juventud en Forestal, v\u00eda la piquera; y a partir de las 2:30 p.m., caminata por las inmediaciones de la terminal de transporte.<\/p>\n\n\n\n<p>Posteriormente, en horas de la noche, Ricardo Lombana, &#8211; acompa\u00f1ado de directivos, activistas y simpatizantes del Movimiento Otro Camino -, estar\u00e1 en el Festival del Manito Ocue\u00f1o.<\/p>\n\n\n\n<p>El domingo 20 de agosto, las actividades del candidato se concentrar\u00e1n en la provincia de Herrera, mediante recorridos desde muy temprano por La Arena, Boca Parita y Monagrillo, para finalizar la tarde en el distrito de Parita, que este fin de semana estar\u00e1 celebrando sus 465 a\u00f1os de fundaci\u00f3n.<\/p>\n\n\n\n<p>Para saber datos precisos sobre la agenda de Ricardo Lombana o los puntos donde se encuentra en tiempo real a lo largo de esta importante gira, los ciudadanos pueden comunicarse a los n\u00fameros de WhatsApp de Veraguas, 6229-1978 y de Herrera, 6304-2196.<\/p>\n\n\n\n<figure class=\"wp-block-image size-full\"><a href=\"https:\/\/alminutonoticia.com\/noticias\/wp-content\/uploads\/2023\/08\/ricardo-lombana_0.jpg\"><img fetchpriority=\"high\" decoding=\"async\" width=\"850\" height=\"500\" src=\"https:\/\/alminutonoticia.com\/noticias\/wp-content\/uploads\/2023\/08\/ricardo-lombana_0.jpg\" alt=\"\" class=\"wp-image-5838\" title=\"\" srcset=\"https:\/\/alminutonoticia.com\/noticias\/wp-content\/uploads\/2023\/08\/ricardo-lombana_0.jpg 850w, https:\/\/alminutonoticia.com\/noticias\/wp-content\/uploads\/2023\/08\/ricardo-lombana_0-300x176.jpg 300w, https:\/\/alminutonoticia.com\/noticias\/wp-content\/uploads\/2023\/08\/ricardo-lombana_0-768x452.jpg 768w\" sizes=\"(max-width: 850px) 100vw, 850px\" \/><\/a><\/figure>\n","protected":false},"excerpt":{"rendered":"<p>Veraguas y Herrera ser\u00e1n las dos provincias que visitar\u00e1 Ricardo Lombana este fin de semana, como parte de las giras que realizar\u00e1 en los pr\u00f3ximos seis meses por todo el pa\u00eds, en el marco de su precampa\u00f1a electoral. La agenda, que inicia este viernes 18 de agosto en Santiago, incluye un recorrido por el sector [&hellip;]<\/p>\n","protected":false},"author":3,"featured_media":5838,"comment_status":"open","ping_status":"open","sticky":false,"template":"","format":"standard","meta":{"footnotes":""},"categories":[36,37],"tags":[],"class_list":["post-5837","post","type-post","status-publish","format-standard","has-post-thumbnail","hentry","category-nacionales","category-politica"],"_links":{"self":[{"href":"https:\/\/alminutonoticia.com\/noticias\/wp-json\/wp\/v2\/posts\/5837","targetHints":{"allow":["GET"]}}],"collection":[{"href":"https:\/\/alminutonoticia.com\/noticias\/wp-json\/wp\/v2\/posts"}],"about":[{"href":"https:\/\/alminutonoticia.com\/noticias\/wp-json\/wp\/v2\/types\/post"}],"author":[{"embeddable":true,"href":"https:\/\/alminutonoticia.com\/noticias\/wp-json\/wp\/v2\/users\/3"}],"replies":[{"embeddable":true,"href":"https:\/\/alminutonoticia.com\/noticias\/wp-json\/wp\/v2\/comments?post=5837"}],"version-history":[{"count":1,"href":"https:\/\/alminutonoticia.com\/noticias\/wp-json\/wp\/v2\/posts\/5837\/revisions"}],"predecessor-version":[{"id":5839,"href":"https:\/\/alminutonoticia.com\/noticias\/wp-json\/wp\/v2\/posts\/5837\/revisions\/5839"}],"wp:featuredmedia":[{"embeddable":true,"href":"https:\/\/alminutonoticia.com\/noticias\/wp-json\/wp\/v2\/media\/5838"}],"wp:attachment":[{"href":"https:\/\/alminutonoticia.com\/noticias\/wp-json\/wp\/v2\/media?parent=5837"}],"wp:term":[{"taxonomy":"category","embeddable":true,"href":"https:\/\/alminutonoticia.com\/noticias\/wp-json\/wp\/v2\/categories?post=5837"},{"taxonomy":"post_tag","embeddable":true,"href":"https:\/\/alminutonoticia.com\/noticias\/wp-json\/wp\/v2\/tags?post=5837"}],"curies":[{"name":"wp","href":"https:\/\/api.w.org\/{rel}","templated":true}]}}