{"id":5825,"date":"2023-08-19T13:07:49","date_gmt":"2023-08-19T13:07:49","guid":{"rendered":"https:\/\/alminutonoticia.com\/noticias\/?p=5825"},"modified":"2023-08-19T13:07:50","modified_gmt":"2023-08-19T13:07:50","slug":"aeropuerto-internacional-de-tocumen-procesa-mas-de-1-5-millones-de-pasajeros-en-julio-2023","status":"publish","type":"post","link":"https:\/\/alminutonoticia.com\/noticias\/aeropuerto-internacional-de-tocumen-procesa-mas-de-1-5-millones-de-pasajeros-en-julio-2023\/","title":{"rendered":"Aeropuerto Internacional de Tocumen procesa m\u00e1s de 1.5 millones de pasajeros en julio 2023"},"content":{"rendered":"\n<p>El Aeropuerto Internacional de Tocumen proces\u00f3 durante el mes de julio de este a\u00f1o 1,566,486 pasajeros, es decir 100,725 m\u00e1s que el mismo mes de 2022.<\/p>\n\n\n\n<p>Raffoul Arab, Gerente General del Aeropuerto Internacional de Tocumen, indic\u00f3 que estos resultados confirman la tendencia de crecimiento en el transporte a\u00e9reo de pasajeros que impacta positivamente en los resultados de nuestra principal terminal a\u00e9rea.<\/p>\n\n\n\n<p>\u201cEn la segunda mitad del a\u00f1o esperamos un aumento de la actividad tur\u00edstica en toda la regi\u00f3n, por ende, un aumento de pasajeros por Tocumen y Panam\u00e1 Pac\u00edfico, as\u00ed como por el aeropuerto de R\u00edo Hato, con vuelos procedentes de Canad\u00e1.\u201d, subray\u00f3 Arab.<\/p>\n\n\n\n<p>Destinos y mercados<\/p>\n\n\n\n<p>En cuanto a las conexiones internacionales, en el mes de julio Tocumen mantuvo las rutas directas a 87 destinos, a trav\u00e9s de 15 aerol\u00edneas comerciales que ofrecen servicios a las principales ciudades de Am\u00e9rica y Europa.<\/p>\n\n\n\n<p>Los resultados de julio indican que del total de pasajeros que usaron la terminal de Tocumen, el 74% fueron pasajeros de conexi\u00f3n. Adem\u00e1s, se gestionaron 12,153 movimientos de aeronaves.<\/p>\n\n\n\n<p>Los datos suministrados por el Departamento de Estad\u00edstica del Aeropuerto Internacional de Tocumen revelan que los mercados con mayor movimiento regional en julio fueron, Suram\u00e9rica con el 44%, seguido de Norteam\u00e9rica con el 29%, del Caribe 12%, mientras que Centroam\u00e9rica aport\u00f3 el 11%, y los mercados europeos contribuyeron con una participaci\u00f3n del 4%.<\/p>\n\n\n\n<p>Terminales regionales y carga<\/p>\n\n\n\n<p>En cuanto a la terminal de carga se movilizaron 16,406 toneladas m\u00e9tricas de mercanc\u00eda durante el s\u00e9ptimo mes del a\u00f1o 2023<\/p>\n\n\n\n<p>Por su parte las terminales regionales Panam\u00e1 Pac\u00edfico, Enrique Malek, Scarlett Mart\u00ednez y Enrique A. Jim\u00e9nez, gestionadas por Tocumen, S.A registr\u00f3 en julio un tr\u00e1fico de 63,032 pasajeros y 1,826 operaciones de aeronaves.<\/p>\n\n\n\n<p>Entre las terminales regionales Panam\u00e1 Pac\u00edfico registr\u00f3 el mayor movimiento con 41,351 pasajeros procesados. En tanto que la terminal dom\u00e9stica que opera en la Terminal 2 proces\u00f3 16,272 pasajeros.<\/p>\n\n\n\n<p>Acerca de Tocumen, S.A.<\/p>\n\n\n\n<p>Tocumen, S.A. es una empresa 100% propiedad del Estado Paname\u00f1o, creada mediante la Ley 23 del 29 de enero de 2003. Es regulada por la Autoridad de Aeron\u00e1utica Civil y cumple los est\u00e1ndares de la Organizaci\u00f3n de Aviaci\u00f3n Civil Internacional (OACI). Autogestiona sus ingresos, aporta al Estado, a las Autoridades de Turismo de Panam\u00e1, Aeron\u00e1utica Civil; a la Comisi\u00f3n Nacional para la Prevenci\u00f3n de los Delitos de Explotaci\u00f3n Sexual (CONAPREDES), y est\u00e1 sujeta a las leyes y regulaciones generales, aplicables a las instituciones p\u00fablicas del pa\u00eds.<\/p>\n\n\n\n<p>Es responsable de la operaci\u00f3n y administraci\u00f3n del Aeropuerto Internacional de Tocumen, principal puerta de ingreso y salida de Panam\u00e1 y hub a\u00e9reo de la regi\u00f3n.<\/p>\n\n\n\n<p>Tambi\u00e9n administra y opera una terminal de carga y las terminales regionales Enrique Malek en Chiriqu\u00ed; Panam\u00e1 Pac\u00edfico, en Panam\u00e1 Oeste; Scarlett Mart\u00ednez en la Provincia de Cocl\u00e9 y Enrique Jim\u00e9nez en la provincia de Col\u00f3n.<\/p>\n\n\n\n<p>El reporte completo de actividad del aeropuerto internacional de Tocumen y terminales regionales lo puede ver aqu\u00ed: http:\/\/tocumenpanama.aero\/index.php\/transparencia-aitsa3<\/p>\n\n\n\n<figure class=\"wp-block-image size-large\"><a href=\"https:\/\/alminutonoticia.com\/noticias\/wp-content\/uploads\/2023\/08\/WhatsApp-Image-2023-08-16-at-1.01.12-PM.jpeg\"><img fetchpriority=\"high\" decoding=\"async\" width=\"1024\" height=\"682\" src=\"https:\/\/alminutonoticia.com\/noticias\/wp-content\/uploads\/2023\/08\/WhatsApp-Image-2023-08-16-at-1.01.12-PM-1024x682.jpeg\" alt=\"\" class=\"wp-image-5826\" title=\"\" srcset=\"https:\/\/alminutonoticia.com\/noticias\/wp-content\/uploads\/2023\/08\/WhatsApp-Image-2023-08-16-at-1.01.12-PM-1024x682.jpeg 1024w, https:\/\/alminutonoticia.com\/noticias\/wp-content\/uploads\/2023\/08\/WhatsApp-Image-2023-08-16-at-1.01.12-PM-300x200.jpeg 300w, https:\/\/alminutonoticia.com\/noticias\/wp-content\/uploads\/2023\/08\/WhatsApp-Image-2023-08-16-at-1.01.12-PM-768x512.jpeg 768w, https:\/\/alminutonoticia.com\/noticias\/wp-content\/uploads\/2023\/08\/WhatsApp-Image-2023-08-16-at-1.01.12-PM-1536x1023.jpeg 1536w, https:\/\/alminutonoticia.com\/noticias\/wp-content\/uploads\/2023\/08\/WhatsApp-Image-2023-08-16-at-1.01.12-PM.jpeg 1600w\" sizes=\"(max-width: 1024px) 100vw, 1024px\" \/><\/a><\/figure>\n\n\n\n<figure class=\"wp-block-image size-large\"><a href=\"https:\/\/alminutonoticia.com\/noticias\/wp-content\/uploads\/2023\/08\/WhatsApp-Image-2023-08-16-at-1.01.11-PM-2.jpeg\"><img decoding=\"async\" width=\"1024\" height=\"682\" src=\"https:\/\/alminutonoticia.com\/noticias\/wp-content\/uploads\/2023\/08\/WhatsApp-Image-2023-08-16-at-1.01.11-PM-2-1024x682.jpeg\" alt=\"\" class=\"wp-image-5827\" title=\"\" srcset=\"https:\/\/alminutonoticia.com\/noticias\/wp-content\/uploads\/2023\/08\/WhatsApp-Image-2023-08-16-at-1.01.11-PM-2-1024x682.jpeg 1024w, https:\/\/alminutonoticia.com\/noticias\/wp-content\/uploads\/2023\/08\/WhatsApp-Image-2023-08-16-at-1.01.11-PM-2-300x200.jpeg 300w, https:\/\/alminutonoticia.com\/noticias\/wp-content\/uploads\/2023\/08\/WhatsApp-Image-2023-08-16-at-1.01.11-PM-2-768x512.jpeg 768w, https:\/\/alminutonoticia.com\/noticias\/wp-content\/uploads\/2023\/08\/WhatsApp-Image-2023-08-16-at-1.01.11-PM-2-1536x1023.jpeg 1536w, https:\/\/alminutonoticia.com\/noticias\/wp-content\/uploads\/2023\/08\/WhatsApp-Image-2023-08-16-at-1.01.11-PM-2.jpeg 1600w\" sizes=\"(max-width: 1024px) 100vw, 1024px\" \/><\/a><\/figure>\n\n\n\n<figure class=\"wp-block-image size-large\"><a href=\"https:\/\/alminutonoticia.com\/noticias\/wp-content\/uploads\/2023\/08\/WhatsApp-Image-2023-08-16-at-1.01.11-PM.jpeg\"><img decoding=\"async\" width=\"1024\" height=\"682\" src=\"https:\/\/alminutonoticia.com\/noticias\/wp-content\/uploads\/2023\/08\/WhatsApp-Image-2023-08-16-at-1.01.11-PM-1024x682.jpeg\" alt=\"\" class=\"wp-image-5828\" title=\"\" srcset=\"https:\/\/alminutonoticia.com\/noticias\/wp-content\/uploads\/2023\/08\/WhatsApp-Image-2023-08-16-at-1.01.11-PM-1024x682.jpeg 1024w, https:\/\/alminutonoticia.com\/noticias\/wp-content\/uploads\/2023\/08\/WhatsApp-Image-2023-08-16-at-1.01.11-PM-300x200.jpeg 300w, https:\/\/alminutonoticia.com\/noticias\/wp-content\/uploads\/2023\/08\/WhatsApp-Image-2023-08-16-at-1.01.11-PM-768x512.jpeg 768w, https:\/\/alminutonoticia.com\/noticias\/wp-content\/uploads\/2023\/08\/WhatsApp-Image-2023-08-16-at-1.01.11-PM.jpeg 1280w\" sizes=\"(max-width: 1024px) 100vw, 1024px\" \/><\/a><\/figure>\n","protected":false},"excerpt":{"rendered":"<p>El Aeropuerto Internacional de Tocumen proces\u00f3 durante el mes de julio de este a\u00f1o 1,566,486 pasajeros, es decir 100,725 m\u00e1s que el mismo mes de 2022. Raffoul Arab, Gerente General del Aeropuerto Internacional de Tocumen, indic\u00f3 que estos resultados confirman la tendencia de crecimiento en el transporte a\u00e9reo de pasajeros que impacta positivamente en los [&hellip;]<\/p>\n","protected":false},"author":3,"featured_media":5828,"comment_status":"open","ping_status":"open","sticky":false,"template":"","format":"standard","meta":{"footnotes":""},"categories":[39,36],"tags":[],"class_list":["post-5825","post","type-post","status-publish","format-standard","has-post-thumbnail","hentry","category-internacionales","category-nacionales"],"_links":{"self":[{"href":"https:\/\/alminutonoticia.com\/noticias\/wp-json\/wp\/v2\/posts\/5825","targetHints":{"allow":["GET"]}}],"collection":[{"href":"https:\/\/alminutonoticia.com\/noticias\/wp-json\/wp\/v2\/posts"}],"about":[{"href":"https:\/\/alminutonoticia.com\/noticias\/wp-json\/wp\/v2\/types\/post"}],"author":[{"embeddable":true,"href":"https:\/\/alminutonoticia.com\/noticias\/wp-json\/wp\/v2\/users\/3"}],"replies":[{"embeddable":true,"href":"https:\/\/alminutonoticia.com\/noticias\/wp-json\/wp\/v2\/comments?post=5825"}],"version-history":[{"count":1,"href":"https:\/\/alminutonoticia.com\/noticias\/wp-json\/wp\/v2\/posts\/5825\/revisions"}],"predecessor-version":[{"id":5829,"href":"https:\/\/alminutonoticia.com\/noticias\/wp-json\/wp\/v2\/posts\/5825\/revisions\/5829"}],"wp:featuredmedia":[{"embeddable":true,"href":"https:\/\/alminutonoticia.com\/noticias\/wp-json\/wp\/v2\/media\/5828"}],"wp:attachment":[{"href":"https:\/\/alminutonoticia.com\/noticias\/wp-json\/wp\/v2\/media?parent=5825"}],"wp:term":[{"taxonomy":"category","embeddable":true,"href":"https:\/\/alminutonoticia.com\/noticias\/wp-json\/wp\/v2\/categories?post=5825"},{"taxonomy":"post_tag","embeddable":true,"href":"https:\/\/alminutonoticia.com\/noticias\/wp-json\/wp\/v2\/tags?post=5825"}],"curies":[{"name":"wp","href":"https:\/\/api.w.org\/{rel}","templated":true}]}}