{"id":5789,"date":"2023-08-18T12:17:24","date_gmt":"2023-08-18T12:17:24","guid":{"rendered":"https:\/\/alminutonoticia.com\/noticias\/?p=5789"},"modified":"2023-08-18T12:17:25","modified_gmt":"2023-08-18T12:17:25","slug":"vicepresidente-carrizo-jaen-recibio-un-informe-de-la-junta-tecnica-de-los-santos-sobre-los-avances-en-obras","status":"publish","type":"post","link":"https:\/\/alminutonoticia.com\/noticias\/vicepresidente-carrizo-jaen-recibio-un-informe-de-la-junta-tecnica-de-los-santos-sobre-los-avances-en-obras\/","title":{"rendered":"Vicepresidente Carrizo Ja\u00e9n recibi\u00f3 un informe de la Junta T\u00e9cnica de Los Santos sobre los avances en obras"},"content":{"rendered":"\n<p>El vicepresidente de la Rep\u00fablica, Jos\u00e9 Gabriel Carrizo Ja\u00e9n junto con el Gobernador de la Provincia de Los Santos, Rub\u00e9n Villarreal, y miembros de la Junta T\u00e9cnica, revisaron los avances en obras y proyectos que adelanta el Gobierno Nacional a trav\u00e9s de diversas entidades en esta provincia.<\/p>\n\n\n\n<p>Durante la reuni\u00f3n se present\u00f3 un informe del Plan Colmena en esta provincia, as\u00ed como programas y proyectos contemplados para los pr\u00f3ximos meses.<\/p>\n\n\n\n<p>En su gira de trabajo por la provincia sante\u00f1a, el vicepresidente de la Rep\u00fablica, recibi\u00f3 un informe por parte del Gobernador y la Junta T\u00e9cnica sobre los avances en obras que adelantan entidades como los Ministerios de Obras P\u00fablicas y Salud, Pandeportes, entre otras.<\/p>\n\n\n\n<p>Durante esta reuni\u00f3n celebrada en el Palacio Mois\u00e9s Espino de la Gobernaci\u00f3n de Los Santos, el Director de la Regi\u00f3n de Salud Dr. Ayvar Hern\u00e1ndez, dio a conocer que los trabajos en el edificio del Hospital Joaqu\u00edn Pablo Franco Sayas en Las Tablas, registra un 95% de avance, tambi\u00e9n adelant\u00f3 que la remodelaci\u00f3n del Centro de Salud de Sabana Grande registra 42% de avance y el nuevo Centro de Salud en Guarar\u00e9 un 10%.<\/p>\n\n\n\n<p>Por su parte, Camilo C\u00e1rdenas del Ministerio de Obras P\u00fablicas (MOP) adelant\u00f3 los avances en proyectos como el de Dise\u00f1o, Construcci\u00f3n y Financiamiento de Calles y Alcantarillado de Macaracas, Rehabilitaci\u00f3n De La Carretera El Ejido &#8211; La Espigadilla &#8211; Tres Quebradas &#8211; Agua Buena, Rehabilitacion&nbsp; de Cpa Las Tablas &#8211; Playa Monagre &#8211; Playa Rompio Y Ramal Santa Ana &#8211; La Villa, entre otros proyectos.<\/p>\n\n\n\n<p>Carrizo Ja\u00e9n exhort\u00f3 a los miembros de la Junta T\u00e9cnica a seguir trabajando en beneficio de los m\u00e1s necesitados.\u00a0 Esta es la tercera reuni\u00f3n con los directores regionales de cada instituci\u00f3n que conforman las juntas t\u00e9cnicas bajo la coordinaci\u00f3n de los gobernadores, que sostiene el vicepresidente a nivel nacional.\u00a0 Las dos anteriores fueron en las provincias de Cocl\u00e9 y Herrera.<\/p>\n\n\n\n<figure class=\"wp-block-image size-full\"><a href=\"https:\/\/alminutonoticia.com\/noticias\/wp-content\/uploads\/2023\/08\/WhatsApp-Image-2023-08-17-at-6.51.49-PM-1.jpeg\"><img fetchpriority=\"high\" decoding=\"async\" width=\"1024\" height=\"682\" src=\"https:\/\/alminutonoticia.com\/noticias\/wp-content\/uploads\/2023\/08\/WhatsApp-Image-2023-08-17-at-6.51.49-PM-1.jpeg\" alt=\"\" class=\"wp-image-5790\" title=\"\" srcset=\"https:\/\/alminutonoticia.com\/noticias\/wp-content\/uploads\/2023\/08\/WhatsApp-Image-2023-08-17-at-6.51.49-PM-1.jpeg 1024w, https:\/\/alminutonoticia.com\/noticias\/wp-content\/uploads\/2023\/08\/WhatsApp-Image-2023-08-17-at-6.51.49-PM-1-300x200.jpeg 300w, https:\/\/alminutonoticia.com\/noticias\/wp-content\/uploads\/2023\/08\/WhatsApp-Image-2023-08-17-at-6.51.49-PM-1-768x512.jpeg 768w\" sizes=\"(max-width: 1024px) 100vw, 1024px\" \/><\/a><\/figure>\n\n\n\n<figure class=\"wp-block-image size-full\"><a href=\"https:\/\/alminutonoticia.com\/noticias\/wp-content\/uploads\/2023\/08\/WhatsApp-Image-2023-08-17-at-6.51.49-PM.jpeg\"><img decoding=\"async\" width=\"1024\" height=\"682\" src=\"https:\/\/alminutonoticia.com\/noticias\/wp-content\/uploads\/2023\/08\/WhatsApp-Image-2023-08-17-at-6.51.49-PM.jpeg\" alt=\"\" class=\"wp-image-5791\" title=\"\" srcset=\"https:\/\/alminutonoticia.com\/noticias\/wp-content\/uploads\/2023\/08\/WhatsApp-Image-2023-08-17-at-6.51.49-PM.jpeg 1024w, https:\/\/alminutonoticia.com\/noticias\/wp-content\/uploads\/2023\/08\/WhatsApp-Image-2023-08-17-at-6.51.49-PM-300x200.jpeg 300w, https:\/\/alminutonoticia.com\/noticias\/wp-content\/uploads\/2023\/08\/WhatsApp-Image-2023-08-17-at-6.51.49-PM-768x512.jpeg 768w\" sizes=\"(max-width: 1024px) 100vw, 1024px\" \/><\/a><\/figure>\n","protected":false},"excerpt":{"rendered":"<p>El vicepresidente de la Rep\u00fablica, Jos\u00e9 Gabriel Carrizo Ja\u00e9n junto con el Gobernador de la Provincia de Los Santos, Rub\u00e9n Villarreal, y miembros de la Junta T\u00e9cnica, revisaron los avances en obras y proyectos que adelanta el Gobierno Nacional a trav\u00e9s de diversas entidades en esta provincia. Durante la reuni\u00f3n se present\u00f3 un informe del [&hellip;]<\/p>\n","protected":false},"author":3,"featured_media":5790,"comment_status":"open","ping_status":"open","sticky":false,"template":"","format":"standard","meta":{"footnotes":""},"categories":[38,36],"tags":[],"class_list":["post-5789","post","type-post","status-publish","format-standard","has-post-thumbnail","hentry","category-economia","category-nacionales"],"_links":{"self":[{"href":"https:\/\/alminutonoticia.com\/noticias\/wp-json\/wp\/v2\/posts\/5789","targetHints":{"allow":["GET"]}}],"collection":[{"href":"https:\/\/alminutonoticia.com\/noticias\/wp-json\/wp\/v2\/posts"}],"about":[{"href":"https:\/\/alminutonoticia.com\/noticias\/wp-json\/wp\/v2\/types\/post"}],"author":[{"embeddable":true,"href":"https:\/\/alminutonoticia.com\/noticias\/wp-json\/wp\/v2\/users\/3"}],"replies":[{"embeddable":true,"href":"https:\/\/alminutonoticia.com\/noticias\/wp-json\/wp\/v2\/comments?post=5789"}],"version-history":[{"count":1,"href":"https:\/\/alminutonoticia.com\/noticias\/wp-json\/wp\/v2\/posts\/5789\/revisions"}],"predecessor-version":[{"id":5792,"href":"https:\/\/alminutonoticia.com\/noticias\/wp-json\/wp\/v2\/posts\/5789\/revisions\/5792"}],"wp:featuredmedia":[{"embeddable":true,"href":"https:\/\/alminutonoticia.com\/noticias\/wp-json\/wp\/v2\/media\/5790"}],"wp:attachment":[{"href":"https:\/\/alminutonoticia.com\/noticias\/wp-json\/wp\/v2\/media?parent=5789"}],"wp:term":[{"taxonomy":"category","embeddable":true,"href":"https:\/\/alminutonoticia.com\/noticias\/wp-json\/wp\/v2\/categories?post=5789"},{"taxonomy":"post_tag","embeddable":true,"href":"https:\/\/alminutonoticia.com\/noticias\/wp-json\/wp\/v2\/tags?post=5789"}],"curies":[{"name":"wp","href":"https:\/\/api.w.org\/{rel}","templated":true}]}}