{"id":5597,"date":"2023-08-09T11:38:55","date_gmt":"2023-08-09T11:38:55","guid":{"rendered":"https:\/\/alminutonoticia.com\/noticias\/?p=5597"},"modified":"2023-08-09T11:38:56","modified_gmt":"2023-08-09T11:38:56","slug":"primera-dama-participa-como-oradora-en-she-is-global-forum-sobre-equidad-de-genero-y-empoderamiento-de-las-mujeres","status":"publish","type":"post","link":"https:\/\/alminutonoticia.com\/noticias\/primera-dama-participa-como-oradora-en-she-is-global-forum-sobre-equidad-de-genero-y-empoderamiento-de-las-mujeres\/","title":{"rendered":"Primera Dama participa como oradora en She Is Global Forum sobre equidad de g\u00e9nero y empoderamiento de las mujeres"},"content":{"rendered":"\n<p>La primera dama de la Rep\u00fablica, Yazm\u00edn Col\u00f3n de Cortizo, particip\u00f3 este martes como oradora en She Is Global Forum, espacio de transformaci\u00f3n que busca exponer casos de \u00e9xito de mujeres que est\u00e1n rompiendo estereotipos y generando espacios de participaci\u00f3n inclusivos.<\/p>\n\n\n\n<p>Desde el Centro de Convenciones Plaza Mayor en Medell\u00edn Colombia y ante m\u00e1s de 2,500 asistentes y 300 speaker de 40 pa\u00edses, Col\u00f3n de Cortizo, comparti\u00f3 su aporte en el impulso de la educaci\u00f3n STEAM (ciencia, tecnolog\u00eda, ingenier\u00eda, arte y matem\u00e1tica) y la rob\u00f3tica, logrando alcanzar la sede de la Olimpiada Mundial de Rob\u00f3tica.<\/p>\n\n\n\n<p>\u201cEs crucial comprender que el \u00e9xito de cada mujer es un \u00e9xito para todos, y este efecto multiplicador agrega un valor inmenso a estas redes que tienen como objetivo empoderar a nuestras ni\u00f1as y j\u00f3venes, asegurando que sigan siendo pilares de nuestra sociedad\u201d, destac\u00f3 la primera dama.<\/p>\n\n\n\n<p>La tambi\u00e9n embajadora de la educaci\u00f3n Steam para las Am\u00e9ricas, de la Fundaci\u00f3n Panamericana para el Desarrollo de la Organizaci\u00f3n de los Estados Americanos, expuso la importancia de la red de apoyo que incluye padres, maestros, familiares y amigos.<\/p>\n\n\n\n<p>Insisti\u00f3 que esta red de apoyo es esencial para que las ni\u00f1as y j\u00f3venes se sientan motivadas a explorar nuevos caminos y a seguir carreras que tradicionalmente no se consideran \u201cfemeninas\u201d.<\/p>\n\n\n\n<p>Por Panam\u00e1, adem\u00e1s de la primera dama, participaron como oradoras, la ingeniera Ilya Espino de Marotta, Subadministradora del Canal de Panam\u00e1 y la comunicadora Cibeles De Freitas, directora pa\u00eds de la Fundaci\u00f3n She Is.<\/p>\n\n\n\n<p>Entre algunos de los oradores que destacan est\u00e1n: Ruth Mitchel, Premio Nobel de la Paz 2017, Diana Ososrio, gestora social de Medell\u00edn, Daniel Quintero, alcalde de Medell\u00edn, entre otros.<\/p>\n\n\n\n<p>La quinta edici\u00f3n del She Is Global Forum, que es el foro m\u00e1s grande y disruptivo de Latinoam\u00e9rica sobre equidad de g\u00e9nero y empoderamiento de las mujeres, se extender\u00e1 hasta el 10 de agosto.<\/p>\n\n\n\n<p>Bajo el tema, \u201cResiliencia para la Transformaci\u00f3n\u201d, se busca crear espacios de conversaci\u00f3n, reflexi\u00f3n y acci\u00f3n sobre las mejores pr\u00e1cticas hacia la equidad de g\u00e9nero con resiliencia.<\/p>\n\n\n\n<p>Programa Ella es Astronauta de la Fundaci\u00f3n She Is.<\/p>\n\n\n\n<p>Con el respaldo del Despacho de la primera dama, liderado por Yazm\u00edn Col\u00f3n de Cortizo, en marzo pasado Panam\u00e1 se convirti\u00f3 en el sexto pa\u00eds en acoger el programa \u201cElla es Astronauta\u201d de la Fundaci\u00f3n She Is, dirigida a ni\u00f1as y adolescentes paname\u00f1as entre 11 y 16 a\u00f1os en condici\u00f3n de vulnerabilidad, para iniciar procesos de empoderamiento social, liderazgo, detonar talentos y habilidades a trav\u00e9s de la educaci\u00f3n STEAM.<\/p>\n\n\n\n<p>Ser\u00e1n 10 estudiantes paname\u00f1as las seleccionadas, el programa culmina con una inmersi\u00f3n acad\u00e9mica de una semana en el Space Center de la NASA, en Houston, tendr\u00e1n actividades de rob\u00f3tica, programaci\u00f3n, construcci\u00f3n de cohetes, organizaci\u00f3n de misiones, creaci\u00f3n de h\u00e1bitat lunar y charlas con expertos en direcci\u00f3n de vuelo y simulaci\u00f3n de viajes al espacio.<\/p>\n\n\n\n<figure class=\"wp-block-image size-large\"><a href=\"https:\/\/alminutonoticia.com\/noticias\/wp-content\/uploads\/2023\/08\/WhatsApp-Image-2023-08-08-at-2.40.41-PM-1.jpeg\"><img fetchpriority=\"high\" decoding=\"async\" width=\"1024\" height=\"682\" src=\"https:\/\/alminutonoticia.com\/noticias\/wp-content\/uploads\/2023\/08\/WhatsApp-Image-2023-08-08-at-2.40.41-PM-1-1024x682.jpeg\" alt=\"\" class=\"wp-image-5598\" title=\"\" srcset=\"https:\/\/alminutonoticia.com\/noticias\/wp-content\/uploads\/2023\/08\/WhatsApp-Image-2023-08-08-at-2.40.41-PM-1-1024x682.jpeg 1024w, https:\/\/alminutonoticia.com\/noticias\/wp-content\/uploads\/2023\/08\/WhatsApp-Image-2023-08-08-at-2.40.41-PM-1-300x200.jpeg 300w, https:\/\/alminutonoticia.com\/noticias\/wp-content\/uploads\/2023\/08\/WhatsApp-Image-2023-08-08-at-2.40.41-PM-1-768x512.jpeg 768w, https:\/\/alminutonoticia.com\/noticias\/wp-content\/uploads\/2023\/08\/WhatsApp-Image-2023-08-08-at-2.40.41-PM-1-1536x1023.jpeg 1536w, https:\/\/alminutonoticia.com\/noticias\/wp-content\/uploads\/2023\/08\/WhatsApp-Image-2023-08-08-at-2.40.41-PM-1.jpeg 1600w\" sizes=\"(max-width: 1024px) 100vw, 1024px\" \/><\/a><\/figure>\n\n\n\n<figure class=\"wp-block-image size-large\"><a href=\"https:\/\/alminutonoticia.com\/noticias\/wp-content\/uploads\/2023\/08\/WhatsApp-Image-2023-08-08-at-2.40.41-PM.jpeg\"><img decoding=\"async\" width=\"1024\" height=\"682\" src=\"https:\/\/alminutonoticia.com\/noticias\/wp-content\/uploads\/2023\/08\/WhatsApp-Image-2023-08-08-at-2.40.41-PM-1024x682.jpeg\" alt=\"\" class=\"wp-image-5599\" title=\"\" srcset=\"https:\/\/alminutonoticia.com\/noticias\/wp-content\/uploads\/2023\/08\/WhatsApp-Image-2023-08-08-at-2.40.41-PM-1024x682.jpeg 1024w, https:\/\/alminutonoticia.com\/noticias\/wp-content\/uploads\/2023\/08\/WhatsApp-Image-2023-08-08-at-2.40.41-PM-300x200.jpeg 300w, https:\/\/alminutonoticia.com\/noticias\/wp-content\/uploads\/2023\/08\/WhatsApp-Image-2023-08-08-at-2.40.41-PM-768x512.jpeg 768w, https:\/\/alminutonoticia.com\/noticias\/wp-content\/uploads\/2023\/08\/WhatsApp-Image-2023-08-08-at-2.40.41-PM-1536x1023.jpeg 1536w, https:\/\/alminutonoticia.com\/noticias\/wp-content\/uploads\/2023\/08\/WhatsApp-Image-2023-08-08-at-2.40.41-PM.jpeg 1600w\" sizes=\"(max-width: 1024px) 100vw, 1024px\" \/><\/a><\/figure>\n\n\n\n<figure class=\"wp-block-image size-large\"><a href=\"https:\/\/alminutonoticia.com\/noticias\/wp-content\/uploads\/2023\/08\/WhatsApp-Image-2023-08-08-at-2.40.40-PM.jpeg\"><img decoding=\"async\" width=\"1024\" height=\"682\" src=\"https:\/\/alminutonoticia.com\/noticias\/wp-content\/uploads\/2023\/08\/WhatsApp-Image-2023-08-08-at-2.40.40-PM-1024x682.jpeg\" alt=\"\" class=\"wp-image-5600\" title=\"\" srcset=\"https:\/\/alminutonoticia.com\/noticias\/wp-content\/uploads\/2023\/08\/WhatsApp-Image-2023-08-08-at-2.40.40-PM-1024x682.jpeg 1024w, https:\/\/alminutonoticia.com\/noticias\/wp-content\/uploads\/2023\/08\/WhatsApp-Image-2023-08-08-at-2.40.40-PM-300x200.jpeg 300w, https:\/\/alminutonoticia.com\/noticias\/wp-content\/uploads\/2023\/08\/WhatsApp-Image-2023-08-08-at-2.40.40-PM-768x512.jpeg 768w, https:\/\/alminutonoticia.com\/noticias\/wp-content\/uploads\/2023\/08\/WhatsApp-Image-2023-08-08-at-2.40.40-PM-1536x1023.jpeg 1536w, https:\/\/alminutonoticia.com\/noticias\/wp-content\/uploads\/2023\/08\/WhatsApp-Image-2023-08-08-at-2.40.40-PM.jpeg 1600w\" sizes=\"(max-width: 1024px) 100vw, 1024px\" \/><\/a><\/figure>\n","protected":false},"excerpt":{"rendered":"<p>La primera dama de la Rep\u00fablica, Yazm\u00edn Col\u00f3n de Cortizo, particip\u00f3 este martes como oradora en She Is Global Forum, espacio de transformaci\u00f3n que busca exponer casos de \u00e9xito de mujeres que est\u00e1n rompiendo estereotipos y generando espacios de participaci\u00f3n inclusivos. Desde el Centro de Convenciones Plaza Mayor en Medell\u00edn Colombia y ante m\u00e1s de [&hellip;]<\/p>\n","protected":false},"author":3,"featured_media":5598,"comment_status":"open","ping_status":"open","sticky":false,"template":"","format":"standard","meta":{"footnotes":""},"categories":[36],"tags":[],"class_list":["post-5597","post","type-post","status-publish","format-standard","has-post-thumbnail","hentry","category-nacionales"],"_links":{"self":[{"href":"https:\/\/alminutonoticia.com\/noticias\/wp-json\/wp\/v2\/posts\/5597","targetHints":{"allow":["GET"]}}],"collection":[{"href":"https:\/\/alminutonoticia.com\/noticias\/wp-json\/wp\/v2\/posts"}],"about":[{"href":"https:\/\/alminutonoticia.com\/noticias\/wp-json\/wp\/v2\/types\/post"}],"author":[{"embeddable":true,"href":"https:\/\/alminutonoticia.com\/noticias\/wp-json\/wp\/v2\/users\/3"}],"replies":[{"embeddable":true,"href":"https:\/\/alminutonoticia.com\/noticias\/wp-json\/wp\/v2\/comments?post=5597"}],"version-history":[{"count":1,"href":"https:\/\/alminutonoticia.com\/noticias\/wp-json\/wp\/v2\/posts\/5597\/revisions"}],"predecessor-version":[{"id":5601,"href":"https:\/\/alminutonoticia.com\/noticias\/wp-json\/wp\/v2\/posts\/5597\/revisions\/5601"}],"wp:featuredmedia":[{"embeddable":true,"href":"https:\/\/alminutonoticia.com\/noticias\/wp-json\/wp\/v2\/media\/5598"}],"wp:attachment":[{"href":"https:\/\/alminutonoticia.com\/noticias\/wp-json\/wp\/v2\/media?parent=5597"}],"wp:term":[{"taxonomy":"category","embeddable":true,"href":"https:\/\/alminutonoticia.com\/noticias\/wp-json\/wp\/v2\/categories?post=5597"},{"taxonomy":"post_tag","embeddable":true,"href":"https:\/\/alminutonoticia.com\/noticias\/wp-json\/wp\/v2\/tags?post=5597"}],"curies":[{"name":"wp","href":"https:\/\/api.w.org\/{rel}","templated":true}]}}