{"id":5592,"date":"2023-08-09T11:36:42","date_gmt":"2023-08-09T11:36:42","guid":{"rendered":"https:\/\/alminutonoticia.com\/noticias\/?p=5592"},"modified":"2023-08-09T11:36:43","modified_gmt":"2023-08-09T11:36:43","slug":"paredes-se-reunira-con-etesa-para-ayudar-a-familias-de-burunga-que-viven-dentro-de-servidumbre-electrica","status":"publish","type":"post","link":"https:\/\/alminutonoticia.com\/noticias\/paredes-se-reunira-con-etesa-para-ayudar-a-familias-de-burunga-que-viven-dentro-de-servidumbre-electrica\/","title":{"rendered":"Paredes se reunir\u00e1 con Etesa para ayudar a familias de Burunga que viven dentro de servidumbre el\u00e9ctrica"},"content":{"rendered":"\n<p>El Ministerio de Vivienda y Ordenamiento Territorial (Miviot) realizar\u00e1 las gestiones necesarias para ayudar a un grupo de familias que reside sin legalidad en un sector del corregimiento de Burunga, en el distrito de Arraij\u00e1n, que tienen la particularidad que est\u00e1n dentro del \u00e1rea de servidumbre de la l\u00ednea de transmisi\u00f3n el\u00e9ctrica.<\/p>\n\n\n\n<p>Durante una reuni\u00f3n en la sede de la entidad, el ministro Rogelio Paredes, junto al director de Asentamientos Informales, Fausto Palacios y equipos de trabajo, tanto legal como t\u00e9cnico, atendi\u00f3 a los moradores de varios sectores de Barriada 2000, llamados calle 20 de Agosto y 1 de Mayo, que llevan m\u00e1s de dos d\u00e9cadas ocupando esas tierras de manera informal en la provincia de Panam\u00e1 Oeste.<\/p>\n\n\n\n<p>Los lugare\u00f1os explicaron la necesidad que tienen de una tierra para poder residir, mientras que el Miviot busca los mecanismos para poder ayudarlos, debido a que tienen la dificultad de estar dentro de la franja de servidumbre el\u00e9ctrica.<\/p>\n\n\n\n<p>El ministro comunic\u00f3 que se reunir\u00e1 el pr\u00f3ximo martes en una mesa de trabajo con el gerente de la Empresa de Transmisi\u00f3n El\u00e9ctrica, S.A. (Etesa), Carlos Mosquera, con miras a atender la problem\u00e1tica del asentamiento y que esa soluci\u00f3n repercuta en otras familias que presenten las mismas condiciones de habitabilidad.<\/p>\n\n\n\n<p>Adem\u00e1s, Paredes instruy\u00f3 al equipo de la Direcci\u00f3n de Asentamientos Informales para realizar una inspecci\u00f3n t\u00e9cnica esta misma semana, para observar en campo la comunidad y poder tener informaci\u00f3n documentada de la ubicaci\u00f3n de los terrenos con las viviendas levantadas.<\/p>\n\n\n\n<p>El jefe del Miviot explic\u00f3 que se cuenta con un plano de la comunidad, por lo que la inspecci\u00f3n busca verificar la informaci\u00f3n, previo a la cita con Etesa.<\/p>\n\n\n\n<p>\u201cHay dos comunidades, una es colindante con la otra; como dije en televisi\u00f3n yo iba atenderlos hoy y se est\u00e1n atendiendo, para deslindar la situaci\u00f3n de los lotes que aparecen sin poder legalizar dentro de la misma comunidad que ya el resto se legaliz\u00f3\u201d, puntualiz\u00f3.<\/p>\n\n\n\n<p>Paredes enfatiz\u00f3 que no se han podido legalizar, porque est\u00e1n dentro del \u00e1rea de servidumbre de Etesa y la empresa estatal pone esas limitantes, por lo que se intenta definir si la servidumbre se va reducir de manera que se pueda legalizar a las familias.<\/p>\n\n\n\n<p>En el encuentro con los moradores de Panam\u00e1 Oeste estuvieron de la Direcci\u00f3n de Asentamientos Informales, \u00c1lvaro Herrera, Sara Bonilla y Mario Ballesteros, jefes de Ordenamiento Territorial, de t\u00e9cnicos y del \u00e1rea legal, respectivamente.<\/p>\n\n\n\n<p><\/p>\n\n\n\n<figure class=\"wp-block-image size-large\"><a href=\"https:\/\/alminutonoticia.com\/noticias\/wp-content\/uploads\/2023\/08\/IMG-20230807-WA0050.jpg\"><img fetchpriority=\"high\" decoding=\"async\" width=\"1024\" height=\"683\" src=\"https:\/\/alminutonoticia.com\/noticias\/wp-content\/uploads\/2023\/08\/IMG-20230807-WA0050-1024x683.jpg\" alt=\"\" class=\"wp-image-5593\" title=\"\" srcset=\"https:\/\/alminutonoticia.com\/noticias\/wp-content\/uploads\/2023\/08\/IMG-20230807-WA0050-1024x683.jpg 1024w, https:\/\/alminutonoticia.com\/noticias\/wp-content\/uploads\/2023\/08\/IMG-20230807-WA0050-300x200.jpg 300w, https:\/\/alminutonoticia.com\/noticias\/wp-content\/uploads\/2023\/08\/IMG-20230807-WA0050-768x512.jpg 768w, https:\/\/alminutonoticia.com\/noticias\/wp-content\/uploads\/2023\/08\/IMG-20230807-WA0050-1536x1024.jpg 1536w, https:\/\/alminutonoticia.com\/noticias\/wp-content\/uploads\/2023\/08\/IMG-20230807-WA0050.jpg 1599w\" sizes=\"(max-width: 1024px) 100vw, 1024px\" \/><\/a><\/figure>\n\n\n\n<figure class=\"wp-block-image size-large\"><a href=\"https:\/\/alminutonoticia.com\/noticias\/wp-content\/uploads\/2023\/08\/IMG-20230807-WA0043.jpg\"><img decoding=\"async\" width=\"1024\" height=\"683\" src=\"https:\/\/alminutonoticia.com\/noticias\/wp-content\/uploads\/2023\/08\/IMG-20230807-WA0043-1024x683.jpg\" alt=\"\" class=\"wp-image-5594\" title=\"\" srcset=\"https:\/\/alminutonoticia.com\/noticias\/wp-content\/uploads\/2023\/08\/IMG-20230807-WA0043-1024x683.jpg 1024w, https:\/\/alminutonoticia.com\/noticias\/wp-content\/uploads\/2023\/08\/IMG-20230807-WA0043-300x200.jpg 300w, https:\/\/alminutonoticia.com\/noticias\/wp-content\/uploads\/2023\/08\/IMG-20230807-WA0043-768x512.jpg 768w, https:\/\/alminutonoticia.com\/noticias\/wp-content\/uploads\/2023\/08\/IMG-20230807-WA0043-1536x1024.jpg 1536w, https:\/\/alminutonoticia.com\/noticias\/wp-content\/uploads\/2023\/08\/IMG-20230807-WA0043.jpg 1599w\" sizes=\"(max-width: 1024px) 100vw, 1024px\" \/><\/a><\/figure>\n\n\n\n<figure class=\"wp-block-image size-large\"><a href=\"https:\/\/alminutonoticia.com\/noticias\/wp-content\/uploads\/2023\/08\/IMG-20230807-WA0049.jpg\"><img decoding=\"async\" width=\"1024\" height=\"683\" src=\"https:\/\/alminutonoticia.com\/noticias\/wp-content\/uploads\/2023\/08\/IMG-20230807-WA0049-1024x683.jpg\" alt=\"\" class=\"wp-image-5595\" title=\"\" srcset=\"https:\/\/alminutonoticia.com\/noticias\/wp-content\/uploads\/2023\/08\/IMG-20230807-WA0049-1024x683.jpg 1024w, https:\/\/alminutonoticia.com\/noticias\/wp-content\/uploads\/2023\/08\/IMG-20230807-WA0049-300x200.jpg 300w, https:\/\/alminutonoticia.com\/noticias\/wp-content\/uploads\/2023\/08\/IMG-20230807-WA0049-768x512.jpg 768w, https:\/\/alminutonoticia.com\/noticias\/wp-content\/uploads\/2023\/08\/IMG-20230807-WA0049-1536x1024.jpg 1536w, https:\/\/alminutonoticia.com\/noticias\/wp-content\/uploads\/2023\/08\/IMG-20230807-WA0049.jpg 1599w\" sizes=\"(max-width: 1024px) 100vw, 1024px\" \/><\/a><\/figure>\n","protected":false},"excerpt":{"rendered":"<p>El Ministerio de Vivienda y Ordenamiento Territorial (Miviot) realizar\u00e1 las gestiones necesarias para ayudar a un grupo de familias que reside sin legalidad en un sector del corregimiento de Burunga, en el distrito de Arraij\u00e1n, que tienen la particularidad que est\u00e1n dentro del \u00e1rea de servidumbre de la l\u00ednea de transmisi\u00f3n el\u00e9ctrica. Durante una reuni\u00f3n [&hellip;]<\/p>\n","protected":false},"author":3,"featured_media":5595,"comment_status":"open","ping_status":"open","sticky":false,"template":"","format":"standard","meta":{"footnotes":""},"categories":[36],"tags":[],"class_list":["post-5592","post","type-post","status-publish","format-standard","has-post-thumbnail","hentry","category-nacionales"],"_links":{"self":[{"href":"https:\/\/alminutonoticia.com\/noticias\/wp-json\/wp\/v2\/posts\/5592","targetHints":{"allow":["GET"]}}],"collection":[{"href":"https:\/\/alminutonoticia.com\/noticias\/wp-json\/wp\/v2\/posts"}],"about":[{"href":"https:\/\/alminutonoticia.com\/noticias\/wp-json\/wp\/v2\/types\/post"}],"author":[{"embeddable":true,"href":"https:\/\/alminutonoticia.com\/noticias\/wp-json\/wp\/v2\/users\/3"}],"replies":[{"embeddable":true,"href":"https:\/\/alminutonoticia.com\/noticias\/wp-json\/wp\/v2\/comments?post=5592"}],"version-history":[{"count":1,"href":"https:\/\/alminutonoticia.com\/noticias\/wp-json\/wp\/v2\/posts\/5592\/revisions"}],"predecessor-version":[{"id":5596,"href":"https:\/\/alminutonoticia.com\/noticias\/wp-json\/wp\/v2\/posts\/5592\/revisions\/5596"}],"wp:featuredmedia":[{"embeddable":true,"href":"https:\/\/alminutonoticia.com\/noticias\/wp-json\/wp\/v2\/media\/5595"}],"wp:attachment":[{"href":"https:\/\/alminutonoticia.com\/noticias\/wp-json\/wp\/v2\/media?parent=5592"}],"wp:term":[{"taxonomy":"category","embeddable":true,"href":"https:\/\/alminutonoticia.com\/noticias\/wp-json\/wp\/v2\/categories?post=5592"},{"taxonomy":"post_tag","embeddable":true,"href":"https:\/\/alminutonoticia.com\/noticias\/wp-json\/wp\/v2\/tags?post=5592"}],"curies":[{"name":"wp","href":"https:\/\/api.w.org\/{rel}","templated":true}]}}