{"id":5563,"date":"2023-08-09T11:20:14","date_gmt":"2023-08-09T11:20:14","guid":{"rendered":"https:\/\/alminutonoticia.com\/noticias\/?p=5563"},"modified":"2023-08-09T11:20:14","modified_gmt":"2023-08-09T11:20:14","slug":"comision-asignada-por-el-gobierno-nacional-logra-acuerdo-con-dirigentes-comarcales","status":"publish","type":"post","link":"https:\/\/alminutonoticia.com\/noticias\/comision-asignada-por-el-gobierno-nacional-logra-acuerdo-con-dirigentes-comarcales\/","title":{"rendered":"Comisi\u00f3n asignada por el Gobierno Nacional logra acuerdo con dirigentes comarcales"},"content":{"rendered":"\n<p>Tras una extensa jornada de m\u00e1s de 15 horas la Comisi\u00f3n&nbsp;&nbsp;Gubernamental de Alto Nivel, liderada por el ministro de Obras P\u00fablicas, Rafael Sabonge; el ministro de Gobierno, Roger Tejada lograron firmar un documento que&nbsp;&nbsp;ampl\u00eda el monto de inversi\u00f3n para la rehabilitaci\u00f3n y mejoras de las tres \u00e1reas de la Comarca&nbsp;&nbsp;Ng\u00e4be Bugl\u00e9 y puso fin al cierre de la v\u00eda Panamericana en el oriente chiricano.<\/p>\n\n\n\n<p>En el acuerdo se establece, la modificaci\u00f3n de la Resoluci\u00f3n 80 del 27 de julio de 2023 en la sustituci\u00f3n del monto de 7 millones de balboas por hasta 150 millones de balboas distribuidos en 143 millones para la Regi\u00f3n Nedrini y 7 millones para&nbsp;&nbsp;las Regiones Kadri y \u00d1okribo.<\/p>\n\n\n\n<p>El Acuerdo suscrito por la Comisi\u00f3n de alto nivel del Gobierno Nacional con los dirigentes ind\u00edgenas, deber\u00e1 ser sometido al Concejo de Gabinete de hoy martes 8 de agosto de 2023, para su ratificaci\u00f3n.<\/p>\n\n\n\n<p>Igualmente se\u00f1ala el Acuerdo, el establecimiento de una Comisi\u00f3n de seguimiento para el cumplimiento de lo aprobado y que a m\u00e1s tardar el 15 de septiembre del 2023, se suba al portal de Panam\u00e1 Compra, el Pliego de Cargos para la Licitaci\u00f3n de las obras.<\/p>\n\n\n\n<p>Con la firmas de las partes, se levant\u00f3 inmediatamente todas las medidas de cierre de la carretera Panamericana con el fin de no continuar las afectaciones a la poblaci\u00f3n en general.<\/p>\n\n\n\n<p>Los Ministros de Obras P\u00fablicas y de Gobierno estuvieron acompa\u00f1ados por los viceministros Carlos Staff de Meduca; Librada de Fr\u00edas del MOP; Ismael Ja\u00e9n de Asuntos Ind\u00edgenas, el secretario general de MINGOB, Crist\u00f3bal Tu\u00f1\u00f3n, Edgardo Rizzo, director de CONComarcas, Zacar\u00edas \u00c1lvarez, director nacional de Mantenimiento del MOP y los gobernadores Joel Arcia de la Comarca Ng\u00e4be, Manuel Castillo Melamed de Veraguas y Juan Carlos Mu\u00f1oz\u00a0\u00a0<em>Franceschi<\/em>\u00a0de Chiriqu\u00ed.<\/p>\n\n\n\n<figure class=\"wp-block-image size-large\"><a href=\"https:\/\/alminutonoticia.com\/noticias\/wp-content\/uploads\/2023\/08\/3-2-1.jpg\"><img fetchpriority=\"high\" decoding=\"async\" width=\"1024\" height=\"576\" src=\"https:\/\/alminutonoticia.com\/noticias\/wp-content\/uploads\/2023\/08\/3-2-1-1024x576.jpg\" alt=\"\" class=\"wp-image-5564\" title=\"\" srcset=\"https:\/\/alminutonoticia.com\/noticias\/wp-content\/uploads\/2023\/08\/3-2-1-1024x576.jpg 1024w, https:\/\/alminutonoticia.com\/noticias\/wp-content\/uploads\/2023\/08\/3-2-1-300x169.jpg 300w, https:\/\/alminutonoticia.com\/noticias\/wp-content\/uploads\/2023\/08\/3-2-1-768x432.jpg 768w, https:\/\/alminutonoticia.com\/noticias\/wp-content\/uploads\/2023\/08\/3-2-1-1536x864.jpg 1536w, https:\/\/alminutonoticia.com\/noticias\/wp-content\/uploads\/2023\/08\/3-2-1.jpg 1600w\" sizes=\"(max-width: 1024px) 100vw, 1024px\" \/><\/a><\/figure>\n\n\n\n<figure class=\"wp-block-image size-large\"><a href=\"https:\/\/alminutonoticia.com\/noticias\/wp-content\/uploads\/2023\/08\/2.1.jpg\"><img decoding=\"async\" width=\"1024\" height=\"576\" src=\"https:\/\/alminutonoticia.com\/noticias\/wp-content\/uploads\/2023\/08\/2.1-1024x576.jpg\" alt=\"\" class=\"wp-image-5565\" title=\"\" srcset=\"https:\/\/alminutonoticia.com\/noticias\/wp-content\/uploads\/2023\/08\/2.1-1024x576.jpg 1024w, https:\/\/alminutonoticia.com\/noticias\/wp-content\/uploads\/2023\/08\/2.1-300x169.jpg 300w, https:\/\/alminutonoticia.com\/noticias\/wp-content\/uploads\/2023\/08\/2.1-768x432.jpg 768w, https:\/\/alminutonoticia.com\/noticias\/wp-content\/uploads\/2023\/08\/2.1-1536x864.jpg 1536w, https:\/\/alminutonoticia.com\/noticias\/wp-content\/uploads\/2023\/08\/2.1.jpg 1600w\" sizes=\"(max-width: 1024px) 100vw, 1024px\" \/><\/a><\/figure>\n\n\n\n<figure class=\"wp-block-image size-large\"><a href=\"https:\/\/alminutonoticia.com\/noticias\/wp-content\/uploads\/2023\/08\/1-18.jpg\"><img decoding=\"async\" width=\"1024\" height=\"576\" src=\"https:\/\/alminutonoticia.com\/noticias\/wp-content\/uploads\/2023\/08\/1-18-1024x576.jpg\" alt=\"\" class=\"wp-image-5566\" title=\"\" srcset=\"https:\/\/alminutonoticia.com\/noticias\/wp-content\/uploads\/2023\/08\/1-18-1024x576.jpg 1024w, https:\/\/alminutonoticia.com\/noticias\/wp-content\/uploads\/2023\/08\/1-18-300x169.jpg 300w, https:\/\/alminutonoticia.com\/noticias\/wp-content\/uploads\/2023\/08\/1-18-768x432.jpg 768w, https:\/\/alminutonoticia.com\/noticias\/wp-content\/uploads\/2023\/08\/1-18-1536x864.jpg 1536w, https:\/\/alminutonoticia.com\/noticias\/wp-content\/uploads\/2023\/08\/1-18.jpg 1600w\" sizes=\"(max-width: 1024px) 100vw, 1024px\" \/><\/a><\/figure>\n","protected":false},"excerpt":{"rendered":"<p>Tras una extensa jornada de m\u00e1s de 15 horas la Comisi\u00f3n&nbsp;&nbsp;Gubernamental de Alto Nivel, liderada por el ministro de Obras P\u00fablicas, Rafael Sabonge; el ministro de Gobierno, Roger Tejada lograron firmar un documento que&nbsp;&nbsp;ampl\u00eda el monto de inversi\u00f3n para la rehabilitaci\u00f3n y mejoras de las tres \u00e1reas de la Comarca&nbsp;&nbsp;Ng\u00e4be Bugl\u00e9 y puso fin al [&hellip;]<\/p>\n","protected":false},"author":3,"featured_media":5566,"comment_status":"open","ping_status":"open","sticky":false,"template":"","format":"standard","meta":{"footnotes":""},"categories":[36],"tags":[],"class_list":["post-5563","post","type-post","status-publish","format-standard","has-post-thumbnail","hentry","category-nacionales"],"_links":{"self":[{"href":"https:\/\/alminutonoticia.com\/noticias\/wp-json\/wp\/v2\/posts\/5563","targetHints":{"allow":["GET"]}}],"collection":[{"href":"https:\/\/alminutonoticia.com\/noticias\/wp-json\/wp\/v2\/posts"}],"about":[{"href":"https:\/\/alminutonoticia.com\/noticias\/wp-json\/wp\/v2\/types\/post"}],"author":[{"embeddable":true,"href":"https:\/\/alminutonoticia.com\/noticias\/wp-json\/wp\/v2\/users\/3"}],"replies":[{"embeddable":true,"href":"https:\/\/alminutonoticia.com\/noticias\/wp-json\/wp\/v2\/comments?post=5563"}],"version-history":[{"count":1,"href":"https:\/\/alminutonoticia.com\/noticias\/wp-json\/wp\/v2\/posts\/5563\/revisions"}],"predecessor-version":[{"id":5567,"href":"https:\/\/alminutonoticia.com\/noticias\/wp-json\/wp\/v2\/posts\/5563\/revisions\/5567"}],"wp:featuredmedia":[{"embeddable":true,"href":"https:\/\/alminutonoticia.com\/noticias\/wp-json\/wp\/v2\/media\/5566"}],"wp:attachment":[{"href":"https:\/\/alminutonoticia.com\/noticias\/wp-json\/wp\/v2\/media?parent=5563"}],"wp:term":[{"taxonomy":"category","embeddable":true,"href":"https:\/\/alminutonoticia.com\/noticias\/wp-json\/wp\/v2\/categories?post=5563"},{"taxonomy":"post_tag","embeddable":true,"href":"https:\/\/alminutonoticia.com\/noticias\/wp-json\/wp\/v2\/tags?post=5563"}],"curies":[{"name":"wp","href":"https:\/\/api.w.org\/{rel}","templated":true}]}}