{"id":5271,"date":"2023-07-18T01:17:53","date_gmt":"2023-07-18T01:17:53","guid":{"rendered":"https:\/\/alminutonoticia.com\/noticias\/?p=5271"},"modified":"2023-07-18T01:17:54","modified_gmt":"2023-07-18T01:17:54","slug":"profesionales-de-la-industria-cinematografica-reciben-certificacion-de-micultura","status":"publish","type":"post","link":"https:\/\/alminutonoticia.com\/noticias\/profesionales-de-la-industria-cinematografica-reciben-certificacion-de-micultura\/","title":{"rendered":"Profesionales de la industria cinematogr\u00e1fica reciben certificaci\u00f3n de Micultura"},"content":{"rendered":"\n<p>Un total de 30 profesionales recibieron su certificado de culminaci\u00f3n de curso, sobre Desarrollo de Proyectos Cinematogr\u00e1ficos, dictada por la reconocida productora y cineasta mexicana, Martha Orozco.<\/p>\n\n\n\n<p>Durante una semana los participantes compartieron experiencias y tuvieron la oportunidad de analizar la ruta para dise\u00f1ar estrat\u00e9gicamente sus proyectos cinematogr\u00e1ficos, pasando por la selecci\u00f3n de una idea, la escritura, los aspectos creativos y art\u00edsticos de una carpeta, estrategia de financiaci\u00f3n, presupuesto, aspectos legales, derecho de autor, distribuci\u00f3n, hasta participaci\u00f3n en festivales y mercados.<\/p>\n\n\n\n<p>El taller totalmente gratis, estuvo organizado por la direcci\u00f3n Nacional de Cine (Dicine) del Ministerio de Cultura (MiCultura) y dirigido a productores, directores y guionistas con proyectos para aplicar al Concurso Nacional Fondo Cine.<\/p>\n\n\n\n<p>Sheila Gonz\u00e1lez, de Dicine de MiCultura, destac\u00f3 que \u201cMiCultura con estas capacitaciones est\u00e1 enfocada en la formaci\u00f3n y fortalecimiento de conocimientos de las nuevas generaciones de creadores audiovisuales\u201d.<\/p>\n\n\n\n<p>\u201cPara nosotros es importante robustecer las carpetas de los participantes que aplican en el Concurso Nacional Fondo Cine, de manera que los proyectos tengan un contenido de calidad, que les permita desarrollar con \u00e9xito sus proyectos cinematogr\u00e1ficos\u00bb, agreg\u00f3 Gonz\u00e1lez.<\/p>\n\n\n\n<p>La directora de DICINE agreg\u00f3 \u201cnosotros apostamos a la internalizaci\u00f3n de nuestro cine, que todos los proyectos traspasen fronteras, que hagamos un cine de calidad que nos identifique y que nos permita mostrar al mundo una imagen cinematogr\u00e1fica aut\u00e9nticamente paname\u00f1a.<\/p>\n\n\n\n<p>Por su parte Martha Orozco, productora y cineasta recalc\u00f3 \u201cconsidero que en panam\u00e1 se tiene potencial para hacer buen cine. Es importante tener pel\u00edculas con identidad cultural, que deje una marca pa\u00eds en la regi\u00f3n\u201d.<\/p>\n\n\n\n<p>\u201cEl apoyo que brinda MiCultura, es una apuesta, porque los directivos est\u00e1n pensando en fondos iniciativas, abriendo ventanas generaran do redes para potenciar nuevos talentos y seguir apoyando a los que ya existen\u201d, se\u00f1al\u00f3 Orozco.<\/p>\n\n\n\n<p>Mientras que Jhojaddy Grissel Ram\u00edrez, productora y directora mencion\u00f3 que \u201cme ha gustado mucho el taller, las herramientas pr\u00e1cticas para aplicar al proceso y desarrollo de nuestras carpetas, este tipo de experiencia, que adem\u00e1s es de forma gratuita con expertos en la industria internacional es muy valioso para nosotros como cineastas paname\u00f1os\u201d.<\/p>\n\n\n\n<figure class=\"wp-block-image size-full\"><a href=\"https:\/\/alminutonoticia.com\/noticias\/wp-content\/uploads\/2023\/07\/WhatsApp-Image-2023-07-14-at-4.49.07-PM-2-1024x682-1.jpeg\"><img fetchpriority=\"high\" decoding=\"async\" width=\"1024\" height=\"682\" src=\"https:\/\/alminutonoticia.com\/noticias\/wp-content\/uploads\/2023\/07\/WhatsApp-Image-2023-07-14-at-4.49.07-PM-2-1024x682-1.jpeg\" alt=\"\" class=\"wp-image-5272\" title=\"\" srcset=\"https:\/\/alminutonoticia.com\/noticias\/wp-content\/uploads\/2023\/07\/WhatsApp-Image-2023-07-14-at-4.49.07-PM-2-1024x682-1.jpeg 1024w, https:\/\/alminutonoticia.com\/noticias\/wp-content\/uploads\/2023\/07\/WhatsApp-Image-2023-07-14-at-4.49.07-PM-2-1024x682-1-300x200.jpeg 300w, https:\/\/alminutonoticia.com\/noticias\/wp-content\/uploads\/2023\/07\/WhatsApp-Image-2023-07-14-at-4.49.07-PM-2-1024x682-1-768x512.jpeg 768w\" sizes=\"(max-width: 1024px) 100vw, 1024px\" \/><\/a><\/figure>\n\n\n\n<figure class=\"wp-block-image size-full is-resized\"><a href=\"https:\/\/alminutonoticia.com\/noticias\/wp-content\/uploads\/2023\/07\/WhatsApp-Image-2023-07-14-at-4.49.07-PM-1-1024x682-1.jpeg\"><img decoding=\"async\" src=\"https:\/\/alminutonoticia.com\/noticias\/wp-content\/uploads\/2023\/07\/WhatsApp-Image-2023-07-14-at-4.49.07-PM-1-1024x682-1.jpeg\" alt=\"\" class=\"wp-image-5273\" width=\"840\" height=\"559\" title=\"\" srcset=\"https:\/\/alminutonoticia.com\/noticias\/wp-content\/uploads\/2023\/07\/WhatsApp-Image-2023-07-14-at-4.49.07-PM-1-1024x682-1.jpeg 1024w, https:\/\/alminutonoticia.com\/noticias\/wp-content\/uploads\/2023\/07\/WhatsApp-Image-2023-07-14-at-4.49.07-PM-1-1024x682-1-300x200.jpeg 300w, https:\/\/alminutonoticia.com\/noticias\/wp-content\/uploads\/2023\/07\/WhatsApp-Image-2023-07-14-at-4.49.07-PM-1-1024x682-1-768x512.jpeg 768w\" sizes=\"(max-width: 840px) 100vw, 840px\" \/><\/a><\/figure>\n\n\n\n<figure class=\"wp-block-image size-full\"><a href=\"https:\/\/alminutonoticia.com\/noticias\/wp-content\/uploads\/2023\/07\/WhatsApp-Image-2023-07-14-at-4.49.07-PM-1024x712-1.jpeg\"><img decoding=\"async\" width=\"1024\" height=\"712\" src=\"https:\/\/alminutonoticia.com\/noticias\/wp-content\/uploads\/2023\/07\/WhatsApp-Image-2023-07-14-at-4.49.07-PM-1024x712-1.jpeg\" alt=\"\" class=\"wp-image-5274\" title=\"\" srcset=\"https:\/\/alminutonoticia.com\/noticias\/wp-content\/uploads\/2023\/07\/WhatsApp-Image-2023-07-14-at-4.49.07-PM-1024x712-1.jpeg 1024w, https:\/\/alminutonoticia.com\/noticias\/wp-content\/uploads\/2023\/07\/WhatsApp-Image-2023-07-14-at-4.49.07-PM-1024x712-1-300x209.jpeg 300w, https:\/\/alminutonoticia.com\/noticias\/wp-content\/uploads\/2023\/07\/WhatsApp-Image-2023-07-14-at-4.49.07-PM-1024x712-1-768x534.jpeg 768w\" sizes=\"(max-width: 1024px) 100vw, 1024px\" \/><\/a><\/figure>\n","protected":false},"excerpt":{"rendered":"<p>Un total de 30 profesionales recibieron su certificado de culminaci\u00f3n de curso, sobre Desarrollo de Proyectos Cinematogr\u00e1ficos, dictada por la reconocida productora y cineasta mexicana, Martha Orozco. Durante una semana los participantes compartieron experiencias y tuvieron la oportunidad de analizar la ruta para dise\u00f1ar estrat\u00e9gicamente sus proyectos cinematogr\u00e1ficos, pasando por la selecci\u00f3n de una idea, [&hellip;]<\/p>\n","protected":false},"author":3,"featured_media":5272,"comment_status":"open","ping_status":"open","sticky":false,"template":"","format":"standard","meta":{"footnotes":""},"categories":[36],"tags":[],"class_list":["post-5271","post","type-post","status-publish","format-standard","has-post-thumbnail","hentry","category-nacionales"],"_links":{"self":[{"href":"https:\/\/alminutonoticia.com\/noticias\/wp-json\/wp\/v2\/posts\/5271","targetHints":{"allow":["GET"]}}],"collection":[{"href":"https:\/\/alminutonoticia.com\/noticias\/wp-json\/wp\/v2\/posts"}],"about":[{"href":"https:\/\/alminutonoticia.com\/noticias\/wp-json\/wp\/v2\/types\/post"}],"author":[{"embeddable":true,"href":"https:\/\/alminutonoticia.com\/noticias\/wp-json\/wp\/v2\/users\/3"}],"replies":[{"embeddable":true,"href":"https:\/\/alminutonoticia.com\/noticias\/wp-json\/wp\/v2\/comments?post=5271"}],"version-history":[{"count":1,"href":"https:\/\/alminutonoticia.com\/noticias\/wp-json\/wp\/v2\/posts\/5271\/revisions"}],"predecessor-version":[{"id":5275,"href":"https:\/\/alminutonoticia.com\/noticias\/wp-json\/wp\/v2\/posts\/5271\/revisions\/5275"}],"wp:featuredmedia":[{"embeddable":true,"href":"https:\/\/alminutonoticia.com\/noticias\/wp-json\/wp\/v2\/media\/5272"}],"wp:attachment":[{"href":"https:\/\/alminutonoticia.com\/noticias\/wp-json\/wp\/v2\/media?parent=5271"}],"wp:term":[{"taxonomy":"category","embeddable":true,"href":"https:\/\/alminutonoticia.com\/noticias\/wp-json\/wp\/v2\/categories?post=5271"},{"taxonomy":"post_tag","embeddable":true,"href":"https:\/\/alminutonoticia.com\/noticias\/wp-json\/wp\/v2\/tags?post=5271"}],"curies":[{"name":"wp","href":"https:\/\/api.w.org\/{rel}","templated":true}]}}