{"id":5265,"date":"2023-07-18T01:10:43","date_gmt":"2023-07-18T01:10:43","guid":{"rendered":"https:\/\/alminutonoticia.com\/noticias\/?p=5265"},"modified":"2023-07-18T01:10:44","modified_gmt":"2023-07-18T01:10:44","slug":"ministro-concepcion-aborda-tematica-sobre-la-sostenibilidad-del-recurso-hidrico-durante-foro-politico-de-naciones-unidas","status":"publish","type":"post","link":"https:\/\/alminutonoticia.com\/noticias\/ministro-concepcion-aborda-tematica-sobre-la-sostenibilidad-del-recurso-hidrico-durante-foro-politico-de-naciones-unidas\/","title":{"rendered":"Ministro Concepci\u00f3n aborda tem\u00e1tica sobre la sostenibilidad del recurso h\u00eddrico durante foro pol\u00edtico de Naciones Unidas"},"content":{"rendered":"\n<p>El Ministro de Ambiente, Milciades Concepci\u00f3n y la Ministra de Desarrollo Social, Mar\u00eda In\u00e9s Castillo, participaron en el Foro Pol\u00edtico de Alto Nivel sobre Desarrollo Sostenible en Naciones Unidas, Nueva York.<\/p>\n\n\n\n<p>Este importante encuentro mundial re\u00fane anualmente a ministros de Estados bajo los auspicios del Consejo Econ\u00f3mico y Social de las Naciones Unidas (ECOSOC).<br>El titular de la cartera de Ambiente, aprovech\u00f3 el espacio para tratar un tema de vital relevancia: el desarrollo de capacidades en la gesti\u00f3n sostenible del recurso h\u00eddrico.<\/p>\n\n\n\n<p>Expres\u00f3 que la creciente demanda de agua, el cambio clim\u00e1tico, la deforestaci\u00f3n y la contaminaci\u00f3n son solo algunos de los factores que amenazan la disponibilidad y calidad de los recursos h\u00eddricos. Es por ello que para garantizar un futuro sostenible, es fundamental que se desarrollen capacidades en el uso adecuado y responsable del agua.<\/p>\n\n\n\n<p>\u201cLa Iniciativa de Desarrollo de Capacidades de ONU-Agua para el ODS 6, llega en un momento crucial, como plataforma de coordinaci\u00f3n interinstitucional en el trabajo de desarrollo de capacidades relacionadas con el agua, el saneamiento y la higiene\u201d, agreg\u00f3.<\/p>\n\n\n\n<p>Concepci\u00f3n detall\u00f3 que esta iniciativa permite al Sistema de las Naciones Unidas y a sus socios, aunar esfuerzos y unirse en la acci\u00f3n para apoyar a los pa\u00edses en el desarrollo de capacidades y acelerar as\u00ed la implementaci\u00f3n de los objetivos y metas relacionados con el agua y el saneamiento de la Agenda 2030.<\/p>\n\n\n\n<p>Con relaci\u00f3n a la posici\u00f3n pa\u00eds, manifest\u00f3 que Panam\u00e1 tambi\u00e9n avanza con la propuesta de incorporar las competencias, las habilidades de aprendizaje y tecnolog\u00edas de innovaci\u00f3n, de comunicaci\u00f3n, colaboraci\u00f3n y valores que sean necesarios, para que su poblaci\u00f3n pueda superar los retos y desaf\u00edos nacionales y mundiales, especialmente del cambio clim\u00e1tico, la sostenibilidad medioambiental, la p\u00e9rdida de la biodiversidad, la pobreza y las desigualdades.<\/p>\n\n\n\n<p>\u201cPanam\u00e1 es una tierra privilegiada con una gran diversidad natural; sin embargo, en las \u00faltimas d\u00e9cadas hemos sido testigos de los desaf\u00edos que enfrentamos en la gesti\u00f3n y protecci\u00f3n de los recursos h\u00eddricos, haciendo ver que es fundamental fomentar la colaboraci\u00f3n entre los diferentes sectores, como la agricultura, la industria y el turismo, entre otros, para adoptar pr\u00e1cticas sostenibles en el uso del agua\u201d, sostuvo.<\/p>\n\n\n\n<p>Para concluir dijo que Panam\u00e1 ha sido seleccionado como pa\u00eds piloto de la Iniciativa de Desarrollo de Capacidades (CDI) de ONU-Agua para el Objetivo de desarrollo sostenible n\u00famero 6, Agua limpia y saneamiento (ODS6).<br>Esto tiene como prop\u00f3sito garantizar la disponibilidad de agua, su gesti\u00f3n sostenible y el saneamiento para todos.<\/p>\n\n\n\n<p>Valor de este foro<\/p>\n\n\n\n<p>Seg\u00fan el sitio web de ONU Mujeres, el Foro Pol\u00edtico de Alto Nivel sobre el Desarrollo Sostenible (FPAN) es la principal plataforma de las Naciones Unidas para el seguimiento y el an\u00e1lisis de la Agenda 2030 para el Desarrollo Sostenible.<\/p>\n\n\n\n<p>A su vez, proporciona liderazgo pol\u00edtico, orientaci\u00f3n y recomendaciones para lograr el desarrollo sostenible, examina el progreso en la implementaci\u00f3n de la Agenda 2030 y los Objetivos de Desarrollo Sostenible (ODS), con la finalidad de integrar las dimensiones econ\u00f3mica, social y medioambiental del desarrollo sostenible.<\/p>\n\n\n\n<p>El FPAN se re\u00fane cada a\u00f1o auspiciado por el Consejo Econ\u00f3mico y Social de las Naciones Unidas (ECOSOC), y cada cuatro a\u00f1os auspiciado por la Asamblea General, momento en el que las jefas y los jefes de Estado y\/o de Gobierno asisten al Foro.<\/p>\n\n\n\n<figure class=\"wp-block-image size-large\"><a href=\"https:\/\/alminutonoticia.com\/noticias\/wp-content\/uploads\/2023\/07\/WhatsApp-Image-2023-07-17-at-1.17.30-PM.jpeg\"><img fetchpriority=\"high\" decoding=\"async\" width=\"1024\" height=\"768\" src=\"https:\/\/alminutonoticia.com\/noticias\/wp-content\/uploads\/2023\/07\/WhatsApp-Image-2023-07-17-at-1.17.30-PM-1024x768.jpeg\" alt=\"\" class=\"wp-image-5266\" title=\"\" srcset=\"https:\/\/alminutonoticia.com\/noticias\/wp-content\/uploads\/2023\/07\/WhatsApp-Image-2023-07-17-at-1.17.30-PM-1024x768.jpeg 1024w, https:\/\/alminutonoticia.com\/noticias\/wp-content\/uploads\/2023\/07\/WhatsApp-Image-2023-07-17-at-1.17.30-PM-300x225.jpeg 300w, https:\/\/alminutonoticia.com\/noticias\/wp-content\/uploads\/2023\/07\/WhatsApp-Image-2023-07-17-at-1.17.30-PM-768x576.jpeg 768w, https:\/\/alminutonoticia.com\/noticias\/wp-content\/uploads\/2023\/07\/WhatsApp-Image-2023-07-17-at-1.17.30-PM-1536x1152.jpeg 1536w, https:\/\/alminutonoticia.com\/noticias\/wp-content\/uploads\/2023\/07\/WhatsApp-Image-2023-07-17-at-1.17.30-PM.jpeg 1600w\" sizes=\"(max-width: 1024px) 100vw, 1024px\" \/><\/a><\/figure>\n","protected":false},"excerpt":{"rendered":"<p>El Ministro de Ambiente, Milciades Concepci\u00f3n y la Ministra de Desarrollo Social, Mar\u00eda In\u00e9s Castillo, participaron en el Foro Pol\u00edtico de Alto Nivel sobre Desarrollo Sostenible en Naciones Unidas, Nueva York. Este importante encuentro mundial re\u00fane anualmente a ministros de Estados bajo los auspicios del Consejo Econ\u00f3mico y Social de las Naciones Unidas (ECOSOC).El titular [&hellip;]<\/p>\n","protected":false},"author":3,"featured_media":5266,"comment_status":"open","ping_status":"open","sticky":false,"template":"","format":"standard","meta":{"footnotes":""},"categories":[36],"tags":[],"class_list":["post-5265","post","type-post","status-publish","format-standard","has-post-thumbnail","hentry","category-nacionales"],"_links":{"self":[{"href":"https:\/\/alminutonoticia.com\/noticias\/wp-json\/wp\/v2\/posts\/5265","targetHints":{"allow":["GET"]}}],"collection":[{"href":"https:\/\/alminutonoticia.com\/noticias\/wp-json\/wp\/v2\/posts"}],"about":[{"href":"https:\/\/alminutonoticia.com\/noticias\/wp-json\/wp\/v2\/types\/post"}],"author":[{"embeddable":true,"href":"https:\/\/alminutonoticia.com\/noticias\/wp-json\/wp\/v2\/users\/3"}],"replies":[{"embeddable":true,"href":"https:\/\/alminutonoticia.com\/noticias\/wp-json\/wp\/v2\/comments?post=5265"}],"version-history":[{"count":1,"href":"https:\/\/alminutonoticia.com\/noticias\/wp-json\/wp\/v2\/posts\/5265\/revisions"}],"predecessor-version":[{"id":5267,"href":"https:\/\/alminutonoticia.com\/noticias\/wp-json\/wp\/v2\/posts\/5265\/revisions\/5267"}],"wp:featuredmedia":[{"embeddable":true,"href":"https:\/\/alminutonoticia.com\/noticias\/wp-json\/wp\/v2\/media\/5266"}],"wp:attachment":[{"href":"https:\/\/alminutonoticia.com\/noticias\/wp-json\/wp\/v2\/media?parent=5265"}],"wp:term":[{"taxonomy":"category","embeddable":true,"href":"https:\/\/alminutonoticia.com\/noticias\/wp-json\/wp\/v2\/categories?post=5265"},{"taxonomy":"post_tag","embeddable":true,"href":"https:\/\/alminutonoticia.com\/noticias\/wp-json\/wp\/v2\/tags?post=5265"}],"curies":[{"name":"wp","href":"https:\/\/api.w.org\/{rel}","templated":true}]}}