{"id":5250,"date":"2023-07-16T21:20:27","date_gmt":"2023-07-16T21:20:27","guid":{"rendered":"https:\/\/alminutonoticia.com\/noticias\/?p=5250"},"modified":"2023-07-16T21:59:14","modified_gmt":"2023-07-16T21:59:14","slug":"martin-torrijos-es-ratificado-como-candidato-presidencial-del-partido-popul","status":"publish","type":"post","link":"https:\/\/alminutonoticia.com\/noticias\/martin-torrijos-es-ratificado-como-candidato-presidencial-del-partido-popul\/","title":{"rendered":"Mart\u00edn Torrijos es ratificado como Candidato Presidencial del Partido Popular"},"content":{"rendered":"\n<p>No regreso para dejar que el pa\u00eds siga c\u00f3mo est\u00e1; Panam\u00e1 no es el negocio de nadie. \u00a1Se acab\u00f3 la rapi\u00f1a!, habr\u00e1 nuevas reglas para todos donde \u00a1el que la hace la paga!<br>No habr\u00e1 espacio para los intocables que se mueven de gobierno en gobierno; gobernaremos con los mejores.<\/p>\n\n\n\n<p>El pr\u00f3ximo 5 de mayo, en solo 293 d\u00edas, comenzar\u00e1n los cambios que requiere Panam\u00e1; haremos las transformaciones que se necesitan, pero que nadie se ha atrevido a hacer.<br>Les propongo que desde hoy construyamos el Movimiento Panam\u00e1 Posible<br>Ciudad de Panam\u00e1, 16 de julio de 2023.- El expresidente Mart\u00edn Torrijos Espino fue ratificado hoy como candidato presidencial del opositor Partido Popular (PP), para las elecciones generales de mayo del pr\u00f3ximo a\u00f1o, mediante un Congreso Nacional Extraordinario, y dijo que no pretende regresar a la Presidencia para dejar el pa\u00eds como est\u00e1; que establecer\u00e1 nuevas reglas del juego; y llam\u00f3 a conformar el Movimiento Panam\u00e1 Posible para gobernar con los mejores.<br>\u201cCr\u00e9anme; vamos a acabar con el clientelismo y la corrupci\u00f3n que destruye la sociedad. No regreso para dejar que el pa\u00eds siga c\u00f3mo est\u00e1; Panam\u00e1 no es el negocio de nadie. \u00a1Se acab\u00f3 la rapi\u00f1a!, habr\u00e1 nuevas reglas para todos donde \u00a1el que la hace la paga!\u201d, dijo Torrijos Espino en un emotivo discurso.<br>Advirti\u00f3 que en su futuro gobierno no habr\u00e1 espacio para los intocables que se mueven de gobierno en gobierno\u201d, y reiter\u00f3 lo que ha dicho en cada encuentro con diferentes sectores de la sociedad paname\u00f1a y medios de prensa: \u201cgobernaremos con los mejores.\u201d<br>Tambi\u00e9n reiter\u00f3 que conformar\u00e1 un gabinete paritario; un equipo de gobierno capaz, honrado y comprometido con el pa\u00eds, sin mirar afiliaci\u00f3n pol\u00edtica, sino de justicia social y de participaci\u00f3n ciudadana.<\/p>\n\n\n\n<p>\u201cEl pr\u00f3ximo 5 de mayo, en solo 293 d\u00edas, comenzar\u00e1n los cambios que requiere Panam\u00e1, Haremos las transformaciones que se necesitan, pero que nadie se ha atrevido a hacer; lo hicimos una vez y lo volveremos a hacer\u201d, dijo el l\u00edder pol\u00edtico, quien fue mandatario de este pa\u00eds en el quinquenio 2004-2009.<\/p>\n\n\n\n<p>Se\u00f1al\u00f3 que se retomar\u00e1 el camino del progreso y la esperanza, donde la educaci\u00f3n y la salud son claves para resolver las injustas desigualdades que enfrenta la poblaci\u00f3n, y que resultan retos impostergables y tareas urgentes. En ese sentido, enumer\u00f3 los compromisos que ha adquirido y que cumplir\u00e1 en el campo de la salud y servicios p\u00fablicos como el agua.<\/p>\n\n\n\n<p>En materia econ\u00f3mica, del candidato presidencial del PP dijo que se crear\u00e1n nuevos<br>polos de desarrollo que den empleo en diferentes regiones del pa\u00eds, para detener la migraci\u00f3n hacia la ciudad capital, y con incentivos para que las empresas se establezcan.<\/p>\n\n\n\n<p>Empero, aclar\u00f3 que \u00e9l no participara en el \u201cconcurso de mentiras\u201d, pues se ha desatado una guerra de promesas, y \u201cya el tren va por Costa Rica, el metro parece una telara\u00f1a de l\u00edneas, las carreteras habr\u00e1 que construirlas una encima de la otra, ya prometen m\u00e1s escuelas que estudiantes y m\u00e1s puentes que r\u00edos.<\/p>\n\n\n\n<p>\u201cNuestra Candidatura no es solo una opci\u00f3n electoral del Partido Popular, es mucho m\u00e1s que eso; es un movimiento abierto, amplio; es una alianza social de compatriotas de todos los sectores, de j\u00f3venes y mujeres, trabajadores y empresarios, de campesinos e ind\u00edgenas, de independientes y miembros de otros partidos pol\u00edticos\u201d, insisti\u00f3 Torrijos Espino.<\/p>\n\n\n\n<p>Afirm\u00f3 que para ello, se requiere de una identidad para organizarse y ser parte de una alianza social dispuesta a luchar por construir el Panam\u00e1 que todos quieren. \u201cLes propongo que desde hoy construyamos el Movimiento Panam\u00e1 Posible\u201d, como un compromiso que se tiene con la patria y los paname\u00f1os.<\/p>\n\n\n\n<p>El candidato presidencia reiter\u00f3 que en esta elecci\u00f3n \u201cest\u00e1 en juego el pa\u00eds; ser\u00e1 el Panam\u00e1 Posible que surge con fe y optimismo; ser\u00e1 la victoria de la decencia y la esperanza.\u201d<\/p>\n\n\n\n<p>El ahora candidato presidencial acogi\u00f3 con humor el mote de \u201cPartido Picanto\u201d, aplicado al PP, por ser un colectivo con pocos activistas, y dijo que la m\u00edstica y el entusiasmo son m\u00e1s poderosas que las prebendas y el clientelismo, y que \u201cno es el tama\u00f1o (en alusi\u00f3n al popular auto compacto surcoreano) \u2026 es la raz\u00f3n y son las ganas\u201d,<br>Tambi\u00e9n tuvo palabras de elogio hacia el fallecido l\u00edder hist\u00f3rico de ese colectivo, otrora Dem\u00f3crata Cristiano, recordando que en el 2004 ambos decidieron que las diferencias del pasado \u201cno pod\u00edan impedir que enfrent\u00e1ramos unidos los grandes problemas que viv\u00edamos. Hoy quiero recordar al Dr. Ricardo Arias Calder\u00f3n; un paname\u00f1o excepcional, de profundas convicciones democr\u00e1ticas y con quien Panam\u00e1 est\u00e1 en deuda\u201d, dijo.<\/p>\n\n\n\n<p>Torrijos Espino fue ratificado como candidato presidencial por el 87 % de los delegados nacionales del PP que votaron.<br>Acorde con los estatutos del partido y la legislaci\u00f3n electoral paname\u00f1a, las elecciones primarias por convenciones o congresos nacionales en los colectivos con menos de 100 mil activistas.<\/p>\n\n\n\n<p><\/p>\n\n\n\n<figure class=\"wp-block-image size-large\"><a href=\"https:\/\/alminutonoticia.com\/noticias\/wp-content\/uploads\/2023\/07\/WhatsApp-Image-2023-07-16-at-3.35.21-PM-2.jpeg\"><img fetchpriority=\"high\" decoding=\"async\" width=\"1024\" height=\"683\" src=\"https:\/\/alminutonoticia.com\/noticias\/wp-content\/uploads\/2023\/07\/WhatsApp-Image-2023-07-16-at-3.35.21-PM-2-1024x683.jpeg\" alt=\"\" class=\"wp-image-5251\" title=\"\" srcset=\"https:\/\/alminutonoticia.com\/noticias\/wp-content\/uploads\/2023\/07\/WhatsApp-Image-2023-07-16-at-3.35.21-PM-2-1024x683.jpeg 1024w, https:\/\/alminutonoticia.com\/noticias\/wp-content\/uploads\/2023\/07\/WhatsApp-Image-2023-07-16-at-3.35.21-PM-2-300x200.jpeg 300w, https:\/\/alminutonoticia.com\/noticias\/wp-content\/uploads\/2023\/07\/WhatsApp-Image-2023-07-16-at-3.35.21-PM-2-768x512.jpeg 768w, https:\/\/alminutonoticia.com\/noticias\/wp-content\/uploads\/2023\/07\/WhatsApp-Image-2023-07-16-at-3.35.21-PM-2.jpeg 1296w\" sizes=\"(max-width: 1024px) 100vw, 1024px\" \/><\/a><\/figure>\n\n\n\n<figure class=\"wp-block-image size-large is-resized\"><a href=\"https:\/\/alminutonoticia.com\/noticias\/wp-content\/uploads\/2023\/07\/WhatsApp-Image-2023-07-16-at-3.35.21-PM-1.jpeg\"><img decoding=\"async\" src=\"https:\/\/alminutonoticia.com\/noticias\/wp-content\/uploads\/2023\/07\/WhatsApp-Image-2023-07-16-at-3.35.21-PM-1-1024x683.jpeg\" alt=\"\" class=\"wp-image-5252\" width=\"840\" height=\"560\" title=\"\" srcset=\"https:\/\/alminutonoticia.com\/noticias\/wp-content\/uploads\/2023\/07\/WhatsApp-Image-2023-07-16-at-3.35.21-PM-1-1024x683.jpeg 1024w, https:\/\/alminutonoticia.com\/noticias\/wp-content\/uploads\/2023\/07\/WhatsApp-Image-2023-07-16-at-3.35.21-PM-1-300x200.jpeg 300w, https:\/\/alminutonoticia.com\/noticias\/wp-content\/uploads\/2023\/07\/WhatsApp-Image-2023-07-16-at-3.35.21-PM-1-768x512.jpeg 768w, https:\/\/alminutonoticia.com\/noticias\/wp-content\/uploads\/2023\/07\/WhatsApp-Image-2023-07-16-at-3.35.21-PM-1.jpeg 1296w\" sizes=\"(max-width: 840px) 100vw, 840px\" \/><\/a><\/figure>\n\n\n\n<figure class=\"wp-block-image size-large\"><a href=\"https:\/\/alminutonoticia.com\/noticias\/wp-content\/uploads\/2023\/07\/WhatsApp-Image-2023-07-16-at-3.35.21-PM.jpeg\"><img decoding=\"async\" width=\"1024\" height=\"683\" src=\"https:\/\/alminutonoticia.com\/noticias\/wp-content\/uploads\/2023\/07\/WhatsApp-Image-2023-07-16-at-3.35.21-PM-1024x683.jpeg\" alt=\"\" class=\"wp-image-5253\" title=\"\" srcset=\"https:\/\/alminutonoticia.com\/noticias\/wp-content\/uploads\/2023\/07\/WhatsApp-Image-2023-07-16-at-3.35.21-PM-1024x683.jpeg 1024w, https:\/\/alminutonoticia.com\/noticias\/wp-content\/uploads\/2023\/07\/WhatsApp-Image-2023-07-16-at-3.35.21-PM-300x200.jpeg 300w, https:\/\/alminutonoticia.com\/noticias\/wp-content\/uploads\/2023\/07\/WhatsApp-Image-2023-07-16-at-3.35.21-PM-768x512.jpeg 768w, https:\/\/alminutonoticia.com\/noticias\/wp-content\/uploads\/2023\/07\/WhatsApp-Image-2023-07-16-at-3.35.21-PM.jpeg 1296w\" sizes=\"(max-width: 1024px) 100vw, 1024px\" \/><\/a><\/figure>\n\n\n\n<figure class=\"wp-block-image size-large\"><a href=\"https:\/\/alminutonoticia.com\/noticias\/wp-content\/uploads\/2023\/07\/WhatsApp-Image-2023-07-16-at-3.35.20-PM.jpeg\"><img loading=\"lazy\" decoding=\"async\" width=\"1024\" height=\"683\" src=\"https:\/\/alminutonoticia.com\/noticias\/wp-content\/uploads\/2023\/07\/WhatsApp-Image-2023-07-16-at-3.35.20-PM-1024x683.jpeg\" alt=\"\" class=\"wp-image-5254\" title=\"\" srcset=\"https:\/\/alminutonoticia.com\/noticias\/wp-content\/uploads\/2023\/07\/WhatsApp-Image-2023-07-16-at-3.35.20-PM-1024x683.jpeg 1024w, https:\/\/alminutonoticia.com\/noticias\/wp-content\/uploads\/2023\/07\/WhatsApp-Image-2023-07-16-at-3.35.20-PM-300x200.jpeg 300w, https:\/\/alminutonoticia.com\/noticias\/wp-content\/uploads\/2023\/07\/WhatsApp-Image-2023-07-16-at-3.35.20-PM-768x512.jpeg 768w, https:\/\/alminutonoticia.com\/noticias\/wp-content\/uploads\/2023\/07\/WhatsApp-Image-2023-07-16-at-3.35.20-PM.jpeg 1296w\" sizes=\"(max-width: 1024px) 100vw, 1024px\" \/><\/a><\/figure>\n","protected":false},"excerpt":{"rendered":"<p>No regreso para dejar que el pa\u00eds siga c\u00f3mo est\u00e1; Panam\u00e1 no es el negocio de nadie. \u00a1Se acab\u00f3 la rapi\u00f1a!, habr\u00e1 nuevas reglas para todos donde \u00a1el que la hace la paga!No habr\u00e1 espacio para los intocables que se mueven de gobierno en gobierno; gobernaremos con los mejores. El pr\u00f3ximo 5 de mayo, en [&hellip;]<\/p>\n","protected":false},"author":3,"featured_media":5254,"comment_status":"open","ping_status":"open","sticky":false,"template":"","format":"standard","meta":{"footnotes":""},"categories":[36,37],"tags":[],"class_list":["post-5250","post","type-post","status-publish","format-standard","has-post-thumbnail","hentry","category-nacionales","category-politica"],"_links":{"self":[{"href":"https:\/\/alminutonoticia.com\/noticias\/wp-json\/wp\/v2\/posts\/5250","targetHints":{"allow":["GET"]}}],"collection":[{"href":"https:\/\/alminutonoticia.com\/noticias\/wp-json\/wp\/v2\/posts"}],"about":[{"href":"https:\/\/alminutonoticia.com\/noticias\/wp-json\/wp\/v2\/types\/post"}],"author":[{"embeddable":true,"href":"https:\/\/alminutonoticia.com\/noticias\/wp-json\/wp\/v2\/users\/3"}],"replies":[{"embeddable":true,"href":"https:\/\/alminutonoticia.com\/noticias\/wp-json\/wp\/v2\/comments?post=5250"}],"version-history":[{"count":2,"href":"https:\/\/alminutonoticia.com\/noticias\/wp-json\/wp\/v2\/posts\/5250\/revisions"}],"predecessor-version":[{"id":5257,"href":"https:\/\/alminutonoticia.com\/noticias\/wp-json\/wp\/v2\/posts\/5250\/revisions\/5257"}],"wp:featuredmedia":[{"embeddable":true,"href":"https:\/\/alminutonoticia.com\/noticias\/wp-json\/wp\/v2\/media\/5254"}],"wp:attachment":[{"href":"https:\/\/alminutonoticia.com\/noticias\/wp-json\/wp\/v2\/media?parent=5250"}],"wp:term":[{"taxonomy":"category","embeddable":true,"href":"https:\/\/alminutonoticia.com\/noticias\/wp-json\/wp\/v2\/categories?post=5250"},{"taxonomy":"post_tag","embeddable":true,"href":"https:\/\/alminutonoticia.com\/noticias\/wp-json\/wp\/v2\/tags?post=5250"}],"curies":[{"name":"wp","href":"https:\/\/api.w.org\/{rel}","templated":true}]}}