{"id":5247,"date":"2023-07-16T21:13:32","date_gmt":"2023-07-16T21:13:32","guid":{"rendered":"https:\/\/alminutonoticia.com\/noticias\/?p=5247"},"modified":"2023-07-16T21:13:33","modified_gmt":"2023-07-16T21:13:33","slug":"vicepresidente-carrizo-jaen-representa-a-panama-en-iii-cumbre-ue-celac","status":"publish","type":"post","link":"https:\/\/alminutonoticia.com\/noticias\/vicepresidente-carrizo-jaen-representa-a-panama-en-iii-cumbre-ue-celac\/","title":{"rendered":"Vicepresidente Carrizo Ja\u00e9n representa a Panam\u00e1 en III Cumbre UE-CELAC"},"content":{"rendered":"\n<p>El vicepresidente de la Rep\u00fablica, Jos\u00e9 Gabriel Carrizo Ja\u00e9n viaj\u00f3 a Bruselas, B\u00e9lgica para participar en la III Cumbre de Jefes de Estado y de Gobierno entre la Uni\u00f3n Europea (UE) y la Comunidad de Estados de Am\u00e9rica Latina y el Caribe (CELAC), designado por el presidente de la Rep\u00fablica, Laurentino Cortizo Cohen,&nbsp; para que lo represente en el evento.<\/p>\n\n\n\n<p>El vicepresidente viaja acompa\u00f1ado de la ministra de Relaciones Exteriores, Janaina Tewaney Mencomo y del administrador general de la Autoridad Nacional para la Innovaci\u00f3n Gubernamental,&nbsp; Luis Oliva, quien participar\u00e1 del Di\u00e1logo Estrat\u00e9gico Abierto, organizado por la RedCLARA, en el marco de la cumbre.<\/p>\n\n\n\n<p>Bajo el lema \u00abRenovar la asociaci\u00f3n birregional para fortalecer la paz y el desarrollo sostenible\u00bb, esta cumbre es uno de los principales foros de di\u00e1logo y cooperaci\u00f3n entre los l\u00edderes de Europa y de los Estados de Am\u00e9rica Latina y el Caribe.<\/p>\n\n\n\n<p>La delegaci\u00f3n paname\u00f1a tambi\u00e9n estar\u00e1 conformada por la embajadora de Panam\u00e1 ante el Reino de B\u00e9lgica, Gran Ducado de Luxemburgo y misi\u00f3n ante la Uni\u00f3n Europea, Yavel Francis Lanuza; la directora de Organismos y Conferencias Internacionales, Siurania Mirones; y el jefe de misi\u00f3n adjunto de la Embajada de Panam\u00e1 ante el Reino de B\u00e9lgica, Alfonso Young.<\/p>\n\n\n\n<figure class=\"wp-block-image size-large\"><a href=\"https:\/\/alminutonoticia.com\/noticias\/wp-content\/uploads\/2023\/07\/WhatsApp-Image-2023-07-16-at-1.50.55-PM.jpeg\"><img fetchpriority=\"high\" decoding=\"async\" width=\"1024\" height=\"637\" src=\"https:\/\/alminutonoticia.com\/noticias\/wp-content\/uploads\/2023\/07\/WhatsApp-Image-2023-07-16-at-1.50.55-PM-1024x637.jpeg\" alt=\"\" class=\"wp-image-5248\" title=\"\" srcset=\"https:\/\/alminutonoticia.com\/noticias\/wp-content\/uploads\/2023\/07\/WhatsApp-Image-2023-07-16-at-1.50.55-PM-1024x637.jpeg 1024w, https:\/\/alminutonoticia.com\/noticias\/wp-content\/uploads\/2023\/07\/WhatsApp-Image-2023-07-16-at-1.50.55-PM-300x187.jpeg 300w, https:\/\/alminutonoticia.com\/noticias\/wp-content\/uploads\/2023\/07\/WhatsApp-Image-2023-07-16-at-1.50.55-PM-768x478.jpeg 768w, https:\/\/alminutonoticia.com\/noticias\/wp-content\/uploads\/2023\/07\/WhatsApp-Image-2023-07-16-at-1.50.55-PM-1536x956.jpeg 1536w, https:\/\/alminutonoticia.com\/noticias\/wp-content\/uploads\/2023\/07\/WhatsApp-Image-2023-07-16-at-1.50.55-PM.jpeg 1600w\" sizes=\"(max-width: 1024px) 100vw, 1024px\" \/><\/a><\/figure>\n","protected":false},"excerpt":{"rendered":"<p>El vicepresidente de la Rep\u00fablica, Jos\u00e9 Gabriel Carrizo Ja\u00e9n viaj\u00f3 a Bruselas, B\u00e9lgica para participar en la III Cumbre de Jefes de Estado y de Gobierno entre la Uni\u00f3n Europea (UE) y la Comunidad de Estados de Am\u00e9rica Latina y el Caribe (CELAC), designado por el presidente de la Rep\u00fablica, Laurentino Cortizo Cohen,&nbsp; para que [&hellip;]<\/p>\n","protected":false},"author":3,"featured_media":5248,"comment_status":"open","ping_status":"open","sticky":false,"template":"","format":"standard","meta":{"footnotes":""},"categories":[36],"tags":[],"class_list":["post-5247","post","type-post","status-publish","format-standard","has-post-thumbnail","hentry","category-nacionales"],"_links":{"self":[{"href":"https:\/\/alminutonoticia.com\/noticias\/wp-json\/wp\/v2\/posts\/5247","targetHints":{"allow":["GET"]}}],"collection":[{"href":"https:\/\/alminutonoticia.com\/noticias\/wp-json\/wp\/v2\/posts"}],"about":[{"href":"https:\/\/alminutonoticia.com\/noticias\/wp-json\/wp\/v2\/types\/post"}],"author":[{"embeddable":true,"href":"https:\/\/alminutonoticia.com\/noticias\/wp-json\/wp\/v2\/users\/3"}],"replies":[{"embeddable":true,"href":"https:\/\/alminutonoticia.com\/noticias\/wp-json\/wp\/v2\/comments?post=5247"}],"version-history":[{"count":1,"href":"https:\/\/alminutonoticia.com\/noticias\/wp-json\/wp\/v2\/posts\/5247\/revisions"}],"predecessor-version":[{"id":5249,"href":"https:\/\/alminutonoticia.com\/noticias\/wp-json\/wp\/v2\/posts\/5247\/revisions\/5249"}],"wp:featuredmedia":[{"embeddable":true,"href":"https:\/\/alminutonoticia.com\/noticias\/wp-json\/wp\/v2\/media\/5248"}],"wp:attachment":[{"href":"https:\/\/alminutonoticia.com\/noticias\/wp-json\/wp\/v2\/media?parent=5247"}],"wp:term":[{"taxonomy":"category","embeddable":true,"href":"https:\/\/alminutonoticia.com\/noticias\/wp-json\/wp\/v2\/categories?post=5247"},{"taxonomy":"post_tag","embeddable":true,"href":"https:\/\/alminutonoticia.com\/noticias\/wp-json\/wp\/v2\/tags?post=5247"}],"curies":[{"name":"wp","href":"https:\/\/api.w.org\/{rel}","templated":true}]}}