{"id":5226,"date":"2023-07-16T20:59:18","date_gmt":"2023-07-16T20:59:18","guid":{"rendered":"https:\/\/alminutonoticia.com\/noticias\/?p=5226"},"modified":"2023-07-16T20:59:18","modified_gmt":"2023-07-16T20:59:18","slug":"defensoria-mantendra-una-oficina-movil-en-el-hospital-regional-rafael-hernandez","status":"publish","type":"post","link":"https:\/\/alminutonoticia.com\/noticias\/defensoria-mantendra-una-oficina-movil-en-el-hospital-regional-rafael-hernandez\/","title":{"rendered":"Defensor\u00eda mantendr\u00e1 una oficina m\u00f3vil en el Hospital Regional Rafael Hern\u00e1ndez"},"content":{"rendered":"\n<p>\u201cVamos a mantener a funcionarios nuestros durante toda la semana que viene, adem\u00e1s trasladaremos una oficina m\u00f3vil para escuchar a los pacientes y tambi\u00e9n realizaremos una inspecci\u00f3n para determinar junto con los tecn\u00f3logos m\u00e9dicos, enfermeras y pacientes la existencia o no de esos problemas\u201d, dijo el Defensor del Pueblo, Eduardo Leblanc Gonz\u00e1lez, quien se traslad\u00f3 al&nbsp; Hospital Regional Rafael Hern\u00e1ndez en Chiriqu\u00ed, tras el inicio de paro de labores por parte del personal m\u00e9dico.<\/p>\n\n\n\n<p>\u201cLa Defensor\u00eda abri\u00f3 una queja, pero no se trata de solo abrirla, para la pr\u00f3xima semana solicitaremos una reuni\u00f3n con el director de la Caja del Seguro Social (CSS)\u201d, manifest\u00f3 el Ombudsman.<\/p>\n\n\n\n<p>La Instituci\u00f3n Nacional de Derechos Humanos ya abri\u00f3 una queja de oficio contra el Hospital Regional Rafael Hern\u00e1ndez a fin de investigar y corroborar las denuncias de falta de insumos y medicamentos denunciado por m\u00e9dicos.<\/p>\n\n\n\n<figure class=\"wp-block-image size-full\"><a href=\"https:\/\/alminutonoticia.com\/noticias\/wp-content\/uploads\/2023\/07\/hospital3.jpeg\"><img fetchpriority=\"high\" decoding=\"async\" width=\"1024\" height=\"768\" src=\"https:\/\/alminutonoticia.com\/noticias\/wp-content\/uploads\/2023\/07\/hospital3.jpeg\" alt=\"\" class=\"wp-image-5227\" title=\"\" srcset=\"https:\/\/alminutonoticia.com\/noticias\/wp-content\/uploads\/2023\/07\/hospital3.jpeg 1024w, https:\/\/alminutonoticia.com\/noticias\/wp-content\/uploads\/2023\/07\/hospital3-300x225.jpeg 300w, https:\/\/alminutonoticia.com\/noticias\/wp-content\/uploads\/2023\/07\/hospital3-768x576.jpeg 768w\" sizes=\"(max-width: 1024px) 100vw, 1024px\" \/><\/a><\/figure>\n\n\n\n<figure class=\"wp-block-image size-full\"><a href=\"https:\/\/alminutonoticia.com\/noticias\/wp-content\/uploads\/2023\/07\/hospital2.jpeg\"><img decoding=\"async\" width=\"1024\" height=\"768\" src=\"https:\/\/alminutonoticia.com\/noticias\/wp-content\/uploads\/2023\/07\/hospital2.jpeg\" alt=\"\" class=\"wp-image-5228\" title=\"\" srcset=\"https:\/\/alminutonoticia.com\/noticias\/wp-content\/uploads\/2023\/07\/hospital2.jpeg 1024w, https:\/\/alminutonoticia.com\/noticias\/wp-content\/uploads\/2023\/07\/hospital2-300x225.jpeg 300w, https:\/\/alminutonoticia.com\/noticias\/wp-content\/uploads\/2023\/07\/hospital2-768x576.jpeg 768w\" sizes=\"(max-width: 1024px) 100vw, 1024px\" \/><\/a><\/figure>\n\n\n\n<figure class=\"wp-block-image size-full\"><a href=\"https:\/\/alminutonoticia.com\/noticias\/wp-content\/uploads\/2023\/07\/hospital1.jpeg\"><img decoding=\"async\" width=\"1024\" height=\"768\" src=\"https:\/\/alminutonoticia.com\/noticias\/wp-content\/uploads\/2023\/07\/hospital1.jpeg\" alt=\"\" class=\"wp-image-5229\" title=\"\" srcset=\"https:\/\/alminutonoticia.com\/noticias\/wp-content\/uploads\/2023\/07\/hospital1.jpeg 1024w, https:\/\/alminutonoticia.com\/noticias\/wp-content\/uploads\/2023\/07\/hospital1-300x225.jpeg 300w, https:\/\/alminutonoticia.com\/noticias\/wp-content\/uploads\/2023\/07\/hospital1-768x576.jpeg 768w\" sizes=\"(max-width: 1024px) 100vw, 1024px\" \/><\/a><\/figure>\n","protected":false},"excerpt":{"rendered":"<p>\u201cVamos a mantener a funcionarios nuestros durante toda la semana que viene, adem\u00e1s trasladaremos una oficina m\u00f3vil para escuchar a los pacientes y tambi\u00e9n realizaremos una inspecci\u00f3n para determinar junto con los tecn\u00f3logos m\u00e9dicos, enfermeras y pacientes la existencia o no de esos problemas\u201d, dijo el Defensor del Pueblo, Eduardo Leblanc Gonz\u00e1lez, quien se traslad\u00f3 [&hellip;]<\/p>\n","protected":false},"author":3,"featured_media":5228,"comment_status":"open","ping_status":"open","sticky":false,"template":"","format":"standard","meta":{"footnotes":""},"categories":[36],"tags":[],"class_list":["post-5226","post","type-post","status-publish","format-standard","has-post-thumbnail","hentry","category-nacionales"],"_links":{"self":[{"href":"https:\/\/alminutonoticia.com\/noticias\/wp-json\/wp\/v2\/posts\/5226","targetHints":{"allow":["GET"]}}],"collection":[{"href":"https:\/\/alminutonoticia.com\/noticias\/wp-json\/wp\/v2\/posts"}],"about":[{"href":"https:\/\/alminutonoticia.com\/noticias\/wp-json\/wp\/v2\/types\/post"}],"author":[{"embeddable":true,"href":"https:\/\/alminutonoticia.com\/noticias\/wp-json\/wp\/v2\/users\/3"}],"replies":[{"embeddable":true,"href":"https:\/\/alminutonoticia.com\/noticias\/wp-json\/wp\/v2\/comments?post=5226"}],"version-history":[{"count":1,"href":"https:\/\/alminutonoticia.com\/noticias\/wp-json\/wp\/v2\/posts\/5226\/revisions"}],"predecessor-version":[{"id":5230,"href":"https:\/\/alminutonoticia.com\/noticias\/wp-json\/wp\/v2\/posts\/5226\/revisions\/5230"}],"wp:featuredmedia":[{"embeddable":true,"href":"https:\/\/alminutonoticia.com\/noticias\/wp-json\/wp\/v2\/media\/5228"}],"wp:attachment":[{"href":"https:\/\/alminutonoticia.com\/noticias\/wp-json\/wp\/v2\/media?parent=5226"}],"wp:term":[{"taxonomy":"category","embeddable":true,"href":"https:\/\/alminutonoticia.com\/noticias\/wp-json\/wp\/v2\/categories?post=5226"},{"taxonomy":"post_tag","embeddable":true,"href":"https:\/\/alminutonoticia.com\/noticias\/wp-json\/wp\/v2\/tags?post=5226"}],"curies":[{"name":"wp","href":"https:\/\/api.w.org\/{rel}","templated":true}]}}