{"id":5220,"date":"2023-07-14T11:44:35","date_gmt":"2023-07-14T11:44:35","guid":{"rendered":"https:\/\/alminutonoticia.com\/noticias\/?p=5220"},"modified":"2023-07-14T11:44:36","modified_gmt":"2023-07-14T11:44:36","slug":"blandon-dispuesto-a-conversar-por-coalicion-sin-que-prevalezcan-sus-intereses-personales","status":"publish","type":"post","link":"https:\/\/alminutonoticia.com\/noticias\/blandon-dispuesto-a-conversar-por-coalicion-sin-que-prevalezcan-sus-intereses-personales\/","title":{"rendered":"Bland\u00f3n dispuesto a conversar por coalici\u00f3n sin que prevalezcan sus intereses personales"},"content":{"rendered":"\n<p>El precandidato presidencial y presidente del Partido Paname\u00f1ista, Jos\u00e9 Isabel Bland\u00f3n, indic\u00f3 durante su participaci\u00f3n en el segmento \u201cT\u00fa Voto Decide 2024\u201d de Panorama Econ\u00f3mico Panam\u00e1 que est\u00e1 en disposici\u00f3n de dialogar para la conformaci\u00f3n de una coalici\u00f3n opositora, ante las posibles alianzas que se pueden generar para los pr\u00f3ximos comicios generales del 2024.<\/p>\n\n\n\n<p>A juicio del precandidato presidencial, al final ser\u00e1n los hechos pol\u00edticos los que demostrar\u00e1n quien ser\u00e1 el candidato presidencial de una gran alianza, asegurando que en muchas ocasiones lo ha se\u00f1alado, \u201cquiero a mi pa\u00eds sobre todas las cosas y en ning\u00fan momento antepondr\u00e9 mis intereses personales a los intereses del pa\u00eds, Panam\u00e1 siempre estar\u00e1 primero para m\u00ed\u201d.<\/p>\n\n\n\n<p>Destaca Bland\u00f3n que \u201cOjal\u00e1 que los otros candidatos o precandidatos pudieran decir los mismo, porque cuando t\u00fa dices yo voy a ser candidato no importante que t\u00fa est\u00e9s poni\u00e9ndote a ti por encima de Panam\u00e1\u201d.<\/p>\n\n\n\n<p>De darse la posibilidad dialogar con los aspirantes a la silla presidencial, R\u00f3mulo Roux y Mart\u00edn Torrijos, Bland\u00f3n indic\u00f3 que est\u00e1 dispuesto a dialogar con todos aquellos que coincidan con una visi\u00f3n de pa\u00eds que incluya un cambio constitucional, reformas a la Caja de Seguro Social sin importar el costo, modernizar la educaci\u00f3n, promover el empleo, modernizar el transporte, lo que implica tener proyectos para su modernizaci\u00f3n para todo el interior de la Rep\u00fablica hasta Chiriqu\u00ed, pero puntualiz\u00f3 que no puedo sentarme a conversar para regresar al pasado.<\/p>\n\n\n\n<p>Bland\u00f3n manifest\u00f3 que debemos pensar en el Panam\u00e1 del ma\u00f1ana no mirando hacia atr\u00e1s al Panam\u00e1 del ayer, el pol\u00edtico considera que la soluci\u00f3n del pa\u00eds no es volver al Torrijos, por el contrario, se\u00f1al\u00f3 que est\u00e1 dispuesto a hablar sobre el futuro del pa\u00eds, sin pensar que la soluci\u00f3n est\u00e1 en el pasado.<\/p>\n\n\n\n<p>Al ser cuestionado sobre la participaci\u00f3n de la membres\u00eda del partido Paname\u00f1ista en las pr\u00f3ximas primarias, el presidente del colectivo pol\u00edtico de oposici\u00f3n revel\u00f3 que m\u00e1s de 90 mil miembros estar\u00e1n emitiendo su voto en las pr\u00f3ximas elecciones internas.&nbsp; Existe mucho entusiasmo de la dirigencia del colectivo y se habla de llevar a votar m\u00e1s del 50 % de membres\u00eda habilitada para el pr\u00f3ximo 23 de julio, por lo que esperamos ser el candidato presidencial con 90 mil votos.<\/p>\n\n\n\n<p>Por otro lado, como exdiputado de la Rep\u00fablica, Bland\u00f3n resalt\u00f3 que la Asamblea Nacional de Diputados ha ido cada vez en picada, cada vez peor, lo dije la Asamblea anterior era m\u00e1s mala hasta que llegaba la pr\u00f3xima y cada vez es peor, yo siento que es impostergable hacer un cambio constitucional, lo que amerita cambiar todo a lo que respecta a la Asamblea, empezando disminuir la cantidad de Diputados, consideramos que con 50 Diputados ser\u00e1 m\u00e1s que suficiente en este pa\u00eds.<\/p>\n\n\n\n<p>Es injustificable que tengamos una Asamblea Nacional que le chupa al presupuesto general del Estado 240 millones al a\u00f1o con 71 Diputados, a\u00f1adi\u00f3 el precandidato que la plata que se puede restar de este presupuesto, se podr\u00eda utilizar en escuelas, centros de salud y carreteras, en cualquiera inversi\u00f3n p\u00fablica que no sea beneficio para unos cuantos.<\/p>\n\n\n\n<p>En lo que respecta a la descentralizaci\u00f3n, Jos\u00e9 Isabel Bland\u00f3n confirm\u00f3 a Panorama Econ\u00f3mico Panam\u00e1 que es un defensor de la descentralizaci\u00f3n, Panam\u00e1 es un excesivo pa\u00eds centralizado, el paso que se dio en el gobierno pasado liderizado por el expresidente Juan Carlos Valera, esa descentralizaci\u00f3n presenta una repartici\u00f3n solidario, que es transparente y objetiva, que no importa que si el Alcalde sea CD, Paname\u00f1ista, PRD e independiente va recibir lo que la ley dice, el problema no esta ah\u00ed el problema esta en las asignaciones adicionales que en este gobierno que ha empezado hacer de manera discrecional y de manera caprichosa, en donde impera la l\u00ednea pol\u00edtica del favorecido, sin importar la necesidad de la comunidad sino a que partido perteneces, a\u00f1adi\u00f3 Bland\u00f3n.<\/p>\n\n\n\n<figure class=\"wp-block-image size-full\"><a href=\"https:\/\/alminutonoticia.com\/noticias\/wp-content\/uploads\/2023\/07\/jose_blandon_0.jpg\"><img fetchpriority=\"high\" decoding=\"async\" width=\"630\" height=\"400\" src=\"https:\/\/alminutonoticia.com\/noticias\/wp-content\/uploads\/2023\/07\/jose_blandon_0.jpg\" alt=\"\" class=\"wp-image-5221\" title=\"\" srcset=\"https:\/\/alminutonoticia.com\/noticias\/wp-content\/uploads\/2023\/07\/jose_blandon_0.jpg 630w, https:\/\/alminutonoticia.com\/noticias\/wp-content\/uploads\/2023\/07\/jose_blandon_0-300x190.jpg 300w\" sizes=\"(max-width: 630px) 100vw, 630px\" \/><\/a><\/figure>\n","protected":false},"excerpt":{"rendered":"<p>El precandidato presidencial y presidente del Partido Paname\u00f1ista, Jos\u00e9 Isabel Bland\u00f3n, indic\u00f3 durante su participaci\u00f3n en el segmento \u201cT\u00fa Voto Decide 2024\u201d de Panorama Econ\u00f3mico Panam\u00e1 que est\u00e1 en disposici\u00f3n de dialogar para la conformaci\u00f3n de una coalici\u00f3n opositora, ante las posibles alianzas que se pueden generar para los pr\u00f3ximos comicios generales del 2024. A [&hellip;]<\/p>\n","protected":false},"author":3,"featured_media":5221,"comment_status":"open","ping_status":"open","sticky":false,"template":"","format":"standard","meta":{"footnotes":""},"categories":[36,37],"tags":[],"class_list":["post-5220","post","type-post","status-publish","format-standard","has-post-thumbnail","hentry","category-nacionales","category-politica"],"_links":{"self":[{"href":"https:\/\/alminutonoticia.com\/noticias\/wp-json\/wp\/v2\/posts\/5220","targetHints":{"allow":["GET"]}}],"collection":[{"href":"https:\/\/alminutonoticia.com\/noticias\/wp-json\/wp\/v2\/posts"}],"about":[{"href":"https:\/\/alminutonoticia.com\/noticias\/wp-json\/wp\/v2\/types\/post"}],"author":[{"embeddable":true,"href":"https:\/\/alminutonoticia.com\/noticias\/wp-json\/wp\/v2\/users\/3"}],"replies":[{"embeddable":true,"href":"https:\/\/alminutonoticia.com\/noticias\/wp-json\/wp\/v2\/comments?post=5220"}],"version-history":[{"count":1,"href":"https:\/\/alminutonoticia.com\/noticias\/wp-json\/wp\/v2\/posts\/5220\/revisions"}],"predecessor-version":[{"id":5222,"href":"https:\/\/alminutonoticia.com\/noticias\/wp-json\/wp\/v2\/posts\/5220\/revisions\/5222"}],"wp:featuredmedia":[{"embeddable":true,"href":"https:\/\/alminutonoticia.com\/noticias\/wp-json\/wp\/v2\/media\/5221"}],"wp:attachment":[{"href":"https:\/\/alminutonoticia.com\/noticias\/wp-json\/wp\/v2\/media?parent=5220"}],"wp:term":[{"taxonomy":"category","embeddable":true,"href":"https:\/\/alminutonoticia.com\/noticias\/wp-json\/wp\/v2\/categories?post=5220"},{"taxonomy":"post_tag","embeddable":true,"href":"https:\/\/alminutonoticia.com\/noticias\/wp-json\/wp\/v2\/tags?post=5220"}],"curies":[{"name":"wp","href":"https:\/\/api.w.org\/{rel}","templated":true}]}}