{"id":5216,"date":"2023-07-14T11:42:33","date_gmt":"2023-07-14T11:42:33","guid":{"rendered":"https:\/\/alminutonoticia.com\/noticias\/?p=5216"},"modified":"2023-07-14T11:42:34","modified_gmt":"2023-07-14T11:42:34","slug":"todo-listo-en-partido-popular-para-ratificar-a-martin-torrijos","status":"publish","type":"post","link":"https:\/\/alminutonoticia.com\/noticias\/todo-listo-en-partido-popular-para-ratificar-a-martin-torrijos\/","title":{"rendered":"Todo listo en Partido Popular para ratificar a Mart\u00edn Torrijos"},"content":{"rendered":"\n<p>En medio de contundentes mensajes de transparencia, la Junta Directiva del Partido Popular (PP) escoger\u00e1 este fin de semana al candidato presidencial, en la figura de Mart\u00edn Torrijos Espino, y a sus 13 aspirantes a una curul en el Parlamento Centroamericano (Parlacen, para los comicios generales del 5 de mayo 2024.<\/p>\n\n\n\n<p><br>El s\u00e1bado, 424 delegados del PP seleccionar\u00e1n a los candidatos al Parlacen, mientras que el domingo elegir\u00e1n a Mart\u00edn Torrijos Espino como su candidato presidencial, mediante sendos congresos nacionales, extraordinarios, en el Centro de Convenciones del Hotel Marriott, Albrook, de esta capital.<\/p>\n\n\n\n<p><br>Zulphy Santamar\u00eda, vicepresidenta del colectivo, asegur\u00f3 que el Congreso Nacional de domingo celebrar\u00e1n una gran fiesta electoral a las 2:00 p.m., cuando se conozcan los resultados oficiales de la elecci\u00f3n del candidato presidencial, Mart\u00edn Torrijos Espino.<\/p>\n\n\n\n<p><br>Santamar\u00eda resalt\u00f3 que han recorrido todo el pa\u00eds con su candidato [Mart\u00edn Torrijos Espino], quien ha tenido muy buena acogida no solo por los miembros del PP, sino tambi\u00e9n por diversos grupos de la sociedad paname\u00f1a incluyendo independientes y paname\u00f1os de otros partidos pol\u00edticos.<\/p>\n\n\n\n<p><br>Consultada sobre los rumores de intento de \u201ccompra de delegados\u201d, asegur\u00f3 que la dirigencia del partido conf\u00eda en su membres\u00eda, y se trata de \u201cgente con alto nivel de \u00e9tica y transparencia. Somos un partido peque\u00f1o, pero cohesionado, toda nuestra fe y esperanza en los delegados.\u201d<\/p>\n\n\n\n<p><br>\u201cLos delegados est\u00e1n convencidos y animados, y \u201cno se dejar\u00e1n confundir ni aceptar\u00e1n prebendas de ning\u00fan tipo, pues no solo est\u00e1 en juego el partido, sino el futuro del pa\u00eds; y ellos lo saben; nunca nuestro partido ha sido tachado de corrupci\u00f3n\u201d, subray\u00f3 Santamar\u00eda.<\/p>\n\n\n\n<p><br>Record\u00f3 que los activistas del Partido Popular han estado en diferentes gobiernos y nunca se han visto involucrados en actos de corrupci\u00f3n.<\/p>\n\n\n\n<p><br>En tanto, el tambi\u00e9n vicepresidente Luis Castillo afirm\u00f3 que, junto a Torrijos Espino, el PP construir\u00e1 una alianza fuerte, para lo cual continuar\u00e1 las conversaciones con independientes, partidos pol\u00edticos, grupos, gremios, asociaciones y la sociedad civil para llevar a su candidato a la Presidencia el 5 de mayo venidero.<br>Por ser un colectivo con menos de 100 mil activistas, y por disposici\u00f3n del Tribunal Electoral, el PP escoge a su candidato presidencial a trav\u00e9s de un Congreso Nacional, extraordinario, y no en elecciones primarias.<\/p>\n\n\n\n<p><br>Los congresos nacionales del s\u00e1bado y domingo iniciar\u00e1n a las 9:00 a.m.<\/p>\n\n\n\n<figure class=\"wp-block-image size-large\"><a href=\"https:\/\/alminutonoticia.com\/noticias\/wp-content\/uploads\/2023\/07\/WhatsApp-Image-2023-07-14-at-6.21.48-AM.jpeg\"><img fetchpriority=\"high\" decoding=\"async\" width=\"1024\" height=\"768\" src=\"https:\/\/alminutonoticia.com\/noticias\/wp-content\/uploads\/2023\/07\/WhatsApp-Image-2023-07-14-at-6.21.48-AM-1024x768.jpeg\" alt=\"\" class=\"wp-image-5217\" title=\"\" srcset=\"https:\/\/alminutonoticia.com\/noticias\/wp-content\/uploads\/2023\/07\/WhatsApp-Image-2023-07-14-at-6.21.48-AM-1024x768.jpeg 1024w, https:\/\/alminutonoticia.com\/noticias\/wp-content\/uploads\/2023\/07\/WhatsApp-Image-2023-07-14-at-6.21.48-AM-300x225.jpeg 300w, https:\/\/alminutonoticia.com\/noticias\/wp-content\/uploads\/2023\/07\/WhatsApp-Image-2023-07-14-at-6.21.48-AM-768x576.jpeg 768w, https:\/\/alminutonoticia.com\/noticias\/wp-content\/uploads\/2023\/07\/WhatsApp-Image-2023-07-14-at-6.21.48-AM-1536x1152.jpeg 1536w, https:\/\/alminutonoticia.com\/noticias\/wp-content\/uploads\/2023\/07\/WhatsApp-Image-2023-07-14-at-6.21.48-AM.jpeg 1600w\" sizes=\"(max-width: 1024px) 100vw, 1024px\" \/><\/a><\/figure>\n\n\n\n<figure class=\"wp-block-image size-full\"><a href=\"https:\/\/alminutonoticia.com\/noticias\/wp-content\/uploads\/2023\/07\/WhatsApp-Image-2023-07-14-at-6.21.49-AM.jpeg\"><img decoding=\"async\" width=\"855\" height=\"550\" src=\"https:\/\/alminutonoticia.com\/noticias\/wp-content\/uploads\/2023\/07\/WhatsApp-Image-2023-07-14-at-6.21.49-AM.jpeg\" alt=\"\" class=\"wp-image-5218\" title=\"\" srcset=\"https:\/\/alminutonoticia.com\/noticias\/wp-content\/uploads\/2023\/07\/WhatsApp-Image-2023-07-14-at-6.21.49-AM.jpeg 855w, https:\/\/alminutonoticia.com\/noticias\/wp-content\/uploads\/2023\/07\/WhatsApp-Image-2023-07-14-at-6.21.49-AM-300x193.jpeg 300w, https:\/\/alminutonoticia.com\/noticias\/wp-content\/uploads\/2023\/07\/WhatsApp-Image-2023-07-14-at-6.21.49-AM-768x494.jpeg 768w\" sizes=\"(max-width: 855px) 100vw, 855px\" \/><\/a><\/figure>\n","protected":false},"excerpt":{"rendered":"<p>En medio de contundentes mensajes de transparencia, la Junta Directiva del Partido Popular (PP) escoger\u00e1 este fin de semana al candidato presidencial, en la figura de Mart\u00edn Torrijos Espino, y a sus 13 aspirantes a una curul en el Parlamento Centroamericano (Parlacen, para los comicios generales del 5 de mayo 2024. El s\u00e1bado, 424 delegados [&hellip;]<\/p>\n","protected":false},"author":3,"featured_media":5218,"comment_status":"open","ping_status":"open","sticky":false,"template":"","format":"standard","meta":{"footnotes":""},"categories":[36,37],"tags":[],"class_list":["post-5216","post","type-post","status-publish","format-standard","has-post-thumbnail","hentry","category-nacionales","category-politica"],"_links":{"self":[{"href":"https:\/\/alminutonoticia.com\/noticias\/wp-json\/wp\/v2\/posts\/5216","targetHints":{"allow":["GET"]}}],"collection":[{"href":"https:\/\/alminutonoticia.com\/noticias\/wp-json\/wp\/v2\/posts"}],"about":[{"href":"https:\/\/alminutonoticia.com\/noticias\/wp-json\/wp\/v2\/types\/post"}],"author":[{"embeddable":true,"href":"https:\/\/alminutonoticia.com\/noticias\/wp-json\/wp\/v2\/users\/3"}],"replies":[{"embeddable":true,"href":"https:\/\/alminutonoticia.com\/noticias\/wp-json\/wp\/v2\/comments?post=5216"}],"version-history":[{"count":1,"href":"https:\/\/alminutonoticia.com\/noticias\/wp-json\/wp\/v2\/posts\/5216\/revisions"}],"predecessor-version":[{"id":5219,"href":"https:\/\/alminutonoticia.com\/noticias\/wp-json\/wp\/v2\/posts\/5216\/revisions\/5219"}],"wp:featuredmedia":[{"embeddable":true,"href":"https:\/\/alminutonoticia.com\/noticias\/wp-json\/wp\/v2\/media\/5218"}],"wp:attachment":[{"href":"https:\/\/alminutonoticia.com\/noticias\/wp-json\/wp\/v2\/media?parent=5216"}],"wp:term":[{"taxonomy":"category","embeddable":true,"href":"https:\/\/alminutonoticia.com\/noticias\/wp-json\/wp\/v2\/categories?post=5216"},{"taxonomy":"post_tag","embeddable":true,"href":"https:\/\/alminutonoticia.com\/noticias\/wp-json\/wp\/v2\/tags?post=5216"}],"curies":[{"name":"wp","href":"https:\/\/api.w.org\/{rel}","templated":true}]}}