{"id":5213,"date":"2023-07-14T11:39:43","date_gmt":"2023-07-14T11:39:43","guid":{"rendered":"https:\/\/alminutonoticia.com\/noticias\/?p=5213"},"modified":"2023-07-14T11:39:44","modified_gmt":"2023-07-14T11:39:44","slug":"tercera-edicion-del-reconocimiento-a-las-buenas-practicas-sello-ods","status":"publish","type":"post","link":"https:\/\/alminutonoticia.com\/noticias\/tercera-edicion-del-reconocimiento-a-las-buenas-practicas-sello-ods\/","title":{"rendered":"Tercera Edici\u00f3n del \u201cReconocimiento a las Buenas Pr\u00e1cticas Sello ODS\u201d"},"content":{"rendered":"\n<p>El Ministerio de Desarrollo Social (MIDES), a trav\u00e9s del Gabinete Social y en el marco de la comisi\u00f3n interinstitucional y de la sociedad civil para los Objetivos de Desarrollo Sostenible (ODS), en coordinaci\u00f3n con la Organizaci\u00f3n de Naciones Unidas (ONU), realiz\u00f3 este jueves el lanzamiento de la Tercera Edici\u00f3n del \u201cReconocimiento a las Buenas Pr\u00e1cticas Sello ODS\u201d, como un mecanismo para incentivar la contribuci\u00f3n de los diversos sectores al logro de la Agenda 2030.<\/p>\n\n\n\n<p>Desde su primera edici\u00f3n, el \u201cReconocimiento a las Buenas Pr\u00e1cticas Sello ODS\u201d ha sido una distinci\u00f3n de por s\u00ed innovadora, al posicionar a l\u00edderes comprometidos y en inspirar a m\u00e1s actores a replicar y sumar buenos ejemplos para el desarrollo sostenible.<\/p>\n\n\n\n<p>La actividad fue liderada por la ministra del MIDES, Mar\u00eda In\u00e9s Castillo, en su papel de Coordinadora T\u00e9cnica del Gabinete Social, quien indic\u00f3 que este reconocimiento busca enaltecer la labor que realizan distintas organizaciones, empresa privada, ONGs, fundaciones, academia o gobiernos locales, en avanzar y consolidar los ODS, desde sus propios escenarios de acci\u00f3n y visibilizar as\u00ed su contribuci\u00f3n a estos objetivos que se han planteado para mejorar la vida de las personas y el planeta de manera sostenible.<\/p>\n\n\n\n<p>M\u00e1s de 150 proyectos e iniciativas impulsadas desde distintos sectores de la vida nacional, con solidaridad, responsabilidad compartida, articulaci\u00f3n de esfuerzos y trabajo en conjunto, postulados al \u00abSello ODS\u00bb, 2021 \u2013 2022, representan la esencia de la Agenda 2030, en relaci\u00f3n al empleo y emprendimiento, ecosistemas y futuro sostenible, transformaci\u00f3n digital, cohesi\u00f3n social y territorial, empoderamiento de la mujer y, educaci\u00f3n y cultura.<\/p>\n\n\n\n<p>La ministra Castillo agreg\u00f3 que la Agenda 2030 es un compromiso del pa\u00eds, ya que no son solo responsabilidad de un gobierno; el compromiso con el logro de los ODS es responsabilidad de todos y todas los que habitamos en este pa\u00eds. Todos somos protagonistas, por lo que se requiere de la participaci\u00f3n de diferentes grupos de inter\u00e9s, a quienes invit\u00f3 a unir esfuerzos, y que sean protagonistas, sum\u00e1ndose a la D\u00e9cada de Acci\u00f3n por los ODS y, juntos en alianzas, acelerar el paso en este camino de bienestar.<\/p>\n\n\n\n<p>\u201cSe trata de un reconocimiento honor\u00edfico. Es una puesta de valor. Es destacar e inspirar, juntos, el esfuerzo que las organizaciones no gubernamentales, el sector privado, la academia y los gobiernos locales, que asumen como l\u00edderes para influir positivamente en su entorno, la sociedad y en la gente\u201d, destac\u00f3.<\/p>\n\n\n\n<p>\u00bfC\u00f3mo se puede participar?<\/p>\n\n\n\n<p>Para postular las iniciativas o buenas pr\u00e1cticas, los interesados deben completar un formulario de inscripci\u00f3n para cada acci\u00f3n o pr\u00e1ctica a trav\u00e9s del enlace en sitio web www.gabinetesocial.gob.pa. Los participantes tienen hasta el 14 de agosto para postularse.<\/p>\n\n\n\n<p>El Sello ODS se entregar\u00e1 a las acciones dirigidas en seis (6) categor\u00edas como lo son:<\/p>\n\n\n\n<p>\u2022 Empleo y emprendimiento<br>\u2022 Ecosistemas y futuro sostenible<br>\u2022 Transformaci\u00f3n digital<br>\u2022 Cohesi\u00f3n social y territorial<br>\u2022 Empoderamiento de la mujer<br>\u2022 Educaci\u00f3n y cultura.<\/p>\n\n\n\n<p>La evaluaci\u00f3n de las iniciativas seleccionadas estar\u00e1 a cargo de un equipo designado por el Gabinete Social, con car\u00e1cter multidisciplinario, constituido por representantes de este Gabinete, as\u00ed como del Sistema de Naciones Unidas en Panam\u00e1.<\/p>\n\n\n\n<p>Las acciones ser\u00e1n evaluadas por v\u00ednculos con los ODS, inclusi\u00f3n social, el enfoque territorial, alianzas, originalidad y respaldo a la iniciativa.<\/p>\n\n\n\n<p>La Ministra Castillo hizo un llamado a las organizaciones no gubernamentales, el sector privado, la academia y los gobiernos locales a que compartan p\u00fablicamente aquellas innovaciones que contribuyan a que Panam\u00e1 contin\u00fae en el camino para alcanzar la Agenda 2030.<\/p>\n\n\n\n<p>\u201cNuestro llamado es a todos ustedes, porque cada acci\u00f3n cuenta, cada proyecto suma y cada programa puede marcar la diferencia. \u00a1Postulen sus acciones! Permitan que el pa\u00eds conozca sus historias inspiradoras y su compromiso para que nadie quede atr\u00e1s.\u201d<\/p>\n\n\n\n<figure class=\"wp-block-image size-full\"><a href=\"https:\/\/alminutonoticia.com\/noticias\/wp-content\/uploads\/2023\/07\/WhatsApp-Image-2023-07-13-at-7.02.13-PM-1-1024x652-1.jpeg\"><img fetchpriority=\"high\" decoding=\"async\" width=\"1024\" height=\"652\" src=\"https:\/\/alminutonoticia.com\/noticias\/wp-content\/uploads\/2023\/07\/WhatsApp-Image-2023-07-13-at-7.02.13-PM-1-1024x652-1.jpeg\" alt=\"\" class=\"wp-image-5214\" title=\"\" srcset=\"https:\/\/alminutonoticia.com\/noticias\/wp-content\/uploads\/2023\/07\/WhatsApp-Image-2023-07-13-at-7.02.13-PM-1-1024x652-1.jpeg 1024w, https:\/\/alminutonoticia.com\/noticias\/wp-content\/uploads\/2023\/07\/WhatsApp-Image-2023-07-13-at-7.02.13-PM-1-1024x652-1-300x191.jpeg 300w, https:\/\/alminutonoticia.com\/noticias\/wp-content\/uploads\/2023\/07\/WhatsApp-Image-2023-07-13-at-7.02.13-PM-1-1024x652-1-768x489.jpeg 768w\" sizes=\"(max-width: 1024px) 100vw, 1024px\" \/><\/a><\/figure>\n","protected":false},"excerpt":{"rendered":"<p>El Ministerio de Desarrollo Social (MIDES), a trav\u00e9s del Gabinete Social y en el marco de la comisi\u00f3n interinstitucional y de la sociedad civil para los Objetivos de Desarrollo Sostenible (ODS), en coordinaci\u00f3n con la Organizaci\u00f3n de Naciones Unidas (ONU), realiz\u00f3 este jueves el lanzamiento de la Tercera Edici\u00f3n del \u201cReconocimiento a las Buenas Pr\u00e1cticas [&hellip;]<\/p>\n","protected":false},"author":3,"featured_media":5214,"comment_status":"open","ping_status":"open","sticky":false,"template":"","format":"standard","meta":{"footnotes":""},"categories":[36],"tags":[],"class_list":["post-5213","post","type-post","status-publish","format-standard","has-post-thumbnail","hentry","category-nacionales"],"_links":{"self":[{"href":"https:\/\/alminutonoticia.com\/noticias\/wp-json\/wp\/v2\/posts\/5213","targetHints":{"allow":["GET"]}}],"collection":[{"href":"https:\/\/alminutonoticia.com\/noticias\/wp-json\/wp\/v2\/posts"}],"about":[{"href":"https:\/\/alminutonoticia.com\/noticias\/wp-json\/wp\/v2\/types\/post"}],"author":[{"embeddable":true,"href":"https:\/\/alminutonoticia.com\/noticias\/wp-json\/wp\/v2\/users\/3"}],"replies":[{"embeddable":true,"href":"https:\/\/alminutonoticia.com\/noticias\/wp-json\/wp\/v2\/comments?post=5213"}],"version-history":[{"count":1,"href":"https:\/\/alminutonoticia.com\/noticias\/wp-json\/wp\/v2\/posts\/5213\/revisions"}],"predecessor-version":[{"id":5215,"href":"https:\/\/alminutonoticia.com\/noticias\/wp-json\/wp\/v2\/posts\/5213\/revisions\/5215"}],"wp:featuredmedia":[{"embeddable":true,"href":"https:\/\/alminutonoticia.com\/noticias\/wp-json\/wp\/v2\/media\/5214"}],"wp:attachment":[{"href":"https:\/\/alminutonoticia.com\/noticias\/wp-json\/wp\/v2\/media?parent=5213"}],"wp:term":[{"taxonomy":"category","embeddable":true,"href":"https:\/\/alminutonoticia.com\/noticias\/wp-json\/wp\/v2\/categories?post=5213"},{"taxonomy":"post_tag","embeddable":true,"href":"https:\/\/alminutonoticia.com\/noticias\/wp-json\/wp\/v2\/tags?post=5213"}],"curies":[{"name":"wp","href":"https:\/\/api.w.org\/{rel}","templated":true}]}}