{"id":5202,"date":"2023-07-14T11:35:20","date_gmt":"2023-07-14T11:35:20","guid":{"rendered":"https:\/\/alminutonoticia.com\/noticias\/?p=5202"},"modified":"2023-07-14T11:35:21","modified_gmt":"2023-07-14T11:35:21","slug":"junta-nacional-de-escrutinio-de-cd-proclama-a-romulo-roux-candidato-presidencial","status":"publish","type":"post","link":"https:\/\/alminutonoticia.com\/noticias\/junta-nacional-de-escrutinio-de-cd-proclama-a-romulo-roux-candidato-presidencial\/","title":{"rendered":"Junta Nacional de Escrutinio de CD proclama a R\u00f3mulo Roux candidato presidencial"},"content":{"rendered":"\n<p>Tras completar el 100% del conteo de votos de las elecciones Primarias, que se realizaron el pasado domingo, la Junta Nacional de Escrutinio (JNE) del partido Cambio Democr\u00e1tico (CD) proclam\u00f3 oficialmente este jueves a R\u00f3mulo Roux como candidato presidencial para la contienda electoral del 5 de mayo de 2024.<\/p>\n\n\n\n<p>Tras una ardua labor de escrutinio, luego de concluir el proceso de votaciones a las 4:00 p.m. del pasado domingo, la JNE de CD report\u00f3 que se contaron un total de 153,968 votos, de los cuales se contabilizaron 147,871 votos v\u00e1lidos. Se registraron 2,388 votos en blanco y 3,709 votos nulos.<\/p>\n\n\n\n<p>La JNE destac\u00f3 que las Primarias de CD registraron un 50.23% de participaci\u00f3n electoral de la membres\u00eda del colectivo, habilitada para ejercer su derecho al sufragio. Para candidato presidencial hubo 4 postulaciones: Luis de Le\u00f3n, Olmedo Guill\u00e9n, R\u00f3mulo Roux y Yanibel \u00c1brego. El conteo final refleja que De Le\u00f3n recibi\u00f3 706 votos; Guill\u00e9n 963 votos; Roux 77,848 votos y \u00c1brego 68,354 votos.<\/p>\n\n\n\n<p>El acto de proclamaci\u00f3n cont\u00f3 con la presencia de autoridades de Cambio Democr\u00e1tico, as\u00ed como del TE.<\/p>\n\n\n\n<p>Cabe destacar que para las elecciones primarias, un total de 306,549 miembros de CD estaban habilitados para votar en 1,068 mesas electorales que se abrieron en 769 centros de votaci\u00f3n en todo el pa\u00eds. Adem\u00e1s de los integrantes del Cuerpo de Delegados Electorales del TE, estas elecciones contaron con la participaci\u00f3n de magistrados y expertos miembros de la Uni\u00f3n Interamericana de Organismos Electorales (UNIORE) en calidad de observadores.<\/p>\n\n\n\n<figure class=\"wp-block-image size-large\"><a href=\"https:\/\/alminutonoticia.com\/noticias\/wp-content\/uploads\/2023\/07\/WhatsApp-Image-2023-07-13-at-11.25.29-AM-2.jpeg\"><img fetchpriority=\"high\" decoding=\"async\" width=\"1024\" height=\"768\" src=\"https:\/\/alminutonoticia.com\/noticias\/wp-content\/uploads\/2023\/07\/WhatsApp-Image-2023-07-13-at-11.25.29-AM-2-1024x768.jpeg\" alt=\"\" class=\"wp-image-5203\" title=\"\" srcset=\"https:\/\/alminutonoticia.com\/noticias\/wp-content\/uploads\/2023\/07\/WhatsApp-Image-2023-07-13-at-11.25.29-AM-2-1024x768.jpeg 1024w, https:\/\/alminutonoticia.com\/noticias\/wp-content\/uploads\/2023\/07\/WhatsApp-Image-2023-07-13-at-11.25.29-AM-2-300x225.jpeg 300w, https:\/\/alminutonoticia.com\/noticias\/wp-content\/uploads\/2023\/07\/WhatsApp-Image-2023-07-13-at-11.25.29-AM-2-768x576.jpeg 768w, https:\/\/alminutonoticia.com\/noticias\/wp-content\/uploads\/2023\/07\/WhatsApp-Image-2023-07-13-at-11.25.29-AM-2.jpeg 1280w\" sizes=\"(max-width: 1024px) 100vw, 1024px\" \/><\/a><\/figure>\n\n\n\n<figure class=\"wp-block-image size-large\"><a href=\"https:\/\/alminutonoticia.com\/noticias\/wp-content\/uploads\/2023\/07\/WhatsApp-Image-2023-07-13-at-11.25.30-AM.jpeg\"><img decoding=\"async\" width=\"1024\" height=\"768\" src=\"https:\/\/alminutonoticia.com\/noticias\/wp-content\/uploads\/2023\/07\/WhatsApp-Image-2023-07-13-at-11.25.30-AM-1024x768.jpeg\" alt=\"\" class=\"wp-image-5204\" title=\"\" srcset=\"https:\/\/alminutonoticia.com\/noticias\/wp-content\/uploads\/2023\/07\/WhatsApp-Image-2023-07-13-at-11.25.30-AM-1024x768.jpeg 1024w, https:\/\/alminutonoticia.com\/noticias\/wp-content\/uploads\/2023\/07\/WhatsApp-Image-2023-07-13-at-11.25.30-AM-300x225.jpeg 300w, https:\/\/alminutonoticia.com\/noticias\/wp-content\/uploads\/2023\/07\/WhatsApp-Image-2023-07-13-at-11.25.30-AM-768x576.jpeg 768w, https:\/\/alminutonoticia.com\/noticias\/wp-content\/uploads\/2023\/07\/WhatsApp-Image-2023-07-13-at-11.25.30-AM.jpeg 1280w\" sizes=\"(max-width: 1024px) 100vw, 1024px\" \/><\/a><\/figure>\n\n\n\n<figure class=\"wp-block-image size-large\"><a href=\"https:\/\/alminutonoticia.com\/noticias\/wp-content\/uploads\/2023\/07\/WhatsApp-Image-2023-07-13-at-11.25.29-AM.jpeg\"><img decoding=\"async\" width=\"1024\" height=\"768\" src=\"https:\/\/alminutonoticia.com\/noticias\/wp-content\/uploads\/2023\/07\/WhatsApp-Image-2023-07-13-at-11.25.29-AM-1024x768.jpeg\" alt=\"\" class=\"wp-image-5205\" title=\"\" srcset=\"https:\/\/alminutonoticia.com\/noticias\/wp-content\/uploads\/2023\/07\/WhatsApp-Image-2023-07-13-at-11.25.29-AM-1024x768.jpeg 1024w, https:\/\/alminutonoticia.com\/noticias\/wp-content\/uploads\/2023\/07\/WhatsApp-Image-2023-07-13-at-11.25.29-AM-300x225.jpeg 300w, https:\/\/alminutonoticia.com\/noticias\/wp-content\/uploads\/2023\/07\/WhatsApp-Image-2023-07-13-at-11.25.29-AM-768x576.jpeg 768w, https:\/\/alminutonoticia.com\/noticias\/wp-content\/uploads\/2023\/07\/WhatsApp-Image-2023-07-13-at-11.25.29-AM.jpeg 1280w\" sizes=\"(max-width: 1024px) 100vw, 1024px\" \/><\/a><\/figure>\n","protected":false},"excerpt":{"rendered":"<p>Tras completar el 100% del conteo de votos de las elecciones Primarias, que se realizaron el pasado domingo, la Junta Nacional de Escrutinio (JNE) del partido Cambio Democr\u00e1tico (CD) proclam\u00f3 oficialmente este jueves a R\u00f3mulo Roux como candidato presidencial para la contienda electoral del 5 de mayo de 2024. Tras una ardua labor de escrutinio, [&hellip;]<\/p>\n","protected":false},"author":3,"featured_media":5203,"comment_status":"open","ping_status":"open","sticky":false,"template":"","format":"standard","meta":{"footnotes":""},"categories":[36,37],"tags":[],"class_list":["post-5202","post","type-post","status-publish","format-standard","has-post-thumbnail","hentry","category-nacionales","category-politica"],"_links":{"self":[{"href":"https:\/\/alminutonoticia.com\/noticias\/wp-json\/wp\/v2\/posts\/5202","targetHints":{"allow":["GET"]}}],"collection":[{"href":"https:\/\/alminutonoticia.com\/noticias\/wp-json\/wp\/v2\/posts"}],"about":[{"href":"https:\/\/alminutonoticia.com\/noticias\/wp-json\/wp\/v2\/types\/post"}],"author":[{"embeddable":true,"href":"https:\/\/alminutonoticia.com\/noticias\/wp-json\/wp\/v2\/users\/3"}],"replies":[{"embeddable":true,"href":"https:\/\/alminutonoticia.com\/noticias\/wp-json\/wp\/v2\/comments?post=5202"}],"version-history":[{"count":1,"href":"https:\/\/alminutonoticia.com\/noticias\/wp-json\/wp\/v2\/posts\/5202\/revisions"}],"predecessor-version":[{"id":5206,"href":"https:\/\/alminutonoticia.com\/noticias\/wp-json\/wp\/v2\/posts\/5202\/revisions\/5206"}],"wp:featuredmedia":[{"embeddable":true,"href":"https:\/\/alminutonoticia.com\/noticias\/wp-json\/wp\/v2\/media\/5203"}],"wp:attachment":[{"href":"https:\/\/alminutonoticia.com\/noticias\/wp-json\/wp\/v2\/media?parent=5202"}],"wp:term":[{"taxonomy":"category","embeddable":true,"href":"https:\/\/alminutonoticia.com\/noticias\/wp-json\/wp\/v2\/categories?post=5202"},{"taxonomy":"post_tag","embeddable":true,"href":"https:\/\/alminutonoticia.com\/noticias\/wp-json\/wp\/v2\/tags?post=5202"}],"curies":[{"name":"wp","href":"https:\/\/api.w.org\/{rel}","templated":true}]}}