{"id":5055,"date":"2023-07-11T01:23:57","date_gmt":"2023-07-11T01:23:57","guid":{"rendered":"https:\/\/alminutonoticia.com\/noticias\/?p=5055"},"modified":"2023-07-11T01:23:58","modified_gmt":"2023-07-11T01:23:58","slug":"jornada-de-mantenimiento-vial-del-mop-avanza-con-la-reparacion-de-vias-principales-en-la-chorrera-capira-y-san-carlos","status":"publish","type":"post","link":"https:\/\/alminutonoticia.com\/noticias\/jornada-de-mantenimiento-vial-del-mop-avanza-con-la-reparacion-de-vias-principales-en-la-chorrera-capira-y-san-carlos\/","title":{"rendered":"Jornada de mantenimiento vial del MOP avanza con la reparaci\u00f3n de v\u00edas principales en La Chorrera, Capira y San Carlos"},"content":{"rendered":"\n<p>Un total de 58 toneladas de material asf\u00e1ltico han sido colocadas por personal y equipo especializado de la direcci\u00f3n regional del Ministerio de Obras P\u00fablicas de Panam\u00e1 Oeste en las principales v\u00edas del sector de Trapichito en La Chorrera, en Ollas Arriba de Capira y en Los Llanitos de San Carlos, inform\u00f3 la ingeniera Larixa Ortega,&nbsp;directora de la regional del MOP N\u00b0 1 de La Chorrera.<\/p>\n\n\n\n<p>\u201cCon la ejecuci\u00f3n de estos trabajos le brindamos respuesta a los residentes que a diario utilizan esta v\u00eda de los corregimientos de Amador, El Arado, Mendoza, La Represa y Herrera, donde se program\u00f3 la colocaci\u00f3n de 52 toneladas de asfalto caliente\u201d, manifest\u00f3 la ingeniera Ortega.<\/p>\n\n\n\n<p>Cabe se\u00f1alar que, en el distrito de Capira, el MOP coloc\u00f3 6 toneladas de asfalto en la v\u00eda principal que conduce hacia Ollas Arriba para beneficiar a los sectores productivos.<\/p>\n\n\n\n<p>Por su parte, en el distrito San Carlos, el MOP realiza los trabajos de reparaci\u00f3n con asfalto en fr\u00edo, en la v\u00eda principal que conduce hacia el corregimiento Los Llanitos.<\/p>\n\n\n\n<p>Con la realizaci\u00f3n de estos trabajos, el MOP da continuidad al Plan Colmena que lleva adelante el Gobierno Nacional en\u00a0estas zonas productivas dedicadas a la agricultura y la ganader\u00eda para que fomenten un negocio rentable y sostenible, que les permita combatir la pobreza y el hambre en sus propios entornos.<\/p>\n\n\n\n<figure class=\"wp-block-image size-large\"><a href=\"https:\/\/alminutonoticia.com\/noticias\/wp-content\/uploads\/2023\/07\/9._Los-Llanitos.-San-Carlos-JPG.-12.jpg\"><img fetchpriority=\"high\" decoding=\"async\" width=\"1024\" height=\"683\" src=\"https:\/\/alminutonoticia.com\/noticias\/wp-content\/uploads\/2023\/07\/9._Los-Llanitos.-San-Carlos-JPG.-12-1024x683.jpg\" alt=\"\" class=\"wp-image-5056\" title=\"\" srcset=\"https:\/\/alminutonoticia.com\/noticias\/wp-content\/uploads\/2023\/07\/9._Los-Llanitos.-San-Carlos-JPG.-12-1024x683.jpg 1024w, https:\/\/alminutonoticia.com\/noticias\/wp-content\/uploads\/2023\/07\/9._Los-Llanitos.-San-Carlos-JPG.-12-300x200.jpg 300w, https:\/\/alminutonoticia.com\/noticias\/wp-content\/uploads\/2023\/07\/9._Los-Llanitos.-San-Carlos-JPG.-12-768x512.jpg 768w, https:\/\/alminutonoticia.com\/noticias\/wp-content\/uploads\/2023\/07\/9._Los-Llanitos.-San-Carlos-JPG.-12-1536x1024.jpg 1536w, https:\/\/alminutonoticia.com\/noticias\/wp-content\/uploads\/2023\/07\/9._Los-Llanitos.-San-Carlos-JPG.-12.jpg 1920w\" sizes=\"(max-width: 1024px) 100vw, 1024px\" \/><\/a><\/figure>\n\n\n\n<figure class=\"wp-block-image size-large\"><a href=\"https:\/\/alminutonoticia.com\/noticias\/wp-content\/uploads\/2023\/07\/1-El-Trapichito.jpg\"><img decoding=\"async\" width=\"1024\" height=\"678\" src=\"https:\/\/alminutonoticia.com\/noticias\/wp-content\/uploads\/2023\/07\/1-El-Trapichito-1024x678.jpg\" alt=\"\" class=\"wp-image-5057\" title=\"\" srcset=\"https:\/\/alminutonoticia.com\/noticias\/wp-content\/uploads\/2023\/07\/1-El-Trapichito-1024x678.jpg 1024w, https:\/\/alminutonoticia.com\/noticias\/wp-content\/uploads\/2023\/07\/1-El-Trapichito-300x199.jpg 300w, https:\/\/alminutonoticia.com\/noticias\/wp-content\/uploads\/2023\/07\/1-El-Trapichito-768x509.jpg 768w, https:\/\/alminutonoticia.com\/noticias\/wp-content\/uploads\/2023\/07\/1-El-Trapichito-1536x1018.jpg 1536w, https:\/\/alminutonoticia.com\/noticias\/wp-content\/uploads\/2023\/07\/1-El-Trapichito.jpg 1920w\" sizes=\"(max-width: 1024px) 100vw, 1024px\" \/><\/a><\/figure>\n\n\n\n<figure class=\"wp-block-image size-large\"><a href=\"https:\/\/alminutonoticia.com\/noticias\/wp-content\/uploads\/2023\/07\/3-Trapichito.jpg\"><img decoding=\"async\" width=\"1024\" height=\"683\" src=\"https:\/\/alminutonoticia.com\/noticias\/wp-content\/uploads\/2023\/07\/3-Trapichito-1024x683.jpg\" alt=\"\" class=\"wp-image-5058\" title=\"\" srcset=\"https:\/\/alminutonoticia.com\/noticias\/wp-content\/uploads\/2023\/07\/3-Trapichito-1024x683.jpg 1024w, https:\/\/alminutonoticia.com\/noticias\/wp-content\/uploads\/2023\/07\/3-Trapichito-300x200.jpg 300w, https:\/\/alminutonoticia.com\/noticias\/wp-content\/uploads\/2023\/07\/3-Trapichito-768x512.jpg 768w, https:\/\/alminutonoticia.com\/noticias\/wp-content\/uploads\/2023\/07\/3-Trapichito-1536x1024.jpg 1536w, https:\/\/alminutonoticia.com\/noticias\/wp-content\/uploads\/2023\/07\/3-Trapichito.jpg 1920w\" sizes=\"(max-width: 1024px) 100vw, 1024px\" \/><\/a><\/figure>\n","protected":false},"excerpt":{"rendered":"<p>Un total de 58 toneladas de material asf\u00e1ltico han sido colocadas por personal y equipo especializado de la direcci\u00f3n regional del Ministerio de Obras P\u00fablicas de Panam\u00e1 Oeste en las principales v\u00edas del sector de Trapichito en La Chorrera, en Ollas Arriba de Capira y en Los Llanitos de San Carlos, inform\u00f3 la ingeniera Larixa [&hellip;]<\/p>\n","protected":false},"author":3,"featured_media":5057,"comment_status":"open","ping_status":"open","sticky":false,"template":"","format":"standard","meta":{"footnotes":""},"categories":[36],"tags":[],"class_list":["post-5055","post","type-post","status-publish","format-standard","has-post-thumbnail","hentry","category-nacionales"],"_links":{"self":[{"href":"https:\/\/alminutonoticia.com\/noticias\/wp-json\/wp\/v2\/posts\/5055","targetHints":{"allow":["GET"]}}],"collection":[{"href":"https:\/\/alminutonoticia.com\/noticias\/wp-json\/wp\/v2\/posts"}],"about":[{"href":"https:\/\/alminutonoticia.com\/noticias\/wp-json\/wp\/v2\/types\/post"}],"author":[{"embeddable":true,"href":"https:\/\/alminutonoticia.com\/noticias\/wp-json\/wp\/v2\/users\/3"}],"replies":[{"embeddable":true,"href":"https:\/\/alminutonoticia.com\/noticias\/wp-json\/wp\/v2\/comments?post=5055"}],"version-history":[{"count":1,"href":"https:\/\/alminutonoticia.com\/noticias\/wp-json\/wp\/v2\/posts\/5055\/revisions"}],"predecessor-version":[{"id":5059,"href":"https:\/\/alminutonoticia.com\/noticias\/wp-json\/wp\/v2\/posts\/5055\/revisions\/5059"}],"wp:featuredmedia":[{"embeddable":true,"href":"https:\/\/alminutonoticia.com\/noticias\/wp-json\/wp\/v2\/media\/5057"}],"wp:attachment":[{"href":"https:\/\/alminutonoticia.com\/noticias\/wp-json\/wp\/v2\/media?parent=5055"}],"wp:term":[{"taxonomy":"category","embeddable":true,"href":"https:\/\/alminutonoticia.com\/noticias\/wp-json\/wp\/v2\/categories?post=5055"},{"taxonomy":"post_tag","embeddable":true,"href":"https:\/\/alminutonoticia.com\/noticias\/wp-json\/wp\/v2\/tags?post=5055"}],"curies":[{"name":"wp","href":"https:\/\/api.w.org\/{rel}","templated":true}]}}