{"id":5041,"date":"2023-07-10T11:11:35","date_gmt":"2023-07-10T11:11:35","guid":{"rendered":"https:\/\/alminutonoticia.com\/noticias\/?p=5041"},"modified":"2023-07-10T11:11:35","modified_gmt":"2023-07-10T11:11:35","slug":"recuperacion-economica-seguira-impactando-en-generacion-de-empleos-alexander","status":"publish","type":"post","link":"https:\/\/alminutonoticia.com\/noticias\/recuperacion-economica-seguira-impactando-en-generacion-de-empleos-alexander\/","title":{"rendered":"Recuperaci\u00f3n econ\u00f3mica seguir\u00e1 impactando en generaci\u00f3n de empleos, Alexander"},"content":{"rendered":"\n<p>La fuerte recuperaci\u00f3n que registra la econom\u00eda paname\u00f1a, la generaci\u00f3n de empleos, reducci\u00f3n de la pobreza y una de las inflaciones m\u00e1s bajas del mundo, fueron las ventajas que destac\u00f3, el ministro de Econom\u00eda y Finanzas, H\u00e9ctor Alexander, al participar en la VIII Cumbre Financiera Internacional.<\/p>\n\n\n\n<p>Entre otros logros alcanzados, el ministro reiter\u00f3, el pleno cumplimiento de las 15 acciones del Plan de Acci\u00f3n del GAFI, lo que ayuda a continuar en la direcci\u00f3n correcta, para la exclusi\u00f3n de la lista de dicho organismo.<\/p>\n\n\n\n<p>Inform\u00f3, que en el 2022 los principales motores econ\u00f3micos fueron comercio, construcci\u00f3n, transporte, almacenamiento y correo.<\/p>\n\n\n\n<p>En cuanto a la evoluci\u00f3n de algunos indicadores econ\u00f3micos explic\u00f3, que de enero a abril del 2023 los ingresos por peaje del Canal de Panam\u00e1 crecieron 17.3%, y en el sector turismo, el movimiento de pasajeros en Tocumen, reflej\u00f3 un crecimiento de 19.1% de enero a mayo 2023.<\/p>\n\n\n\n<p>Los contratos de trabajo registrados en el Ministerio de Trabajo y Desarrollo Laboral (MITRADEL), crecieron 9.6 %, sostuvo Alexander.<\/p>\n\n\n\n<p>El crecimiento econ\u00f3mico para este a\u00f1o 2023, el Ministerio de Econom\u00eda y Finanzas (MEF), al alrededor de un 5%, acompa\u00f1ado de la recuperaci\u00f3n de empleos.<\/p>\n\n\n\n<p>Tomando en cuenta todas \u00e9stas previsiones, la exposici\u00f3n del titular de la cartera econ\u00f3mica, sintetiza que Panam\u00e1 seguir\u00e1 siendo uno de los pa\u00edses con mayor crecimiento econ\u00f3mico de la regi\u00f3n y el mundo, continuar\u00e1 reduci\u00e9ndose el desempleo, la inflaci\u00f3n seguir\u00e1 siendo una de las m\u00e1s bajas del mundo, las finanzas p\u00fablicas seguir\u00e1n en la senda de la consolidaci\u00f3n fiscal y se mantendr\u00e1 el grado de inversi\u00f3n del pa\u00eds.<\/p>\n\n\n\n<figure class=\"wp-block-image size-full\"><a href=\"https:\/\/alminutonoticia.com\/noticias\/wp-content\/uploads\/2023\/07\/Cumbre-2-1024x532-1.jpg\"><img fetchpriority=\"high\" decoding=\"async\" width=\"1024\" height=\"532\" src=\"https:\/\/alminutonoticia.com\/noticias\/wp-content\/uploads\/2023\/07\/Cumbre-2-1024x532-1.jpg\" alt=\"\" class=\"wp-image-5042\" title=\"\" srcset=\"https:\/\/alminutonoticia.com\/noticias\/wp-content\/uploads\/2023\/07\/Cumbre-2-1024x532-1.jpg 1024w, https:\/\/alminutonoticia.com\/noticias\/wp-content\/uploads\/2023\/07\/Cumbre-2-1024x532-1-300x156.jpg 300w, https:\/\/alminutonoticia.com\/noticias\/wp-content\/uploads\/2023\/07\/Cumbre-2-1024x532-1-768x399.jpg 768w\" sizes=\"(max-width: 1024px) 100vw, 1024px\" \/><\/a><\/figure>\n\n\n","protected":false},"excerpt":{"rendered":"<p>La fuerte recuperaci\u00f3n que registra la econom\u00eda paname\u00f1a, la generaci\u00f3n de empleos, reducci\u00f3n de la pobreza y una de las inflaciones m\u00e1s bajas del mundo, fueron las ventajas que destac\u00f3, el ministro de Econom\u00eda y Finanzas, H\u00e9ctor Alexander, al participar en la VIII Cumbre Financiera Internacional. Entre otros logros alcanzados, el ministro reiter\u00f3, el pleno [&hellip;]<\/p>\n","protected":false},"author":3,"featured_media":5042,"comment_status":"open","ping_status":"open","sticky":false,"template":"","format":"standard","meta":{"footnotes":""},"categories":[38,36],"tags":[],"class_list":["post-5041","post","type-post","status-publish","format-standard","has-post-thumbnail","hentry","category-economia","category-nacionales"],"_links":{"self":[{"href":"https:\/\/alminutonoticia.com\/noticias\/wp-json\/wp\/v2\/posts\/5041","targetHints":{"allow":["GET"]}}],"collection":[{"href":"https:\/\/alminutonoticia.com\/noticias\/wp-json\/wp\/v2\/posts"}],"about":[{"href":"https:\/\/alminutonoticia.com\/noticias\/wp-json\/wp\/v2\/types\/post"}],"author":[{"embeddable":true,"href":"https:\/\/alminutonoticia.com\/noticias\/wp-json\/wp\/v2\/users\/3"}],"replies":[{"embeddable":true,"href":"https:\/\/alminutonoticia.com\/noticias\/wp-json\/wp\/v2\/comments?post=5041"}],"version-history":[{"count":1,"href":"https:\/\/alminutonoticia.com\/noticias\/wp-json\/wp\/v2\/posts\/5041\/revisions"}],"predecessor-version":[{"id":5043,"href":"https:\/\/alminutonoticia.com\/noticias\/wp-json\/wp\/v2\/posts\/5041\/revisions\/5043"}],"wp:featuredmedia":[{"embeddable":true,"href":"https:\/\/alminutonoticia.com\/noticias\/wp-json\/wp\/v2\/media\/5042"}],"wp:attachment":[{"href":"https:\/\/alminutonoticia.com\/noticias\/wp-json\/wp\/v2\/media?parent=5041"}],"wp:term":[{"taxonomy":"category","embeddable":true,"href":"https:\/\/alminutonoticia.com\/noticias\/wp-json\/wp\/v2\/categories?post=5041"},{"taxonomy":"post_tag","embeddable":true,"href":"https:\/\/alminutonoticia.com\/noticias\/wp-json\/wp\/v2\/tags?post=5041"}],"curies":[{"name":"wp","href":"https:\/\/api.w.org\/{rel}","templated":true}]}}