{"id":5037,"date":"2023-07-10T11:09:00","date_gmt":"2023-07-10T11:09:00","guid":{"rendered":"https:\/\/alminutonoticia.com\/noticias\/?p=5037"},"modified":"2023-07-10T11:09:01","modified_gmt":"2023-07-10T11:09:01","slug":"avances-en-la-instalacion-de-la-uci-en-bocas-del-toro","status":"publish","type":"post","link":"https:\/\/alminutonoticia.com\/noticias\/avances-en-la-instalacion-de-la-uci-en-bocas-del-toro\/","title":{"rendered":"Avances en la instalaci\u00f3n de la UCI en Bocas del Toro"},"content":{"rendered":"\n<p>Como un gran avance para la poblaci\u00f3n, calific\u00f3 el grupo Bocatore\u00f1os Unidos los adelantos registrados en la pronta activaci\u00f3n de la Unidad de Cuidados Intensivos (UCI) del Hospital \u201cDr. Ra\u00fal D\u00e1vila Mena\u201d, de Changuinola.<\/p>\n\n\n\n<p>La UCI es parte de los compromisos adquiridos con los bocatore\u00f1os por la Caja de Seguro Social (CSS) y la Comisi\u00f3n de Alto Nivel, conformada por el Ejecutivo.<\/p>\n\n\n\n<p>Luego de un recorrido por el \u00e1rea donde se instalar\u00e1 la Sala de Cuidados Intensivos del Hospital \u201cDr. Ra\u00fal D\u00e1vila Mena\u201d, el dirigente Maynor Guerra reconoci\u00f3 la importancia de esta obra para la provincia.<\/p>\n\n\n\n<p>En tanto, la Dra. Yelkys Gill, directora ejecutiva nacional de Servicios y Prestaciones en Salud, afirm\u00f3 durante la gira se apreci\u00f3 c\u00f3mo avanza la habilitaci\u00f3n de la UCI, para cumplir un compromiso que adquiri\u00f3 la CSS en la mesa t\u00e9cnica instalada por el Ejecutivo.<\/p>\n\n\n\n<p>Vamos a iniciar con cuatro camas, que nos ayudar\u00e1n a brindar atenci\u00f3n a m\u00e1s de 196 mil personas y minimizar los traslados, agreg\u00f3.<\/p>\n\n\n\n<p>Como parte de los avances para poner en marcha la Unidad de Cuidados Intensivos, se capacita al personal de salud del Hospital \u201cDr. Ra\u00fal D\u00e1vila Mena\u201d y contin\u00faan las reuniones de seguimiento con la Comisi\u00f3n de Alto Nivel.<\/p>\n\n\n\n<p><\/p>\n\n\n\n<figure class=\"wp-block-image size-full\"><a href=\"https:\/\/alminutonoticia.com\/noticias\/wp-content\/uploads\/2023\/07\/WhatsApp-Image-2023-07-09-at-2.37.36-PM-1.jpeg\"><img fetchpriority=\"high\" decoding=\"async\" width=\"768\" height=\"445\" src=\"https:\/\/alminutonoticia.com\/noticias\/wp-content\/uploads\/2023\/07\/WhatsApp-Image-2023-07-09-at-2.37.36-PM-1.jpeg\" alt=\"\" class=\"wp-image-5038\" title=\"\" srcset=\"https:\/\/alminutonoticia.com\/noticias\/wp-content\/uploads\/2023\/07\/WhatsApp-Image-2023-07-09-at-2.37.36-PM-1.jpeg 768w, https:\/\/alminutonoticia.com\/noticias\/wp-content\/uploads\/2023\/07\/WhatsApp-Image-2023-07-09-at-2.37.36-PM-1-300x174.jpeg 300w\" sizes=\"(max-width: 768px) 100vw, 768px\" \/><\/a><\/figure>\n\n\n\n<figure class=\"wp-block-image size-full\"><a href=\"https:\/\/alminutonoticia.com\/noticias\/wp-content\/uploads\/2023\/07\/WhatsApp-Image-2023-07-09-at-2.37.37-PM.jpeg\"><img decoding=\"async\" width=\"768\" height=\"512\" src=\"https:\/\/alminutonoticia.com\/noticias\/wp-content\/uploads\/2023\/07\/WhatsApp-Image-2023-07-09-at-2.37.37-PM.jpeg\" alt=\"\" class=\"wp-image-5039\" title=\"\" srcset=\"https:\/\/alminutonoticia.com\/noticias\/wp-content\/uploads\/2023\/07\/WhatsApp-Image-2023-07-09-at-2.37.37-PM.jpeg 768w, https:\/\/alminutonoticia.com\/noticias\/wp-content\/uploads\/2023\/07\/WhatsApp-Image-2023-07-09-at-2.37.37-PM-300x200.jpeg 300w\" sizes=\"(max-width: 768px) 100vw, 768px\" \/><\/a><\/figure>\n","protected":false},"excerpt":{"rendered":"<p>Como un gran avance para la poblaci\u00f3n, calific\u00f3 el grupo Bocatore\u00f1os Unidos los adelantos registrados en la pronta activaci\u00f3n de la Unidad de Cuidados Intensivos (UCI) del Hospital \u201cDr. Ra\u00fal D\u00e1vila Mena\u201d, de Changuinola. La UCI es parte de los compromisos adquiridos con los bocatore\u00f1os por la Caja de Seguro Social (CSS) y la Comisi\u00f3n [&hellip;]<\/p>\n","protected":false},"author":3,"featured_media":5038,"comment_status":"open","ping_status":"open","sticky":false,"template":"","format":"standard","meta":{"footnotes":""},"categories":[36,45],"tags":[],"class_list":["post-5037","post","type-post","status-publish","format-standard","has-post-thumbnail","hentry","category-nacionales","category-salud"],"_links":{"self":[{"href":"https:\/\/alminutonoticia.com\/noticias\/wp-json\/wp\/v2\/posts\/5037","targetHints":{"allow":["GET"]}}],"collection":[{"href":"https:\/\/alminutonoticia.com\/noticias\/wp-json\/wp\/v2\/posts"}],"about":[{"href":"https:\/\/alminutonoticia.com\/noticias\/wp-json\/wp\/v2\/types\/post"}],"author":[{"embeddable":true,"href":"https:\/\/alminutonoticia.com\/noticias\/wp-json\/wp\/v2\/users\/3"}],"replies":[{"embeddable":true,"href":"https:\/\/alminutonoticia.com\/noticias\/wp-json\/wp\/v2\/comments?post=5037"}],"version-history":[{"count":1,"href":"https:\/\/alminutonoticia.com\/noticias\/wp-json\/wp\/v2\/posts\/5037\/revisions"}],"predecessor-version":[{"id":5040,"href":"https:\/\/alminutonoticia.com\/noticias\/wp-json\/wp\/v2\/posts\/5037\/revisions\/5040"}],"wp:featuredmedia":[{"embeddable":true,"href":"https:\/\/alminutonoticia.com\/noticias\/wp-json\/wp\/v2\/media\/5038"}],"wp:attachment":[{"href":"https:\/\/alminutonoticia.com\/noticias\/wp-json\/wp\/v2\/media?parent=5037"}],"wp:term":[{"taxonomy":"category","embeddable":true,"href":"https:\/\/alminutonoticia.com\/noticias\/wp-json\/wp\/v2\/categories?post=5037"},{"taxonomy":"post_tag","embeddable":true,"href":"https:\/\/alminutonoticia.com\/noticias\/wp-json\/wp\/v2\/tags?post=5037"}],"curies":[{"name":"wp","href":"https:\/\/api.w.org\/{rel}","templated":true}]}}