{"id":4964,"date":"2023-07-06T04:12:06","date_gmt":"2023-07-06T04:12:06","guid":{"rendered":"https:\/\/alminutonoticia.com\/noticias\/?p=4964"},"modified":"2023-07-06T04:12:06","modified_gmt":"2023-07-06T04:12:06","slug":"miembros-del-molirena-se-inscriben-en-rm","status":"publish","type":"post","link":"https:\/\/alminutonoticia.com\/noticias\/miembros-del-molirena-se-inscriben-en-rm\/","title":{"rendered":"Miembros del MOLIRENA se inscriben en RM"},"content":{"rendered":"\n<p>M\u00e1s de 35 miembros del partido Molirena (fundadores y ex directivos) se sumaron a las filas de Realizando Metas este martes 5 de julio, donde manifestaron su total respaldo a Ricardo Martinelli rumbo al 2024.<\/p>\n\n\n\n<p><br>Los nuevos miembros manifestaron que este es el inicio y que efectuar\u00e1n a nivel nacional inscripciones masivas con otros miembros de Molirena e independientes, quienes desean sumarse a RM.<br>Jaime Ford Lara reiter\u00f3 su total apoyo a Martinelli y afirm\u00f3 que destacadas familias fundadoras del Molirena se unen a partir de la fecha para trabajar un un mejor Panam\u00e1.<\/p>\n\n\n\n<figure class=\"wp-block-image size-large\"><a href=\"https:\/\/alminutonoticia.com\/noticias\/wp-content\/uploads\/2023\/07\/WhatsApp-Image-2023-07-05-at-10.15.11-PM.jpeg\"><img fetchpriority=\"high\" decoding=\"async\" width=\"1024\" height=\"682\" src=\"https:\/\/alminutonoticia.com\/noticias\/wp-content\/uploads\/2023\/07\/WhatsApp-Image-2023-07-05-at-10.15.11-PM-1024x682.jpeg\" alt=\"\" class=\"wp-image-4965\" title=\"\" srcset=\"https:\/\/alminutonoticia.com\/noticias\/wp-content\/uploads\/2023\/07\/WhatsApp-Image-2023-07-05-at-10.15.11-PM-1024x682.jpeg 1024w, https:\/\/alminutonoticia.com\/noticias\/wp-content\/uploads\/2023\/07\/WhatsApp-Image-2023-07-05-at-10.15.11-PM-300x200.jpeg 300w, https:\/\/alminutonoticia.com\/noticias\/wp-content\/uploads\/2023\/07\/WhatsApp-Image-2023-07-05-at-10.15.11-PM-768x512.jpeg 768w, https:\/\/alminutonoticia.com\/noticias\/wp-content\/uploads\/2023\/07\/WhatsApp-Image-2023-07-05-at-10.15.11-PM.jpeg 1280w\" sizes=\"(max-width: 1024px) 100vw, 1024px\" \/><\/a><\/figure>\n","protected":false},"excerpt":{"rendered":"<p>M\u00e1s de 35 miembros del partido Molirena (fundadores y ex directivos) se sumaron a las filas de Realizando Metas este martes 5 de julio, donde manifestaron su total respaldo a Ricardo Martinelli rumbo al 2024. Los nuevos miembros manifestaron que este es el inicio y que efectuar\u00e1n a nivel nacional inscripciones masivas con otros miembros [&hellip;]<\/p>\n","protected":false},"author":3,"featured_media":4965,"comment_status":"open","ping_status":"open","sticky":false,"template":"","format":"standard","meta":{"footnotes":""},"categories":[36,37],"tags":[],"class_list":["post-4964","post","type-post","status-publish","format-standard","has-post-thumbnail","hentry","category-nacionales","category-politica"],"_links":{"self":[{"href":"https:\/\/alminutonoticia.com\/noticias\/wp-json\/wp\/v2\/posts\/4964","targetHints":{"allow":["GET"]}}],"collection":[{"href":"https:\/\/alminutonoticia.com\/noticias\/wp-json\/wp\/v2\/posts"}],"about":[{"href":"https:\/\/alminutonoticia.com\/noticias\/wp-json\/wp\/v2\/types\/post"}],"author":[{"embeddable":true,"href":"https:\/\/alminutonoticia.com\/noticias\/wp-json\/wp\/v2\/users\/3"}],"replies":[{"embeddable":true,"href":"https:\/\/alminutonoticia.com\/noticias\/wp-json\/wp\/v2\/comments?post=4964"}],"version-history":[{"count":1,"href":"https:\/\/alminutonoticia.com\/noticias\/wp-json\/wp\/v2\/posts\/4964\/revisions"}],"predecessor-version":[{"id":4966,"href":"https:\/\/alminutonoticia.com\/noticias\/wp-json\/wp\/v2\/posts\/4964\/revisions\/4966"}],"wp:featuredmedia":[{"embeddable":true,"href":"https:\/\/alminutonoticia.com\/noticias\/wp-json\/wp\/v2\/media\/4965"}],"wp:attachment":[{"href":"https:\/\/alminutonoticia.com\/noticias\/wp-json\/wp\/v2\/media?parent=4964"}],"wp:term":[{"taxonomy":"category","embeddable":true,"href":"https:\/\/alminutonoticia.com\/noticias\/wp-json\/wp\/v2\/categories?post=4964"},{"taxonomy":"post_tag","embeddable":true,"href":"https:\/\/alminutonoticia.com\/noticias\/wp-json\/wp\/v2\/tags?post=4964"}],"curies":[{"name":"wp","href":"https:\/\/api.w.org\/{rel}","templated":true}]}}