{"id":4961,"date":"2023-07-06T04:09:40","date_gmt":"2023-07-06T04:09:40","guid":{"rendered":"https:\/\/alminutonoticia.com\/noticias\/?p=4961"},"modified":"2023-07-06T04:09:41","modified_gmt":"2023-07-06T04:09:41","slug":"ministro-encargado-franco-recibe-al-primer-ministro-surcoreano-han-duck-soo","status":"publish","type":"post","link":"https:\/\/alminutonoticia.com\/noticias\/ministro-encargado-franco-recibe-al-primer-ministro-surcoreano-han-duck-soo\/","title":{"rendered":"Ministro encargado Franco recibe al primer Ministro surcoreano Han Duck -Soo"},"content":{"rendered":"\n<p>El ministro encargado Vladimir Franco Sousa, recibi\u00f3 en el Aeropuerto Internacional Panam\u00e1 Pac\u00edfico, al primer ministro coreano, Han Duck-soo, y su delegaci\u00f3n, como parte de una importante misi\u00f3n oficial en el pa\u00eds que incluye una reuni\u00f3n con el presidente de la Rep\u00fablica, Laurentino Cortizo Cohen, a fin de fortalecer la agenda com\u00fan en materia diplom\u00e1tica, comercial y cultural.<\/p>\n\n\n\n<p>Durante su visita, el primer ministro Duck-soo y su delegaci\u00f3n, participar\u00e1n en el Sal\u00f3n del Consejo Gabinete de una reuni\u00f3n ampliada con los Ministros: Federico Alfaro Boyd; de Comercio e Industrias, Vladimir Franco; Ministro encargado de Relaciones Exteriores, Jos\u00e9 Rojas Pardini; de la Inversi\u00f3n Privada, Saleh Asvat; jefe de Gabinete y Secretario Nacional de la Asociaci\u00f3n P\u00fablico Privada, Jorge Almengor, Viceministro de Econom\u00eda, Isbeth Quiel Murcia, Viceministra de Relaciones Exteriores encargada.<\/p>\n\n\n\n<p>El primer ministro y su delegaci\u00f3n visitar\u00e1n, el Canal de Panam\u00e1, las obras de la tercera l\u00ednea del Metro -actualmente el mayor proyecto p\u00fablico en Panam\u00e1- y la Concretera en Vacamonte, donde participan empresas coreanas.<\/p>\n\n\n\n<p>\u00c9sta es la primera visita oficial de un funcionario coreano a alto nivel a Panam\u00e1 en trece a\u00f1os. La anterior visita fue del entonces presidente de Corea del Sur, Lee Myung-bak, en 2010.<\/p>\n\n\n\n<figure class=\"wp-block-image size-full\"><a href=\"https:\/\/alminutonoticia.com\/noticias\/wp-content\/uploads\/2023\/07\/WhatsApp-Image-2023-07-05-at-6.57.25-PM.jpeg\"><img fetchpriority=\"high\" decoding=\"async\" width=\"1024\" height=\"683\" src=\"https:\/\/alminutonoticia.com\/noticias\/wp-content\/uploads\/2023\/07\/WhatsApp-Image-2023-07-05-at-6.57.25-PM.jpeg\" alt=\"\" class=\"wp-image-4962\" title=\"\" srcset=\"https:\/\/alminutonoticia.com\/noticias\/wp-content\/uploads\/2023\/07\/WhatsApp-Image-2023-07-05-at-6.57.25-PM.jpeg 1024w, https:\/\/alminutonoticia.com\/noticias\/wp-content\/uploads\/2023\/07\/WhatsApp-Image-2023-07-05-at-6.57.25-PM-300x200.jpeg 300w, https:\/\/alminutonoticia.com\/noticias\/wp-content\/uploads\/2023\/07\/WhatsApp-Image-2023-07-05-at-6.57.25-PM-768x512.jpeg 768w\" sizes=\"(max-width: 1024px) 100vw, 1024px\" \/><\/a><\/figure>\n\n\n\n<p><\/p>\n","protected":false},"excerpt":{"rendered":"<p>El ministro encargado Vladimir Franco Sousa, recibi\u00f3 en el Aeropuerto Internacional Panam\u00e1 Pac\u00edfico, al primer ministro coreano, Han Duck-soo, y su delegaci\u00f3n, como parte de una importante misi\u00f3n oficial en el pa\u00eds que incluye una reuni\u00f3n con el presidente de la Rep\u00fablica, Laurentino Cortizo Cohen, a fin de fortalecer la agenda com\u00fan en materia diplom\u00e1tica, [&hellip;]<\/p>\n","protected":false},"author":3,"featured_media":4962,"comment_status":"open","ping_status":"open","sticky":false,"template":"","format":"standard","meta":{"footnotes":""},"categories":[39,36],"tags":[],"class_list":["post-4961","post","type-post","status-publish","format-standard","has-post-thumbnail","hentry","category-internacionales","category-nacionales"],"_links":{"self":[{"href":"https:\/\/alminutonoticia.com\/noticias\/wp-json\/wp\/v2\/posts\/4961","targetHints":{"allow":["GET"]}}],"collection":[{"href":"https:\/\/alminutonoticia.com\/noticias\/wp-json\/wp\/v2\/posts"}],"about":[{"href":"https:\/\/alminutonoticia.com\/noticias\/wp-json\/wp\/v2\/types\/post"}],"author":[{"embeddable":true,"href":"https:\/\/alminutonoticia.com\/noticias\/wp-json\/wp\/v2\/users\/3"}],"replies":[{"embeddable":true,"href":"https:\/\/alminutonoticia.com\/noticias\/wp-json\/wp\/v2\/comments?post=4961"}],"version-history":[{"count":1,"href":"https:\/\/alminutonoticia.com\/noticias\/wp-json\/wp\/v2\/posts\/4961\/revisions"}],"predecessor-version":[{"id":4963,"href":"https:\/\/alminutonoticia.com\/noticias\/wp-json\/wp\/v2\/posts\/4961\/revisions\/4963"}],"wp:featuredmedia":[{"embeddable":true,"href":"https:\/\/alminutonoticia.com\/noticias\/wp-json\/wp\/v2\/media\/4962"}],"wp:attachment":[{"href":"https:\/\/alminutonoticia.com\/noticias\/wp-json\/wp\/v2\/media?parent=4961"}],"wp:term":[{"taxonomy":"category","embeddable":true,"href":"https:\/\/alminutonoticia.com\/noticias\/wp-json\/wp\/v2\/categories?post=4961"},{"taxonomy":"post_tag","embeddable":true,"href":"https:\/\/alminutonoticia.com\/noticias\/wp-json\/wp\/v2\/tags?post=4961"}],"curies":[{"name":"wp","href":"https:\/\/api.w.org\/{rel}","templated":true}]}}