{"id":4958,"date":"2023-07-06T04:05:39","date_gmt":"2023-07-06T04:05:39","guid":{"rendered":"https:\/\/alminutonoticia.com\/noticias\/?p=4958"},"modified":"2023-07-06T04:05:40","modified_gmt":"2023-07-06T04:05:40","slug":"concurso-nacional-de-oratoria-cierra-periodo-de-inscripciones-con-exitosa-convocatoria-de-jovenes-inspirados-en-el-futuro-energetico-de-panama","status":"publish","type":"post","link":"https:\/\/alminutonoticia.com\/noticias\/concurso-nacional-de-oratoria-cierra-periodo-de-inscripciones-con-exitosa-convocatoria-de-jovenes-inspirados-en-el-futuro-energetico-de-panama\/","title":{"rendered":"Concurso nacional de oratoria cierra per\u00edodo de inscripciones con exitosa convocatoria de j\u00f3venes inspirados en el futuro energ\u00e9tico de Panam\u00e1."},"content":{"rendered":"\n<p>J\u00f3venes de entre 15 y 18 a\u00f1os del nivel medio educativo de m\u00e1s de 400 colegios oficiales y particulares de las 16 regiones educativas del pa\u00eds, acudieron masivamente a la convocatoria del Concurso Nacional de Oratoria 2023.<\/p>\n\n\n\n<p><strong>M<\/strong><strong>\u00e1s de 3 mil estudiantes se registraron para participar este a\u00f1o del Concurso Nacional de Oratoria,&nbsp;<\/strong>cuyocierre de inscripciones se llev\u00f3 a cabo el pasado fin de semana. Estos estar\u00e1n presentes, promoviendo en sus centros educativos sus ideas y enfoques anal\u00edticos-cr\u00edticos sobre el tema central de este a\u00f1o, presentado por la Secretar\u00eda Nacional de&nbsp;Energ\u00eda&nbsp;<strong><em>\u201cLa Transici\u00f3n Energ\u00e9tica en Panam\u00e1: Una oportunidad para la sostenibilidad, democratizaci\u00f3n y desarrollo econ\u00f3mico del pa\u00eds\u201d.<\/em><\/strong><\/p>\n\n\n\n<p>La organizaci\u00f3n del Concurso Nacional de Oratoria destac\u00f3 al respecto&nbsp;<em>\u201cestamos complacidos del entusiasmo de los participantes sobre un tema de alto impacto en la Agenda de Transici\u00f3n Energ\u00e9tica que lidera Panam\u00e1, donde intervienen factores de pr\u00e1cticas y pensamiento verde que inciden en el cambio de conducta de la poblaci\u00f3n para alcanzar el futuro sostenible y ecol\u00f3gico que aspiramos en los pr\u00f3ximos 10 a\u00f1os. Los planteamientos y el inter\u00e9s de los participantes, demuestra que la juventud est\u00e1 visualiz\u00e1ndolo en sus entornos, y es un asunto prioritario para la supervivencia de los recursos naturales en Panam\u00e1\u201d.<\/em><\/p>\n\n\n\n<p>La siguiente etapa en el desarrollo del certamen, implica la realizaci\u00f3n de los&nbsp;<strong>concursos internos<\/strong>&nbsp;<strong>en cada centro educativo<\/strong>&nbsp;previstos llevarse a cabo del&nbsp;<strong><u>12 al 21 de julio<\/u><\/strong>, para entonces iniciar la fase de&nbsp;<strong>Preselecci\u00f3n Regional<\/strong>&nbsp;que este a\u00f1o regresa a las diferentes cabeceras de provincias y comarcas en b\u00fasqueda de los 50 mejores oradores de Panam\u00e1.&nbsp;<\/p>\n\n\n\n<p>El Concurso Nacional de Oratoria se enorgullece que en el marco de la celebraci\u00f3n de sus 18 a\u00f1os, sigue construyendo un legado cultural, una plataforma intelectual y de liderazgo de la mano de organizadores como M\u00e1s M\u00f3vil, Caja de Ahorros y el Ministerio de Educaci\u00f3n; adem\u00e1s de un esfuerzo conjunto entre el Despacho de la Primera Dama, IFARHU, Autoridad del Canal de Panam\u00e1, Liberty Latin America y dem\u00e1s instituciones gubernamentales, embajadas, empresas privadas y medios de comunicaci\u00f3n, que respaldan el&nbsp; gran compromiso continuo por la educaci\u00f3n.<\/p>\n\n\n\n<p>El tema&nbsp;<strong><em>\u201cLa Transici\u00f3n Energ\u00e9tica en Panam\u00e1: Una oportunidad para la sostenibilidad, democratizaci\u00f3n y desarrollo econ\u00f3mico del pa\u00eds\u201d&nbsp;<\/em><\/strong>es unllamado a fomentar las mejores pr\u00e1cticas en el uso de energ\u00edas limpias sostenibles, enfocados en el futuro de la poblaci\u00f3n y del planeta;&nbsp;despertando en la juventud propuestas que generen ideas, planteamientos y soluciones ante esta inminente realidad.<\/p>\n\n\n\n<p>\u201cLos j\u00f3venes, juegan un papel clave en la promoci\u00f3n de esa transici\u00f3n energ\u00e9tica sostenible, un tema que va m\u00e1s all\u00e1 de la realidad que estamos viviendo; y si Panam\u00e1 no act\u00faa responsablemente, el futuro energ\u00e9tico se ver\u00e1 seriamente comprometido. Es momento de que todos actuemos\u201d, puntualiza\u00a0la\u00a0<strong>Secretar\u00eda Nacional de Energ\u00eda,\u00a0<\/strong>proponentes del tema 2023.<\/p>\n\n\n\n<figure class=\"wp-block-image size-large\"><a href=\"https:\/\/alminutonoticia.com\/noticias\/wp-content\/uploads\/2023\/07\/IMG_9951-scaled.jpg\"><img fetchpriority=\"high\" decoding=\"async\" width=\"1024\" height=\"683\" src=\"https:\/\/alminutonoticia.com\/noticias\/wp-content\/uploads\/2023\/07\/IMG_9951-1024x683.jpg\" alt=\"\" class=\"wp-image-4959\" title=\"\" srcset=\"https:\/\/alminutonoticia.com\/noticias\/wp-content\/uploads\/2023\/07\/IMG_9951-1024x683.jpg 1024w, https:\/\/alminutonoticia.com\/noticias\/wp-content\/uploads\/2023\/07\/IMG_9951-300x200.jpg 300w, https:\/\/alminutonoticia.com\/noticias\/wp-content\/uploads\/2023\/07\/IMG_9951-768x512.jpg 768w, https:\/\/alminutonoticia.com\/noticias\/wp-content\/uploads\/2023\/07\/IMG_9951-1536x1024.jpg 1536w, https:\/\/alminutonoticia.com\/noticias\/wp-content\/uploads\/2023\/07\/IMG_9951-2048x1365.jpg 2048w\" sizes=\"(max-width: 1024px) 100vw, 1024px\" \/><\/a><\/figure>\n\n\n\n<p><\/p>\n","protected":false},"excerpt":{"rendered":"<p>J\u00f3venes de entre 15 y 18 a\u00f1os del nivel medio educativo de m\u00e1s de 400 colegios oficiales y particulares de las 16 regiones educativas del pa\u00eds, acudieron masivamente a la convocatoria del Concurso Nacional de Oratoria 2023. M\u00e1s de 3 mil estudiantes se registraron para participar este a\u00f1o del Concurso Nacional de Oratoria,&nbsp;cuyocierre de inscripciones [&hellip;]<\/p>\n","protected":false},"author":3,"featured_media":4959,"comment_status":"open","ping_status":"open","sticky":false,"template":"","format":"standard","meta":{"footnotes":""},"categories":[36],"tags":[],"class_list":["post-4958","post","type-post","status-publish","format-standard","has-post-thumbnail","hentry","category-nacionales"],"_links":{"self":[{"href":"https:\/\/alminutonoticia.com\/noticias\/wp-json\/wp\/v2\/posts\/4958","targetHints":{"allow":["GET"]}}],"collection":[{"href":"https:\/\/alminutonoticia.com\/noticias\/wp-json\/wp\/v2\/posts"}],"about":[{"href":"https:\/\/alminutonoticia.com\/noticias\/wp-json\/wp\/v2\/types\/post"}],"author":[{"embeddable":true,"href":"https:\/\/alminutonoticia.com\/noticias\/wp-json\/wp\/v2\/users\/3"}],"replies":[{"embeddable":true,"href":"https:\/\/alminutonoticia.com\/noticias\/wp-json\/wp\/v2\/comments?post=4958"}],"version-history":[{"count":1,"href":"https:\/\/alminutonoticia.com\/noticias\/wp-json\/wp\/v2\/posts\/4958\/revisions"}],"predecessor-version":[{"id":4960,"href":"https:\/\/alminutonoticia.com\/noticias\/wp-json\/wp\/v2\/posts\/4958\/revisions\/4960"}],"wp:featuredmedia":[{"embeddable":true,"href":"https:\/\/alminutonoticia.com\/noticias\/wp-json\/wp\/v2\/media\/4959"}],"wp:attachment":[{"href":"https:\/\/alminutonoticia.com\/noticias\/wp-json\/wp\/v2\/media?parent=4958"}],"wp:term":[{"taxonomy":"category","embeddable":true,"href":"https:\/\/alminutonoticia.com\/noticias\/wp-json\/wp\/v2\/categories?post=4958"},{"taxonomy":"post_tag","embeddable":true,"href":"https:\/\/alminutonoticia.com\/noticias\/wp-json\/wp\/v2\/tags?post=4958"}],"curies":[{"name":"wp","href":"https:\/\/api.w.org\/{rel}","templated":true}]}}