{"id":4914,"date":"2023-07-05T10:06:34","date_gmt":"2023-07-05T10:06:34","guid":{"rendered":"https:\/\/alminutonoticia.com\/noticias\/?p=4914"},"modified":"2023-07-05T10:06:35","modified_gmt":"2023-07-05T10:06:35","slug":"torrijos-presenta-proyectos-sociales-para-el-pueblo","status":"publish","type":"post","link":"https:\/\/alminutonoticia.com\/noticias\/torrijos-presenta-proyectos-sociales-para-el-pueblo\/","title":{"rendered":"Torrijos presenta proyectos sociales para el pueblo"},"content":{"rendered":"\n<p>\u00ab<em>La angustia que viven los paname\u00f1os por la falta de agua es inaceptable<\/em>\u00ab<\/p>\n\n\n\n<p><em>Muchos paname\u00f1os se sienten abandonados y sin esperanzas; lo escucho y lo siento a diario; esto va a cambiar. Vamos a lograr que los programas del gobierno lleguen con transparencia a las familias que los necesitan<\/em><\/p>\n\n\n\n<p>La creaci\u00f3n del Instituto P\u00fablico del Agua; de la Agencia Nacional de Medicamentos y ampliaci\u00f3n de los servicios m\u00e9dicos en las instalaciones oficiales, al igual que la ejecuci\u00f3n transparente de la Ley de Descentralizaci\u00f3n, son algunos de los compromisos del precandidato presidencial del opositor Partido Popular (PP), Mart\u00edn Torrijos Espino.<\/p>\n\n\n\n<p>Los tres compromisos del expresidente de la Rep\u00fablica est\u00e1n contenidos en anuncios\u00a0 que han comenzado a ser emitidos esta semana en los medios de comunicaci\u00f3n.<\/p>\n\n\n\n<p>&nbsp;\u201c<a>La angustia que viven los paname\u00f1os por la falta de agua inaceptable<\/a>. Por ello, vamos&nbsp; a crear el Instituto P\u00fablico del Agua, cuyo principal objetivo ser\u00e1 asegurar el recurso h\u00eddrico para el consumo humano, la agricultura y el tr\u00e1nsito por el Canal [de Panam\u00e1]\u201d, afirma el exmandatario en uno de los&nbsp;<em>spots<\/em>.<\/p>\n\n\n\n<p>A\u00f1ade que, de ganar las elecciones presidenciales de mayo del pr\u00f3ximo a\u00f1o, terminar\u00e1&nbsp; las plantas potabilizadoras que est\u00e1n en desarrollo y construir\u00e1 las que hagan falta, para garantizar la adecuada distribuci\u00f3n de agua pues, \u201cque a los paname\u00f1os les llegue el agua, es mi compromiso.\u201d<\/p>\n\n\n\n<p>En materia de salud, el compromiso del l\u00edder pol\u00edtico es extender la atenci\u00f3n m\u00e9dica en las instalaciones del Minsa y la CSS; crear un fondo para garantizar las operaciones del sistema estatal y la Agencia Nacional de<br>Medicamentos.<\/p>\n\n\n\n<p>\u201cAmpliaremos el horario de atenci\u00f3n en centros de salud y policl\u00ednicas; estableceremos un forno para garantizar el funcionamiento de los sistemas de salud; crearemos la Agencia Nacional de Medicamentos que asegure el abastecimiento y un precio justo. Tu salud ser\u00e1 nuestra prioridad; este es mi compromiso\u201d, se\u00f1ala otro de los anuncios de Torrijos Espino.<\/p>\n\n\n\n<p>Respecto a la transparencia gubernamental, el precandidato presidencial se compromete a que los programas sociales, como la descentralizaci\u00f3n, lleguen a quienes lo necesitan.<\/p>\n\n\n\n<p>\u00a0<\/p>\n\n\n\n<figure class=\"wp-block-image size-full\"><a href=\"https:\/\/alminutonoticia.com\/noticias\/wp-content\/uploads\/2023\/07\/WhatsApp-Image-2023-07-04-at-5.48.10-PM-3-1024x683-1.jpeg\"><img fetchpriority=\"high\" decoding=\"async\" width=\"1024\" height=\"683\" src=\"https:\/\/alminutonoticia.com\/noticias\/wp-content\/uploads\/2023\/07\/WhatsApp-Image-2023-07-04-at-5.48.10-PM-3-1024x683-1.jpeg\" alt=\"\" class=\"wp-image-4915\" title=\"\" srcset=\"https:\/\/alminutonoticia.com\/noticias\/wp-content\/uploads\/2023\/07\/WhatsApp-Image-2023-07-04-at-5.48.10-PM-3-1024x683-1.jpeg 1024w, https:\/\/alminutonoticia.com\/noticias\/wp-content\/uploads\/2023\/07\/WhatsApp-Image-2023-07-04-at-5.48.10-PM-3-1024x683-1-300x200.jpeg 300w, https:\/\/alminutonoticia.com\/noticias\/wp-content\/uploads\/2023\/07\/WhatsApp-Image-2023-07-04-at-5.48.10-PM-3-1024x683-1-768x512.jpeg 768w\" sizes=\"(max-width: 1024px) 100vw, 1024px\" \/><\/a><\/figure>\n","protected":false},"excerpt":{"rendered":"<p>\u00abLa angustia que viven los paname\u00f1os por la falta de agua es inaceptable\u00ab Muchos paname\u00f1os se sienten abandonados y sin esperanzas; lo escucho y lo siento a diario; esto va a cambiar. Vamos a lograr que los programas del gobierno lleguen con transparencia a las familias que los necesitan La creaci\u00f3n del Instituto P\u00fablico del [&hellip;]<\/p>\n","protected":false},"author":3,"featured_media":4915,"comment_status":"open","ping_status":"open","sticky":false,"template":"","format":"standard","meta":{"footnotes":""},"categories":[36,37],"tags":[],"class_list":["post-4914","post","type-post","status-publish","format-standard","has-post-thumbnail","hentry","category-nacionales","category-politica"],"_links":{"self":[{"href":"https:\/\/alminutonoticia.com\/noticias\/wp-json\/wp\/v2\/posts\/4914","targetHints":{"allow":["GET"]}}],"collection":[{"href":"https:\/\/alminutonoticia.com\/noticias\/wp-json\/wp\/v2\/posts"}],"about":[{"href":"https:\/\/alminutonoticia.com\/noticias\/wp-json\/wp\/v2\/types\/post"}],"author":[{"embeddable":true,"href":"https:\/\/alminutonoticia.com\/noticias\/wp-json\/wp\/v2\/users\/3"}],"replies":[{"embeddable":true,"href":"https:\/\/alminutonoticia.com\/noticias\/wp-json\/wp\/v2\/comments?post=4914"}],"version-history":[{"count":1,"href":"https:\/\/alminutonoticia.com\/noticias\/wp-json\/wp\/v2\/posts\/4914\/revisions"}],"predecessor-version":[{"id":4916,"href":"https:\/\/alminutonoticia.com\/noticias\/wp-json\/wp\/v2\/posts\/4914\/revisions\/4916"}],"wp:featuredmedia":[{"embeddable":true,"href":"https:\/\/alminutonoticia.com\/noticias\/wp-json\/wp\/v2\/media\/4915"}],"wp:attachment":[{"href":"https:\/\/alminutonoticia.com\/noticias\/wp-json\/wp\/v2\/media?parent=4914"}],"wp:term":[{"taxonomy":"category","embeddable":true,"href":"https:\/\/alminutonoticia.com\/noticias\/wp-json\/wp\/v2\/categories?post=4914"},{"taxonomy":"post_tag","embeddable":true,"href":"https:\/\/alminutonoticia.com\/noticias\/wp-json\/wp\/v2\/tags?post=4914"}],"curies":[{"name":"wp","href":"https:\/\/api.w.org\/{rel}","templated":true}]}}