{"id":4900,"date":"2023-07-05T03:03:08","date_gmt":"2023-07-05T03:03:08","guid":{"rendered":"https:\/\/alminutonoticia.com\/noticias\/?p=4900"},"modified":"2023-07-05T03:03:08","modified_gmt":"2023-07-05T03:03:08","slug":"un-nuevo-hogar-recibe-familia-damnificada-por-incendio-en-changuinola","status":"publish","type":"post","link":"https:\/\/alminutonoticia.com\/noticias\/un-nuevo-hogar-recibe-familia-damnificada-por-incendio-en-changuinola\/","title":{"rendered":"Un nuevo hogar recibe familia damnificada por incendio en Changuinola"},"content":{"rendered":"\n<p>Una vivienda del Plan Progreso, c\u00f3moda y segura, entreg\u00f3 el Ministerio de Vivienda y Ordenamiento Territorial (Miviot) a Hernaldo Thomas, de 38 a\u00f1os, y su familia, quienes lo perdieron todo cuando un incendio le destruy\u00f3 su humilde hogar en el Corregimiento de Finca 30 del distrito de Changuinola en Bocas del Toro, dej\u00e1ndolos a la intemperie.<\/p>\n\n\n\n<p>El adulto, que mantiene un diagn\u00f3stico de Sindrome de Kindler y otras complicaciones, vive junto a su madre Cecilia Robles, de 55 a\u00f1os; su padrastro Arecio Juli\u00e1n, de 55 a\u00f1os; una hermanastra, de 19 a\u00f1os y un sobrino, de 8 meses.<\/p>\n\n\n\n<p>Actualmente se mantiene recluido en el hospital de Obald\u00eda y su madre presenta diagn\u00f3stico de diabetes mellitus.<\/p>\n\n\n\n<p>Esta familia extensa, resid\u00eda hasta el momento del incendio, en una vivienda construida de paredes de madera, techo de zinc, piso de concreto, manten\u00eda espacios distribuidos y contaban con los servicios b\u00e1sicos.<\/p>\n\n\n\n<p>A ra\u00edz de&nbsp;este incendi\u00f3 ocurrido hace cuatro meses, y luego de una evaluaci\u00f3n social y t\u00e9cnica, fueron contemplados por el Miviot en el Programa de Gradualidad Residencial Social (Plan Progreso), lo que permiti\u00f3 que hoy&nbsp;recibieran&nbsp;de manos del director regional del Miviot, Alfonso Vaz, una vivienda que re\u00fane las condiciones necesarias para Thomas, su madre y el resto de la familia.<\/p>\n\n\n\n<p>En la entrega participaron la directora\u00a0regional\u00a0del Ministerio de Desarrollo Social, Graciela Grand; el director de Sinaproc, Harold Whyles: la directora\u00a0regional\u00a0del\u00a0Registro P\u00fablico, Felicita Vargas y el director\u00a0regional\u00a0de\u00a0la\u00a0Senniaf, Rigoberto Mart\u00ednez, quienes brindaron\u00a0apoyo a la familia.<\/p>\n\n\n\n<figure class=\"wp-block-image size-full\"><a href=\"https:\/\/alminutonoticia.com\/noticias\/wp-content\/uploads\/2023\/07\/20230703_1518430.jpg\"><img fetchpriority=\"high\" decoding=\"async\" width=\"800\" height=\"450\" src=\"https:\/\/alminutonoticia.com\/noticias\/wp-content\/uploads\/2023\/07\/20230703_1518430.jpg\" alt=\"\" class=\"wp-image-4901\" title=\"\" srcset=\"https:\/\/alminutonoticia.com\/noticias\/wp-content\/uploads\/2023\/07\/20230703_1518430.jpg 800w, https:\/\/alminutonoticia.com\/noticias\/wp-content\/uploads\/2023\/07\/20230703_1518430-300x169.jpg 300w, https:\/\/alminutonoticia.com\/noticias\/wp-content\/uploads\/2023\/07\/20230703_1518430-768x432.jpg 768w\" sizes=\"(max-width: 800px) 100vw, 800px\" \/><\/a><\/figure>\n\n\n\n<figure class=\"wp-block-image size-full\"><a href=\"https:\/\/alminutonoticia.com\/noticias\/wp-content\/uploads\/2023\/07\/20230703_152040.jpg\"><img decoding=\"async\" width=\"800\" height=\"450\" src=\"https:\/\/alminutonoticia.com\/noticias\/wp-content\/uploads\/2023\/07\/20230703_152040.jpg\" alt=\"\" class=\"wp-image-4902\" title=\"\" srcset=\"https:\/\/alminutonoticia.com\/noticias\/wp-content\/uploads\/2023\/07\/20230703_152040.jpg 800w, https:\/\/alminutonoticia.com\/noticias\/wp-content\/uploads\/2023\/07\/20230703_152040-300x169.jpg 300w, https:\/\/alminutonoticia.com\/noticias\/wp-content\/uploads\/2023\/07\/20230703_152040-768x432.jpg 768w\" sizes=\"(max-width: 800px) 100vw, 800px\" \/><\/a><\/figure>\n\n\n\n<figure class=\"wp-block-image size-full\"><a href=\"https:\/\/alminutonoticia.com\/noticias\/wp-content\/uploads\/2023\/07\/20230704_105150.jpg\"><img decoding=\"async\" width=\"800\" height=\"539\" src=\"https:\/\/alminutonoticia.com\/noticias\/wp-content\/uploads\/2023\/07\/20230704_105150.jpg\" alt=\"\" class=\"wp-image-4903\" title=\"\" srcset=\"https:\/\/alminutonoticia.com\/noticias\/wp-content\/uploads\/2023\/07\/20230704_105150.jpg 800w, https:\/\/alminutonoticia.com\/noticias\/wp-content\/uploads\/2023\/07\/20230704_105150-300x202.jpg 300w, https:\/\/alminutonoticia.com\/noticias\/wp-content\/uploads\/2023\/07\/20230704_105150-768x517.jpg 768w\" sizes=\"(max-width: 800px) 100vw, 800px\" \/><\/a><\/figure>\n","protected":false},"excerpt":{"rendered":"<p>Una vivienda del Plan Progreso, c\u00f3moda y segura, entreg\u00f3 el Ministerio de Vivienda y Ordenamiento Territorial (Miviot) a Hernaldo Thomas, de 38 a\u00f1os, y su familia, quienes lo perdieron todo cuando un incendio le destruy\u00f3 su humilde hogar en el Corregimiento de Finca 30 del distrito de Changuinola en Bocas del Toro, dej\u00e1ndolos a la [&hellip;]<\/p>\n","protected":false},"author":3,"featured_media":4903,"comment_status":"open","ping_status":"open","sticky":false,"template":"","format":"standard","meta":{"footnotes":""},"categories":[36],"tags":[],"class_list":["post-4900","post","type-post","status-publish","format-standard","has-post-thumbnail","hentry","category-nacionales"],"_links":{"self":[{"href":"https:\/\/alminutonoticia.com\/noticias\/wp-json\/wp\/v2\/posts\/4900","targetHints":{"allow":["GET"]}}],"collection":[{"href":"https:\/\/alminutonoticia.com\/noticias\/wp-json\/wp\/v2\/posts"}],"about":[{"href":"https:\/\/alminutonoticia.com\/noticias\/wp-json\/wp\/v2\/types\/post"}],"author":[{"embeddable":true,"href":"https:\/\/alminutonoticia.com\/noticias\/wp-json\/wp\/v2\/users\/3"}],"replies":[{"embeddable":true,"href":"https:\/\/alminutonoticia.com\/noticias\/wp-json\/wp\/v2\/comments?post=4900"}],"version-history":[{"count":1,"href":"https:\/\/alminutonoticia.com\/noticias\/wp-json\/wp\/v2\/posts\/4900\/revisions"}],"predecessor-version":[{"id":4904,"href":"https:\/\/alminutonoticia.com\/noticias\/wp-json\/wp\/v2\/posts\/4900\/revisions\/4904"}],"wp:featuredmedia":[{"embeddable":true,"href":"https:\/\/alminutonoticia.com\/noticias\/wp-json\/wp\/v2\/media\/4903"}],"wp:attachment":[{"href":"https:\/\/alminutonoticia.com\/noticias\/wp-json\/wp\/v2\/media?parent=4900"}],"wp:term":[{"taxonomy":"category","embeddable":true,"href":"https:\/\/alminutonoticia.com\/noticias\/wp-json\/wp\/v2\/categories?post=4900"},{"taxonomy":"post_tag","embeddable":true,"href":"https:\/\/alminutonoticia.com\/noticias\/wp-json\/wp\/v2\/tags?post=4900"}],"curies":[{"name":"wp","href":"https:\/\/api.w.org\/{rel}","templated":true}]}}