{"id":4893,"date":"2023-07-05T02:56:06","date_gmt":"2023-07-05T02:56:06","guid":{"rendered":"https:\/\/alminutonoticia.com\/noticias\/?p=4893"},"modified":"2023-07-05T02:56:06","modified_gmt":"2023-07-05T02:56:06","slug":"bancada-del-cd-desea-alianza-con-rm-para-el-retorno-de-ricardo-martinelli-a-la-presidencia","status":"publish","type":"post","link":"https:\/\/alminutonoticia.com\/noticias\/bancada-del-cd-desea-alianza-con-rm-para-el-retorno-de-ricardo-martinelli-a-la-presidencia\/","title":{"rendered":"Bancada del CD desea alianza con RM para el retorno de Ricardo Martinelli a la presidencia"},"content":{"rendered":"\n<p><strong>La representaci\u00f3n del Partido Cambio Democr\u00e1tico en la Asamblea Nacional, genuinos voceros de las bases y dirigentes de nuestro colectivo, reafirma, a pocos d\u00edas de la celebraci\u00f3n de la primaria presidencial interna, los objetivos que nos trazamos y las acciones que desarrollamos, en aras de rescatar nuestro colectivo y construir una alianza electoral que devuelva al pueblo paname\u00f1o el progreso econ\u00f3mico y la prosperidad social que se merece:<\/strong><\/p>\n\n\n\n<p><strong>1.&nbsp;&nbsp;&nbsp;&nbsp;&nbsp; Las bases y dirigentes de Cambio Democr\u00e1tico, han expresado con claridad, que su deseo es ser parte de una alianza, que consolide el retorno de Ricardo Martinelli a la Presidencia de la Rep\u00fablica.<\/strong><strong><\/strong><\/p>\n\n\n\n<p><strong><br>2.&nbsp;&nbsp;&nbsp;&nbsp;&nbsp; Que en virtud de los anterior, la membres\u00eda de Cambio Democr\u00e1tico, ha manifestado su rechazo total a las intenciones del actual presidente y de los miembros de la Directiva que \u00e9l controla, de llevar a nuestro colectivo a una alianza perdedora con&nbsp; Jose Isabel Bland\u00f3n, del Varelismo-Paname\u00f1ista.<\/strong><\/p>\n\n\n\n<p><strong><br>3.&nbsp;&nbsp;&nbsp;&nbsp;&nbsp; Para hacer realidad el deseo de nuestra bases y dirigente, encabezamos un movimiento destinado a evitar que R\u00f3mulo Roux y los Directivos que lo apoyen, nos arrastren a una derrota electoral.<\/strong><\/p>\n\n\n\n<p><strong><br>4.&nbsp;&nbsp;&nbsp;&nbsp;&nbsp; Ese movimiento que busca rescatar a Cambio Democr\u00e1tico de aquellos que lo mantienen secuestrado por sus intereses personales y econ\u00f3micos, tiene el liderazgo de Yanibel Abrego, dirigente escogida para enfrentar y derrotar a R\u00f3mulo Roux en la elecci\u00f3n primaria del pr\u00f3ximo domingo 9 de julio.<\/strong><\/p>\n\n\n\n<p><strong><br>5.&nbsp;&nbsp;&nbsp;&nbsp;&nbsp; Reafirmamos, al pa\u00eds y a nuestra membres\u00eda, que una vez alcanzado el objetivo de derrotar a R\u00f3mulo Roux y sus \u00a8compinches\u00a8, en nuestra primaria presidencial, iniciaremos, inmediatamente, los pasos necesarios para consolidar la alianza ganadora que desea nuestra membres\u00eda con Ricardo Martinelli como candidato a la Presidencia y con su partido Realizando Metas (RM), como aliado.<\/strong><strong><\/strong><\/p>\n\n\n\n<figure class=\"wp-block-image size-large\"><a href=\"https:\/\/alminutonoticia.com\/noticias\/wp-content\/uploads\/2023\/07\/WhatsApp-Image-2023-07-04-at-5.52.10-PM.jpeg\"><img fetchpriority=\"high\" decoding=\"async\" width=\"833\" height=\"1024\" src=\"https:\/\/alminutonoticia.com\/noticias\/wp-content\/uploads\/2023\/07\/WhatsApp-Image-2023-07-04-at-5.52.10-PM-833x1024.jpeg\" alt=\"\" class=\"wp-image-4894\" title=\"\" srcset=\"https:\/\/alminutonoticia.com\/noticias\/wp-content\/uploads\/2023\/07\/WhatsApp-Image-2023-07-04-at-5.52.10-PM-833x1024.jpeg 833w, https:\/\/alminutonoticia.com\/noticias\/wp-content\/uploads\/2023\/07\/WhatsApp-Image-2023-07-04-at-5.52.10-PM-244x300.jpeg 244w, https:\/\/alminutonoticia.com\/noticias\/wp-content\/uploads\/2023\/07\/WhatsApp-Image-2023-07-04-at-5.52.10-PM-768x944.jpeg 768w, https:\/\/alminutonoticia.com\/noticias\/wp-content\/uploads\/2023\/07\/WhatsApp-Image-2023-07-04-at-5.52.10-PM.jpeg 1134w\" sizes=\"(max-width: 833px) 100vw, 833px\" \/><\/a><\/figure>\n\n\n\n<figure class=\"wp-block-image size-full\"><a href=\"https:\/\/alminutonoticia.com\/noticias\/wp-content\/uploads\/2023\/07\/WhatsApp-Image-2023-07-04-at-6.07.07-PM-1-1024x683-1.jpeg\"><img decoding=\"async\" width=\"1024\" height=\"683\" src=\"https:\/\/alminutonoticia.com\/noticias\/wp-content\/uploads\/2023\/07\/WhatsApp-Image-2023-07-04-at-6.07.07-PM-1-1024x683-1.jpeg\" alt=\"\" class=\"wp-image-4895\" title=\"\" srcset=\"https:\/\/alminutonoticia.com\/noticias\/wp-content\/uploads\/2023\/07\/WhatsApp-Image-2023-07-04-at-6.07.07-PM-1-1024x683-1.jpeg 1024w, https:\/\/alminutonoticia.com\/noticias\/wp-content\/uploads\/2023\/07\/WhatsApp-Image-2023-07-04-at-6.07.07-PM-1-1024x683-1-300x200.jpeg 300w, https:\/\/alminutonoticia.com\/noticias\/wp-content\/uploads\/2023\/07\/WhatsApp-Image-2023-07-04-at-6.07.07-PM-1-1024x683-1-768x512.jpeg 768w\" sizes=\"(max-width: 1024px) 100vw, 1024px\" \/><\/a><\/figure>\n","protected":false},"excerpt":{"rendered":"<p>La representaci\u00f3n del Partido Cambio Democr\u00e1tico en la Asamblea Nacional, genuinos voceros de las bases y dirigentes de nuestro colectivo, reafirma, a pocos d\u00edas de la celebraci\u00f3n de la primaria presidencial interna, los objetivos que nos trazamos y las acciones que desarrollamos, en aras de rescatar nuestro colectivo y construir una alianza electoral que devuelva [&hellip;]<\/p>\n","protected":false},"author":3,"featured_media":4895,"comment_status":"open","ping_status":"open","sticky":false,"template":"","format":"standard","meta":{"footnotes":""},"categories":[36,37],"tags":[],"class_list":["post-4893","post","type-post","status-publish","format-standard","has-post-thumbnail","hentry","category-nacionales","category-politica"],"_links":{"self":[{"href":"https:\/\/alminutonoticia.com\/noticias\/wp-json\/wp\/v2\/posts\/4893","targetHints":{"allow":["GET"]}}],"collection":[{"href":"https:\/\/alminutonoticia.com\/noticias\/wp-json\/wp\/v2\/posts"}],"about":[{"href":"https:\/\/alminutonoticia.com\/noticias\/wp-json\/wp\/v2\/types\/post"}],"author":[{"embeddable":true,"href":"https:\/\/alminutonoticia.com\/noticias\/wp-json\/wp\/v2\/users\/3"}],"replies":[{"embeddable":true,"href":"https:\/\/alminutonoticia.com\/noticias\/wp-json\/wp\/v2\/comments?post=4893"}],"version-history":[{"count":1,"href":"https:\/\/alminutonoticia.com\/noticias\/wp-json\/wp\/v2\/posts\/4893\/revisions"}],"predecessor-version":[{"id":4896,"href":"https:\/\/alminutonoticia.com\/noticias\/wp-json\/wp\/v2\/posts\/4893\/revisions\/4896"}],"wp:featuredmedia":[{"embeddable":true,"href":"https:\/\/alminutonoticia.com\/noticias\/wp-json\/wp\/v2\/media\/4895"}],"wp:attachment":[{"href":"https:\/\/alminutonoticia.com\/noticias\/wp-json\/wp\/v2\/media?parent=4893"}],"wp:term":[{"taxonomy":"category","embeddable":true,"href":"https:\/\/alminutonoticia.com\/noticias\/wp-json\/wp\/v2\/categories?post=4893"},{"taxonomy":"post_tag","embeddable":true,"href":"https:\/\/alminutonoticia.com\/noticias\/wp-json\/wp\/v2\/tags?post=4893"}],"curies":[{"name":"wp","href":"https:\/\/api.w.org\/{rel}","templated":true}]}}