{"id":4890,"date":"2023-07-05T02:41:50","date_gmt":"2023-07-05T02:41:50","guid":{"rendered":"https:\/\/alminutonoticia.com\/noticias\/?p=4890"},"modified":"2023-07-05T02:41:51","modified_gmt":"2023-07-05T02:41:51","slug":"veda-electoral-por-primarias-de-c-d","status":"publish","type":"post","link":"https:\/\/alminutonoticia.com\/noticias\/veda-electoral-por-primarias-de-c-d\/","title":{"rendered":"Veda electoral por primarias de C D"},"content":{"rendered":"\n<p>El Tribunal Electoral les recuerda a los miembros del partido Cambio Democr\u00e1tico que est\u00e1n en campa\u00f1a con motivo de sus elecciones primarias del domingo 9 de julio de 2023, que tienen hasta las 11:59 p.m. de este jueves 6 de junio para hacer proselitismo pol\u00edtico, y que a partir de las 12:01 a.m. del viernes 7 comienza el periodo de reflexi\u00f3n y, por ende, la veda electoral.<\/p>\n\n\n\n<p>Queda prohibida la difusi\u00f3n de propaganda electoral, pagada o donada, a favor o en contra de ciudadanos o partidos, al igual que las caravanas y concentraciones.&nbsp; Deben abstenerse de repartir art\u00edculos promocionales, el patrocinio de eventos en los que se utilice el nombre del partido y la pauta en medios de comunicaci\u00f3n convencionales y digitales.<\/p>\n\n\n\n<p>El art\u00edculo 256 del C\u00f3digo Electoral se\u00f1ala que esta prohibici\u00f3n incluye las vallas publicitarias, por lo que deben ser removidas al vencimiento del periodo de campa\u00f1a respectivo, por el partido, el precandidato responsable o la empresa contratada para la propaganda.<\/p>\n\n\n\n<p>En caso de incumplimiento, la&nbsp; respectiva Direcci\u00f3n Regional de Organizaci\u00f3n Electoral (DROE)&nbsp; proceder\u00e1 con su remoci\u00f3n, decomiso y sanciones correspondientes.<\/p>\n\n\n\n<p>Para esta elecci\u00f3n primaria, tambi\u00e9n se contar\u00e1 con la participaci\u00f3n de observadores electorales de la Uni\u00f3n Interamericana de Organismos Electorales (UNIORE), quienes seguir\u00e1n de cerca el desarrollo del proceso con el prop\u00f3sito de garantizar los derechos democr\u00e1ticos ciudadanos de elegir y ser elegidos, con plena libertad, rendici\u00f3n de cuentas, transparencia, equidad y justicia.<\/p>\n\n\n\n<figure class=\"wp-block-image size-full\"><a href=\"https:\/\/alminutonoticia.com\/noticias\/wp-content\/uploads\/2023\/07\/descarga.jpg\"><img fetchpriority=\"high\" decoding=\"async\" width=\"294\" height=\"171\" src=\"https:\/\/alminutonoticia.com\/noticias\/wp-content\/uploads\/2023\/07\/descarga.jpg\" alt=\"\" class=\"wp-image-4891\" title=\"\"><\/a><\/figure>\n","protected":false},"excerpt":{"rendered":"<p>El Tribunal Electoral les recuerda a los miembros del partido Cambio Democr\u00e1tico que est\u00e1n en campa\u00f1a con motivo de sus elecciones primarias del domingo 9 de julio de 2023, que tienen hasta las 11:59 p.m. de este jueves 6 de junio para hacer proselitismo pol\u00edtico, y que a partir de las 12:01 a.m. del viernes [&hellip;]<\/p>\n","protected":false},"author":3,"featured_media":4891,"comment_status":"open","ping_status":"open","sticky":false,"template":"","format":"standard","meta":{"footnotes":""},"categories":[36,37],"tags":[],"class_list":["post-4890","post","type-post","status-publish","format-standard","has-post-thumbnail","hentry","category-nacionales","category-politica"],"_links":{"self":[{"href":"https:\/\/alminutonoticia.com\/noticias\/wp-json\/wp\/v2\/posts\/4890","targetHints":{"allow":["GET"]}}],"collection":[{"href":"https:\/\/alminutonoticia.com\/noticias\/wp-json\/wp\/v2\/posts"}],"about":[{"href":"https:\/\/alminutonoticia.com\/noticias\/wp-json\/wp\/v2\/types\/post"}],"author":[{"embeddable":true,"href":"https:\/\/alminutonoticia.com\/noticias\/wp-json\/wp\/v2\/users\/3"}],"replies":[{"embeddable":true,"href":"https:\/\/alminutonoticia.com\/noticias\/wp-json\/wp\/v2\/comments?post=4890"}],"version-history":[{"count":1,"href":"https:\/\/alminutonoticia.com\/noticias\/wp-json\/wp\/v2\/posts\/4890\/revisions"}],"predecessor-version":[{"id":4892,"href":"https:\/\/alminutonoticia.com\/noticias\/wp-json\/wp\/v2\/posts\/4890\/revisions\/4892"}],"wp:featuredmedia":[{"embeddable":true,"href":"https:\/\/alminutonoticia.com\/noticias\/wp-json\/wp\/v2\/media\/4891"}],"wp:attachment":[{"href":"https:\/\/alminutonoticia.com\/noticias\/wp-json\/wp\/v2\/media?parent=4890"}],"wp:term":[{"taxonomy":"category","embeddable":true,"href":"https:\/\/alminutonoticia.com\/noticias\/wp-json\/wp\/v2\/categories?post=4890"},{"taxonomy":"post_tag","embeddable":true,"href":"https:\/\/alminutonoticia.com\/noticias\/wp-json\/wp\/v2\/tags?post=4890"}],"curies":[{"name":"wp","href":"https:\/\/api.w.org\/{rel}","templated":true}]}}