{"id":4885,"date":"2023-07-04T12:02:43","date_gmt":"2023-07-04T12:02:43","guid":{"rendered":"https:\/\/alminutonoticia.com\/noticias\/?p=4885"},"modified":"2023-07-04T12:02:43","modified_gmt":"2023-07-04T12:02:43","slug":"importante-ong-internacional-brindara-asesoria-al-gobierno-nacional-en-proteccion-del-ecosistema-marino","status":"publish","type":"post","link":"https:\/\/alminutonoticia.com\/noticias\/importante-ong-internacional-brindara-asesoria-al-gobierno-nacional-en-proteccion-del-ecosistema-marino\/","title":{"rendered":"Importante ONG internacional brindar\u00e1 asesor\u00eda al Gobierno Nacional en protecci\u00f3n del ecosistema marino"},"content":{"rendered":"\n<p>El ministro de Ambiente Milciades Concepci\u00f3n recibi\u00f3 en su despacho David Hance, oficial en jefe de operaci\u00f3n y director de la Alianza de Protecci\u00f3n Marina de LATAM, (Marine Protection Alliance) organizaci\u00f3n no gubernamental que desarrolla actividades en favor de la lucha contra la pesca industrial ilegal y que comenzar\u00e1 operaci\u00f3n en Panam\u00e1.<\/p>\n\n\n\n<p>El objetivo de la reuni\u00f3n fue presentar la misi\u00f3n de la ONG y las acciones que ella llevar\u00e1 a cabo en el pa\u00eds con la finalidad de respaldar el ecosistema marino frente a la pesca industrial ilegal. El Gobierno Nacional y la Alianza de Protecci\u00f3n Marina, se han aliado a trav\u00e9s de un Memorando de Entendimiento para mejorar la gobernanza de las \u00e1reas marino-costeras del pa\u00eds.<\/p>\n\n\n\n<p>El ministro estuvo acompa\u00f1ado en este encuentro por Jos\u00e9 Julio Casas, director de Costas y Mares y Jos\u00e9 Victoria, director de \u00c1reas Protegidas y Biodiversidad del Ministerio de Ambiente (MiAMBIENTE), quienes hicieron una exposici\u00f3n de las principales tareas que se cumplen en el pa\u00eds para regular el espacio marino y las zonas costeras.<\/p>\n\n\n\n<p>Desde la Alianza se apoya con el Servicio Nacional Aeronaval (SENAN) de Panam\u00e1 en direcci\u00f3n de incrementar la vigilancia y el monitoreo, prevenir delitos contra los recursos naturales y la vida silvestre cometidos en las \u00e1reas jurisdiccionales marinas.<\/p>\n\n\n\n<p>El director de esta Alianza resalt\u00f3 el objetivo de ofrecer a los gobiernos embarcaciones tripuladas con personal altamente calificado y en disposici\u00f3n de proteger los espacios marinos ante cualquier amenaza de pescadores ilegales.<\/p>\n\n\n\n<p>Seg\u00fan el perfil de la entidad, \u201csu infraestructura operativa permite a sus socios fortalecer la capacidad para vigilar las aguas, combatir la pesca industrial ilegal, lleva a cabo investigaciones cient\u00edficas y tener una mayor presencia en los l\u00edmites de la Zona Econ\u00f3mica Exclusiva (ZEE)\u201d.<\/p>\n\n\n\n<figure class=\"wp-block-image size-large\"><a href=\"https:\/\/alminutonoticia.com\/noticias\/wp-content\/uploads\/2023\/07\/WhatsApp-Image-2023-07-03-at-1.01.10-PM-2.jpeg\"><img fetchpriority=\"high\" decoding=\"async\" width=\"1024\" height=\"682\" src=\"https:\/\/alminutonoticia.com\/noticias\/wp-content\/uploads\/2023\/07\/WhatsApp-Image-2023-07-03-at-1.01.10-PM-2-1024x682.jpeg\" alt=\"\" class=\"wp-image-4886\" title=\"\" srcset=\"https:\/\/alminutonoticia.com\/noticias\/wp-content\/uploads\/2023\/07\/WhatsApp-Image-2023-07-03-at-1.01.10-PM-2-1024x682.jpeg 1024w, https:\/\/alminutonoticia.com\/noticias\/wp-content\/uploads\/2023\/07\/WhatsApp-Image-2023-07-03-at-1.01.10-PM-2-300x200.jpeg 300w, https:\/\/alminutonoticia.com\/noticias\/wp-content\/uploads\/2023\/07\/WhatsApp-Image-2023-07-03-at-1.01.10-PM-2-768x512.jpeg 768w, https:\/\/alminutonoticia.com\/noticias\/wp-content\/uploads\/2023\/07\/WhatsApp-Image-2023-07-03-at-1.01.10-PM-2-1536x1023.jpeg 1536w, https:\/\/alminutonoticia.com\/noticias\/wp-content\/uploads\/2023\/07\/WhatsApp-Image-2023-07-03-at-1.01.10-PM-2.jpeg 1600w\" sizes=\"(max-width: 1024px) 100vw, 1024px\" \/><\/a><\/figure>\n\n\n\n<figure class=\"wp-block-image size-large\"><a href=\"https:\/\/alminutonoticia.com\/noticias\/wp-content\/uploads\/2023\/07\/WhatsApp-Image-2023-07-03-at-1.01.09-PM-1.jpeg\"><img decoding=\"async\" width=\"1024\" height=\"682\" src=\"https:\/\/alminutonoticia.com\/noticias\/wp-content\/uploads\/2023\/07\/WhatsApp-Image-2023-07-03-at-1.01.09-PM-1-1024x682.jpeg\" alt=\"\" class=\"wp-image-4887\" title=\"\" srcset=\"https:\/\/alminutonoticia.com\/noticias\/wp-content\/uploads\/2023\/07\/WhatsApp-Image-2023-07-03-at-1.01.09-PM-1-1024x682.jpeg 1024w, https:\/\/alminutonoticia.com\/noticias\/wp-content\/uploads\/2023\/07\/WhatsApp-Image-2023-07-03-at-1.01.09-PM-1-300x200.jpeg 300w, https:\/\/alminutonoticia.com\/noticias\/wp-content\/uploads\/2023\/07\/WhatsApp-Image-2023-07-03-at-1.01.09-PM-1-768x512.jpeg 768w, https:\/\/alminutonoticia.com\/noticias\/wp-content\/uploads\/2023\/07\/WhatsApp-Image-2023-07-03-at-1.01.09-PM-1-1536x1023.jpeg 1536w, https:\/\/alminutonoticia.com\/noticias\/wp-content\/uploads\/2023\/07\/WhatsApp-Image-2023-07-03-at-1.01.09-PM-1.jpeg 1600w\" sizes=\"(max-width: 1024px) 100vw, 1024px\" \/><\/a><\/figure>\n\n\n\n<figure class=\"wp-block-image size-large\"><a href=\"https:\/\/alminutonoticia.com\/noticias\/wp-content\/uploads\/2023\/07\/WhatsApp-Image-2023-07-03-at-1.01.10-PM.jpeg\"><img decoding=\"async\" width=\"1024\" height=\"682\" src=\"https:\/\/alminutonoticia.com\/noticias\/wp-content\/uploads\/2023\/07\/WhatsApp-Image-2023-07-03-at-1.01.10-PM-1024x682.jpeg\" alt=\"\" class=\"wp-image-4888\" title=\"\" srcset=\"https:\/\/alminutonoticia.com\/noticias\/wp-content\/uploads\/2023\/07\/WhatsApp-Image-2023-07-03-at-1.01.10-PM-1024x682.jpeg 1024w, https:\/\/alminutonoticia.com\/noticias\/wp-content\/uploads\/2023\/07\/WhatsApp-Image-2023-07-03-at-1.01.10-PM-300x200.jpeg 300w, https:\/\/alminutonoticia.com\/noticias\/wp-content\/uploads\/2023\/07\/WhatsApp-Image-2023-07-03-at-1.01.10-PM-768x512.jpeg 768w, https:\/\/alminutonoticia.com\/noticias\/wp-content\/uploads\/2023\/07\/WhatsApp-Image-2023-07-03-at-1.01.10-PM-1536x1023.jpeg 1536w, https:\/\/alminutonoticia.com\/noticias\/wp-content\/uploads\/2023\/07\/WhatsApp-Image-2023-07-03-at-1.01.10-PM.jpeg 1600w\" sizes=\"(max-width: 1024px) 100vw, 1024px\" \/><\/a><\/figure>\n","protected":false},"excerpt":{"rendered":"<p>El ministro de Ambiente Milciades Concepci\u00f3n recibi\u00f3 en su despacho David Hance, oficial en jefe de operaci\u00f3n y director de la Alianza de Protecci\u00f3n Marina de LATAM, (Marine Protection Alliance) organizaci\u00f3n no gubernamental que desarrolla actividades en favor de la lucha contra la pesca industrial ilegal y que comenzar\u00e1 operaci\u00f3n en Panam\u00e1. El objetivo de [&hellip;]<\/p>\n","protected":false},"author":3,"featured_media":4888,"comment_status":"open","ping_status":"open","sticky":false,"template":"","format":"standard","meta":{"footnotes":""},"categories":[42,36],"tags":[],"class_list":["post-4885","post","type-post","status-publish","format-standard","has-post-thumbnail","hentry","category-ambiente","category-nacionales"],"_links":{"self":[{"href":"https:\/\/alminutonoticia.com\/noticias\/wp-json\/wp\/v2\/posts\/4885","targetHints":{"allow":["GET"]}}],"collection":[{"href":"https:\/\/alminutonoticia.com\/noticias\/wp-json\/wp\/v2\/posts"}],"about":[{"href":"https:\/\/alminutonoticia.com\/noticias\/wp-json\/wp\/v2\/types\/post"}],"author":[{"embeddable":true,"href":"https:\/\/alminutonoticia.com\/noticias\/wp-json\/wp\/v2\/users\/3"}],"replies":[{"embeddable":true,"href":"https:\/\/alminutonoticia.com\/noticias\/wp-json\/wp\/v2\/comments?post=4885"}],"version-history":[{"count":1,"href":"https:\/\/alminutonoticia.com\/noticias\/wp-json\/wp\/v2\/posts\/4885\/revisions"}],"predecessor-version":[{"id":4889,"href":"https:\/\/alminutonoticia.com\/noticias\/wp-json\/wp\/v2\/posts\/4885\/revisions\/4889"}],"wp:featuredmedia":[{"embeddable":true,"href":"https:\/\/alminutonoticia.com\/noticias\/wp-json\/wp\/v2\/media\/4888"}],"wp:attachment":[{"href":"https:\/\/alminutonoticia.com\/noticias\/wp-json\/wp\/v2\/media?parent=4885"}],"wp:term":[{"taxonomy":"category","embeddable":true,"href":"https:\/\/alminutonoticia.com\/noticias\/wp-json\/wp\/v2\/categories?post=4885"},{"taxonomy":"post_tag","embeddable":true,"href":"https:\/\/alminutonoticia.com\/noticias\/wp-json\/wp\/v2\/tags?post=4885"}],"curies":[{"name":"wp","href":"https:\/\/api.w.org\/{rel}","templated":true}]}}