{"id":4823,"date":"2023-07-02T13:03:02","date_gmt":"2023-07-02T13:03:02","guid":{"rendered":"https:\/\/alminutonoticia.com\/noticias\/?p=4823"},"modified":"2023-07-02T13:05:40","modified_gmt":"2023-07-02T13:05:40","slug":"informe-a-la-nacion-del-presidente-cortizo","status":"publish","type":"post","link":"https:\/\/alminutonoticia.com\/noticias\/informe-a-la-nacion-del-presidente-cortizo\/","title":{"rendered":"Informe a la Naci\u00f3n del Presidente Cortizo"},"content":{"rendered":"\n<p>Gracias a Dios por permitirme acudir por s\u00e9ptima ocasi\u00f3n a este recinto a cumplir con el mandato constitucional de rendir informe a los paname\u00f1os acerca de la gesti\u00f3n del Ejecutivo y la situaci\u00f3n de nuestro pa\u00eds.<\/p>\n\n\n\n<p>Los informes anteriores los present\u00e9 en momentos en que nuestro pa\u00eds enfrentaba grandes adversidades. Hoy Panam\u00e1 tiene circunstancias distintas, pero es importante recordar c\u00f3mo encontramos el pa\u00eds y las situaciones que tuvimos que enfrentar los paname\u00f1os para comprender cu\u00e1nto hemos logrado.<\/p>\n\n\n\n<p>Han transcurrido 48 meses de mi administraci\u00f3n. En esos 48 meses de acci\u00f3n permanente los paname\u00f1os hemos enfrentado retos monumentales, entre ellos \u201cla tormenta de tormentas\u201d, una pandemia in\u00e9dita. &nbsp;Ning\u00fan otro gobierno en la historia de Panam\u00e1 tuvo que superar un desaf\u00edo de esta magnitud.<\/p>\n\n\n\n<p>Al inicio de nuestra administraci\u00f3n, la pandemia no fue el \u00fanico desaf\u00edo y tampoco era el \u00fanico problema que afectaba al pa\u00eds. Tuvimos que enfrentar graves problemas heredados del gobierno anterior. &nbsp;Uno de ellos fue la inclusi\u00f3n de Panam\u00e1 en la lista gris del GAFI en junio de 2019, un mes antes de mi toma de posesi\u00f3n como Presidente de la Rep\u00fablica.<\/p>\n\n\n\n<p>Sin embargo, despu\u00e9s de cuatro a\u00f1os de trabajo en equipo, en defensa de los intereses nacionales, puedo anunciarles hoy que, como resultado del cumplimiento de los 15 puntos del Plan de Acci\u00f3n del GAFI por parte del Gobierno Nacional, en septiembre pr\u00f3ximo tendremos la visita de este grupo a nuestro pa\u00eds. Esta es, sin duda, una noticia positiva para Panam\u00e1.<\/p>\n\n\n\n<p>Por otro lado, en el mes de julio de 2019 encontramos en las finanzas del Estado un d\u00e9ficit de 2,101 millones de balboas y cuentas por pagar acumuladas de administraciones anteriores que sumaban 1,836 millones de balboas.<\/p>\n\n\n\n<p>Adem\u00e1s, el gobierno anterior calcul\u00f3 mal en 1,650 millones de balboas los ingresos corrientes del a\u00f1o 2019 y entreg\u00f3 \u00f3rdenes de proceder para obras sin respaldo financiero. Adicionalmente, en el 2020 tuvimos que pagar bonos vencidos del Estado por 1,155 millones de balboas. Bajo esa situaci\u00f3n fiscal precaria empez\u00f3 nuestra gesti\u00f3n gubernamental.<\/p>\n\n\n\n<p>Al inicio de mi administraci\u00f3n, necesit\u00e1bamos recursos para pagar deudas de los gobiernos anteriores, entre otras, pagos pendientes a los docentes, Caja de Seguro Social y a los productores agropecuarios.<\/p>\n\n\n\n<p>Para ello tuvimos que conseguir recursos que obtuvimos gracias a la confianza de organismos financieros, banca e inversionistas, confianza que recuperamos desde los primeros meses de nuestro gobierno.<\/p>\n\n\n\n<p>Tambi\u00e9n es un hecho que la pandemia afect\u00f3 severamente los recursos del Estado <strong>y, en consecuencia<\/strong>, <strong>increment\u00f3<\/strong> <strong>la deuda p\u00fablica<\/strong>.<\/p>\n\n\n\n<p>Necesit\u00e1bamos recursos para enfrentar la pandemia y sus consecuencias; sostener los programas sociales y el proceso de recuperaci\u00f3n econ\u00f3mica. Recursos para comprar vacunas. Recursos para los millones de Bolsas Solidarias de Alimentos entregadas a la poblaci\u00f3n. Recursos para enfrentar las emergencias ambientales, como los huracanes Iota y Eta. &nbsp;Recursos para mantener el pago de todos los subsidios. Recursos para rescatar y avanzar en obras de infraestructura p\u00fablica abandonadas. Recursos para invertir a trav\u00e9s de diversos sectores en la recuperaci\u00f3n econ\u00f3mica. Recursos para pagar el subsidio del combustible solidario que ha beneficiado a todos.<\/p>\n\n\n\n<p>Encontramos 1,108 obras de infraestructura, algunas abandonadas, con anticipos millonarios; otras, con m\u00faltiples problemas de tipo financiero, administrativo y legal que, en su mayor\u00eda, hemos rescatado. Entre ellas, carreteras, la Ciudad de la Salud, el Hospital Manuel Amador Guerrero, Hospital del Ni\u00f1o; Escuela Rep\u00fablica de Italia, en San Miguelito; Escuela Rep\u00fablica de Costa Rica, en La Chorrera; Escuela Miguel Alba, en Son\u00e1; Estadio Roberto Mariano Bula, en Col\u00f3n, entre otras.<\/p>\n\n\n\n<p>La pandemia que golpe\u00f3 al mundo y a nuestro pa\u00eds fue el desaf\u00edo m\u00e1s dif\u00edcil que he enfrentado en mi vida, una situaci\u00f3n dram\u00e1tica, dolorosa, tr\u00e1gica.&nbsp; En ese escenario estructuramos un plan de emergencia que nos permiti\u00f3 atender la crisis en tres frentes fundamentales, logrando un balance entre las medidas de salud, lo social y lo econ\u00f3mico.<\/p>\n\n\n\n<p>El objetivo fundamental de ese plan fue salvar vidas y evitar que colapsara nuestro sistema de salud, como ocurri\u00f3 en otros pa\u00edses del mundo.&nbsp; No tengo ninguna duda de que nuestro manejo de la pandemia constituye una victoria patri\u00f3tica; es el triunfo de la unidad de los paname\u00f1os sobre la amenaza m\u00e1s grande que hemos enfrentado como Naci\u00f3n.<\/p>\n\n\n\n<p>Creamos y ejecutamos el Plan Panam\u00e1 Solidario, tarea monumental, un esfuerzo de miles de h\u00e9roes voluntarios y funcionarios que, con gran solidaridad humana, acudieron en apoyo de sus hermanas y hermanos cuando la Patria m\u00e1s los necesit\u00f3, a\u00fan a riesgo de sus propias vidas.<\/p>\n\n\n\n<p>Igualmente, creamos el Vale Digital, instrumento innovador que, a trav\u00e9s de la c\u00e9dula personal utilizada como tarjeta de d\u00e9bito, ha permitido llevar auxilio econ\u00f3mico a quienes quedaron sin posibilidad de generar ingresos.<\/p>\n\n\n\n<p>El Programa Panam\u00e1 Solidario recibi\u00f3 reconocimiento internacional de parte de la OEA y el Banco Interamericano de Desarrollo con el Premio a la Excelencia de la Red de Gobierno Electr\u00f3nico de Am\u00e9rica Latina y El Caribe.<\/p>\n\n\n\n<p>Tambi\u00e9n seg\u00fan datos del Banco Mundial, si no hubiera existido el Plan Panam\u00e1 Solidario con todas sus acciones, la pobreza en nuestro pa\u00eds habr\u00eda aumentado en 3.6%.&nbsp;&nbsp; Todas estas acciones nos permitieron preservar vidas y mantener la paz social.<\/p>\n\n\n\n<p>Entre las medidas de alivio impulsadas en pandemia establecimos, adem\u00e1s, un periodo de moratoria para suspender temporalmente los pagos de deudas como hipotecas, alquileres, tarjetas de cr\u00e9dito y pr\u00e9stamos.<\/p>\n\n\n\n<p>Por otro lado, y a\u00fan con los limitados recursos del Estado debido a los graves efectos de la pandemia, nuestro gobierno mantiene en su totalidad el pago de todos los subsidios destinados a los m\u00e1s vulnerables, <strong>los que menos tienen<\/strong>.&nbsp; En esos subsidios y transferencias monetarias para ayudar a los m\u00e1s necesitados invertimos por a\u00f1o 2,530 millones de balboas.<\/p>\n\n\n\n<p>Adem\u00e1s, para detener el alza en los precios de los productos y servicios b\u00e1sicos establecimos un subsidio temporal al combustible de B\/.3.25 por gal\u00f3n, uno de los precios m\u00e1s bajos del mundo, beneficiando a todos los sectores productivos y el transporte p\u00fablico, impulsando la recuperaci\u00f3n econ\u00f3mica.<\/p>\n\n\n\n<p>He continuado encabezando personalmente las Giras de Trabajo Comunitario, mediante las cuales llevamos soluciones concretas efectivas a los corregimientos m\u00e1s vulnerables donde existe la pobreza multidimensional. En estas giras semanales participan en las entregas de beneficios de 10 a 20 instituciones, todas vinculadas a las 12 \u00e1reas de acci\u00f3n del Plan Colmena.<\/p>\n\n\n\n<p>Las Giras de Trabajo Comunitario son el brazo ejecutor de la estrategia nacional del Plan Colmena, una Pol\u00edtica Social de Estado creada por ley que establece las bases para la lucha contra la pobreza y la desigualdad.&nbsp; Es un estilo de gobernar diferente, es el constante patrullaje dom\u00e9stico que involucra la participaci\u00f3n organizada de las comunidades trabajando en equipo con el Gobierno Central, Juntas T\u00e9cnicas, los Gobiernos Locales, representantes de corregimiento y alcaldes.<\/p>\n\n\n\n<p>En estos 48 meses de gesti\u00f3n he realizado 139 de estas giras con un total de 656 actividades que superan todas las realizadas en las tres \u00faltimas administraciones.<\/p>\n\n\n\n<p>Gracias a \u00e9stas y otras acciones sociales de nuestro gobierno enfocadas en la protecci\u00f3n de los m\u00e1s vulnerables, hemos logrado reducir los \u00edndices de pobreza y pobreza extrema en nuestro pa\u00eds, a\u00fan en las condiciones adversas que nos impuso la pandemia.<\/p>\n\n\n\n<p>Ese m\u00e9todo de trabajo con la gente y para la gente es el que, Dios primero, espero mantener hasta el \u00faltimo d\u00eda de mi mandato.<\/p>\n\n\n\n<p>Seg\u00fan informe de la Comisi\u00f3n Econ\u00f3mica para Am\u00e9rica Latina y el Caribe (CEPAL), la pobreza extrema en Panam\u00e1 se redujo de 6.6% en 2019 a 5.7% en 2021.<\/p>\n\n\n\n<p>Adem\u00e1s, como dije anteriormente, seg\u00fan el \u00faltimo informe del Banco Mundial la tasa de pobreza en Panam\u00e1 en 2020 habr\u00eda sido 3.6% m\u00e1s alta si no hubi\u00e9semos ejecutado el Plan Panam\u00e1 Solidario.&nbsp; Ese mismo informe se\u00f1ala que la ejecuci\u00f3n focalizada del Plan Panam\u00e1 Solidario <strong>contin\u00faa siendo fundamental<\/strong> para la reducci\u00f3n de la pobreza y la eficiencia del gasto.&nbsp; Es un hecho que hemos reducido la pobreza, pero a\u00fan tenemos mucho por hacer.<\/p>\n\n\n\n<p>La inversi\u00f3n social de nuestro gobierno es la m\u00e1s grande en la historia del pa\u00eds.&nbsp; Nuestro prop\u00f3sito es sentar las bases para derribar la \u201csexta frontera\u201d, es la lucha contra la pobreza y la desigualdad; pero, reitero, a\u00fan tenemos mucho por hacer.<\/p>\n\n\n\n<p>D\u00e9jenme decirles algo. Las respuestas concretas que llevamos a las comunidades para procurarles un mejor vivir son beneficios que se entregan sin preguntar a nadie si pertenece o no a un partido pol\u00edtico. Para nuestro gobierno, no hay bandera pol\u00edtica que est\u00e9 por encima de las necesidades de ning\u00fan paname\u00f1o.<\/p>\n\n\n\n<p>Dentro del gran esfuerzo patri\u00f3tico de nuestro pa\u00eds en la lucha contra la pandemia tambi\u00e9n debemos destacar la <strong>educaci\u00f3n<\/strong>.&nbsp; La pandemia aceler\u00f3 el avance de la agenda digital del Estado para la transformaci\u00f3n de la ense\u00f1anza.&nbsp; En ese sentido, la Autoridad Nacional para la Innovaci\u00f3n Gubernamental desarroll\u00f3 con el Ministerio de Educaci\u00f3n la Plataforma ESTER, sistema basado en Moodle que hoy evoluciona como gestor de aprendizaje y portal de capacitaci\u00f3n para los docentes.<\/p>\n\n\n\n<p>Moodle es una plataforma que permite crear cursos en l\u00ednea, agregar asignaciones y monitorear el progreso de los estudiantes promoviendo el conocimiento colectivo.<\/p>\n\n\n\n<p>Por otro lado, mi administraci\u00f3n est\u00e1 comprometida con la formaci\u00f3n y perfeccionamiento del docente, que es, sin duda, el factor fundamental en la calidad de la educaci\u00f3n.<\/p>\n\n\n\n<p>En ese sentido, la reci\u00e9n sancionada ley que crea el Instituto de Perfeccionamiento y Bienestar del Docente es un paso concreto de este gobierno para alcanzar ese prop\u00f3sito.<\/p>\n\n\n\n<p>Debo destacar que, en la actualidad, el 65% de los centros educativos del pa\u00eds est\u00e1n conectados a internet, beneficiando a 671,794 estudiantes en un total de 1,906 escuelas conectadas en el sector oficial.&nbsp; En esta administraci\u00f3n hemos conectado 151 escuelas con fibra \u00f3ptica, 84 escuelas con internet satelital y hemos entregado la orden de proceder para conectar 125 escuelas m\u00e1s en la comarca Ng\u00e4be-Bugl\u00e9, beneficiando a m\u00e1s de 25 mil estudiantes.<\/p>\n\n\n\n<p>Quiero destacar con particular emoci\u00f3n y orgullo la reciente graduaci\u00f3n de la primera promoci\u00f3n 2023 de la Academia Biling\u00fce Panam\u00e1 para el Futuro, que opera en la Ciudad del Saber.&nbsp; Esta es la primera instituci\u00f3n p\u00fablica en Panam\u00e1 que cuenta con bachillerato biling\u00fce internacional para la preparaci\u00f3n de j\u00f3venes estudiantes sobresalientes.<\/p>\n\n\n\n<p>Por otro lado, seguimos fortaleciendo la educaci\u00f3n STEAM, en ciencias, tecnolog\u00eda, ingenier\u00eda, artes y matem\u00e1ticas, con 1,177 clubes de rob\u00f3tica participando en las 16 regiones educativas gracias a un esfuerzo p\u00fablico-privado.<\/p>\n\n\n\n<p>Esta pol\u00edtica de mejoramiento educativo nos acredita como pa\u00eds sede de las Olimpiadas Mundiales de Rob\u00f3tica que se celebrar\u00e1n en noviembre de este a\u00f1o bajo el lema \u201cConectando al Mundo\u201d.<\/p>\n\n\n\n<p>Cumpliendo nuestro compromiso con la transparencia, implementamos <strong>por primera vez<\/strong> la plataforma Cotizaci\u00f3n en L\u00ednea, un sistema de compras y contrataciones p\u00fablicas 100% en l\u00ednea, transparente, accesible al escrutinio y an\u00e1lisis de la ciudadan\u00eda.<\/p>\n\n\n\n<p>Dicha plataforma permite, adem\u00e1s, que las peque\u00f1as y medianas empresas puedan ofrecer al Estado sus productos y servicios para compras de hasta 10 mil balboas, lo que representa m\u00e1s del 80% de todas las compras p\u00fablicas.&nbsp; Esta iniciativa transparenta, <strong>como nunca antes<\/strong>, la selecci\u00f3n de contratistas en el proceso de compras del Estado.<\/p>\n\n\n\n<p>Hasta el mes de mayo del 2023, se realizaron 246,216 cotizaciones en l\u00ednea por un valor de 892 millones de balboas.<\/p>\n\n\n\n<p>Otra acci\u00f3n de nuestro gobierno en su pol\u00edtica de transparencia fue la rendici\u00f3n de cuentas por parte de los ministerios e instituciones del Estado del uso de recursos que les fueron asignados para el manejo de la pandemia. As\u00ed cumplimos con todos los procesos y controles establecidos en las leyes, normas y procedimientos. Esta informaci\u00f3n fue divulgada <strong>de forma<\/strong> <strong>masiva<\/strong> a trav\u00e9s de medios de comunicaci\u00f3n y en l\u00ednea.<\/p>\n\n\n\n<p>Quiero destacar que, en el Informe del 2023 del Consejo de las Am\u00e9ricas sobre el \u00cdndice de Capacidad para Combatir la Corrupci\u00f3n, Panam\u00e1 registr\u00f3 <strong>el mayor avance de la regi\u00f3n<\/strong> en el puntaje general de este a\u00f1o con una mejora sustancial del 9% respecto al a\u00f1o 2022.<\/p>\n\n\n\n<p>Tambi\u00e9n de acuerdo con el Informe del Consejo de las Am\u00e9ricas, nuestra capacidad para combatir la corrupci\u00f3n contin\u00faa en una trayectoria ascendente que nos ha llevado del puesto 10 en el 2020 a la posici\u00f3n 6 en el 2023.<\/p>\n\n\n\n<p>El Informe confirma que nuestro pa\u00eds ha logrado mejoras significativas en su capacidad legal y destaca instrumentos jur\u00eddicos promovidos por nuestro gobierno para hacer frente a la corrupci\u00f3n.&nbsp; Para m\u00ed, la administraci\u00f3n de justicia es la columna vertebral de la democracia.<\/p>\n\n\n\n<p>Tengo la satisfacci\u00f3n de haber cumplido con los paname\u00f1os mi compromiso en la campa\u00f1a presidencial de 2019 al designar 6 nuevos magistrados de la Corte Suprema de Justicia a trav\u00e9s de un proceso transparente, in\u00e9dito en la historia de nuestro pa\u00eds.&nbsp; Son los fiscales, jueces y magistrados quienes fortalecen la institucionalidad, garantizan la seguridad jur\u00eddica y el Estado de Derecho. Les reitero: nadie, absolutamente nadie, est\u00e1 por encima de la ley.<\/p>\n\n\n\n<p>La <strong>recuperaci\u00f3n econ\u00f3mica<\/strong> de Panam\u00e1 es innegable con un crecimiento de 15.8% en 2021 y 10.8% en 2022, superando los niveles de la regi\u00f3n y entre las mejores a nivel global.<\/p>\n\n\n\n<p>En materia laboral, la tasa de desempleo disminuy\u00f3 de 18.55% en el 2020 a 9.9% en el 2022. Adem\u00e1s, Panam\u00e1 tiene una de las tasas de inflaci\u00f3n m\u00e1s bajas del mundo, 2.9% al cierre del 2022.&nbsp; El esfuerzo que hemos hecho como pa\u00eds para la recuperaci\u00f3n econ\u00f3mica ha sido exitoso, como es reconocido por importantes organismos internacionales.<\/p>\n\n\n\n<p>As\u00ed, en marzo de este a\u00f1o el presidente del Banco Interamericano de Desarrollo (BID) invit\u00f3 a los pa\u00edses de la regi\u00f3n a seguir el ejemplo de persistencia de Panam\u00e1 como un modelo para superar situaciones dif\u00edciles.&nbsp; No ha sido tarea f\u00e1cil, teniendo en cuenta que durante los dos primeros a\u00f1os de pandemia el Estado dej\u00f3 de percibir ingresos corrientes por 4,477 millones de balboas.<\/p>\n\n\n\n<p>El sector agropecuario contin\u00faa creciendo, aportando un 3% al producto interno bruto. En esto ha sido fundamental el Plan Agro Solidario dirigido a peque\u00f1os productores, a trav\u00e9s del cual el Banco de Desarrollo Agropecuario tramit\u00f3 632 pr\u00e9stamos al 0% de inter\u00e9s, desembolsando 14.4 millones de balboas.<\/p>\n\n\n\n<p>Por otro lado, establecimos pol\u00edticas p\u00fablicas para la protecci\u00f3n y desarrollo de la producci\u00f3n agropecuaria, entre ellas la creaci\u00f3n, mediante Ley, de la Agencia Paname\u00f1a de Alimentos, <strong>que ahora s\u00ed<\/strong> resguarda y promueve la producci\u00f3n nacional.&nbsp; La Agencia Paname\u00f1a de Alimentos reemplaz\u00f3 a la AUPSA, instituci\u00f3n creada mediante Decreto Ley 11 en el a\u00f1o 2006, tambi\u00e9n conocida por nuestros productores como la \u201cautopista de las importaciones\u201d.<\/p>\n\n\n\n<p>As\u00ed mismo, mediante la sanci\u00f3n de la Ley de la Pol\u00edtica Agroalimentaria de Estado (PADE) establecimos, por primera vez, las bases jur\u00eddicas para la transformaci\u00f3n del sector agropecuario, el desarrollo de la producci\u00f3n y la estabilidad de los productores y sus familias.<\/p>\n\n\n\n<p>Aprovecho para compartir el m\u00e1s reciente Informe de evaluaci\u00f3n del Primer Debate Presidencial del sector agropecuario realizado en el 2019, organizado por la Asociaci\u00f3n de la Comunidad Productora de Tierras Altas.&nbsp; Dicho informe indica que, a marzo de 2023, el 90% de los compromisos que asum\u00ed como candidato presidencial ya han sido cumplidos en estos 48 meses.<\/p>\n\n\n\n<p>De esta manera, con acciones concretas demostramos que \u00e9ste ha sido y es, <strong>como nunca antes<\/strong>, un gobierno aliado de los productores paname\u00f1os.<\/p>\n\n\n\n<p>Como ya les mencion\u00e9, nuestro gobierno ha rescatado obras abandonadas por administraciones anteriores, obras largamente esperadas por la comunidad.<\/p>\n\n\n\n<p>Rescatamos y terminamos el Hospital Dionisio Arrocha, en Puerto Armuelles; la Escuela Rep\u00fablica de Costa Rica, en La Chorrera; la Escuela Rep\u00fablica de Italia, en San Miguelito; la Potabilizadora de Villa Dari\u00e9n, la Potabilizadora de El Valle de Ant\u00f3n y la Potabilizadora de San Carlos.<\/p>\n\n\n\n<p>Rescatamos y estamos construyendo el nuevo Hospital Manuel Amador Guerrero, el Estadio Roberto Mariano Bula, el Estadio Juan Dem\u00f3stenes Arosemena, el nuevo Hospital del Ni\u00f1o, el Corredor de las Playas, el Puerto de Cruceros de Amador, el Mercado P\u00fablico y el Mercado de Abastos de La Chorrera; la Escuela Miguel Alba, en Son\u00e1; la Potabilizadora de Arraij\u00e1n, que beneficiar\u00e1 a m\u00e1s de 300 mil habitantes, y la Potabilizadora de Gamboa, que completar\u00e1 el abastecimiento de agua para la ciudad capital, entre otros.<\/p>\n\n\n\n<p>Estamos recuperando la red vial nacional con proyectos como la ampliaci\u00f3n a ocho carriles de la v\u00eda Puente de Las Am\u00e9ricas-Arraij\u00e1n; el Intercambiador Puente Centenario-\u00c1rea Econ\u00f3mica Especial Panam\u00e1 Pac\u00edfico; la L\u00ednea 3 del Metro; Intercambiador Avenida Centenario-Antigua Autopista Panam\u00e1 &#8211; La Chorrera, y el paso a desnivel de La Pesa.<\/p>\n\n\n\n<p>Estas obras rescatadas y recuperadas, y muchas otras iniciadas por nuestra administraci\u00f3n, impactar\u00e1n positivamente por d\u00e9cadas la vida de los paname\u00f1os.<\/p>\n\n\n\n<p>Nuestro pa\u00eds enfrenta desaf\u00edos que exigen decisiones firmes, bien analizadas, que requieren de un enfoque sereno para poder adoptar soluciones concretas. &nbsp;Una de esas decisiones fue el nuevo contrato acordado con la empresa Minera Panam\u00e1.<\/p>\n\n\n\n<p>Hemos logrado un acuerdo justo para ambas partes que, sobre todo, defiende y resguarda nuestros derechos como pa\u00eds soberano sobre nuestros recursos naturales para obtener de ellos el mayor beneficio colectivo posible.&nbsp;&nbsp;&nbsp;<\/p>\n\n\n\n<p>El nuevo contrato es mucho m\u00e1s beneficioso que el anterior ya que favorece al pa\u00eds en los aspectos econ\u00f3micos, sociales, laborales y ambientales.<\/p>\n\n\n\n<p>Mediante el nuevo contrato, en lo <strong>econ\u00f3mico<\/strong> nuestro pa\u00eds tiene garantizado un pago m\u00ednimo anual de 375 millones de balboas, que equivale a 10 veces m\u00e1s de lo que Panam\u00e1 recib\u00eda anteriormente. Adem\u00e1s, se garantiza el pago de regal\u00edas entre 12 y 16% sobre la ganancia bruta de la mina mientras que en el contrato anterior esa regal\u00eda era s\u00f3lo de 2%.<\/p>\n\n\n\n<p>Tambi\u00e9n ahora la empresa minera deber\u00e1 pagar a la Rep\u00fablica de Panam\u00e1 todos los impuestos establecidos en nuestro territorio. O sea, pagar\u00e1 impuesto sobre la renta, impuesto de dividendos, impuesto de remesa y el impuesto de ITBMS por las compras que efect\u00faen.<\/p>\n\n\n\n<p>En el aspecto <strong>laboral<\/strong>, se limita el n\u00famero de trabajadores extranjeros al 15% del total del personal contratado, mientras que el contrato anterior permit\u00eda un 25% de trabajadores extranjeros. Adem\u00e1s, el nuevo contrato obliga a la capacitaci\u00f3n de trabajadores paname\u00f1os.<\/p>\n\n\n\n<p>En lo <strong>ambiental<\/strong>, y seg\u00fan el nuevo contrato, la empresa est\u00e1 obligada a cumplir con los est\u00e1ndares internacionales en lo que respecta a los planes de cierre y postcierre de la operaci\u00f3n de la mina.<\/p>\n\n\n\n<p>Con el nuevo contrato, se establecer\u00e1 una oficina en la mina con presencia de las autoridades competentes para la supervisi\u00f3n del fiel cumplimiento de lo pactado.&nbsp; Tambi\u00e9n el nuevo contrato establece el compromiso de utilizar energ\u00eda limpia y asegurar un programa de reforestaci\u00f3n.<\/p>\n\n\n\n<p>Este contrato firmado por las partes debe cumplir los tr\u00e1mites que establece la Constituci\u00f3n Pol\u00edtica para que pueda ser adoptado como Ley de la Rep\u00fablica; es decir, ser refrendado por la Contralor\u00eda General de la Rep\u00fablica y sometido a la Asamblea Nacional.<\/p>\n\n\n\n<p>Este nuevo contrato, tal como fue redactado, garantiza beneficios directos para los paname\u00f1os en base al pago m\u00ednimo garantizado de 375 millones de balboas por a\u00f1o.<\/p>\n\n\n\n<p>En ese sentido, el 5% de la anualidad alrededor de 20 millones de balboas por a\u00f1o ser\u00e1 destinado a la creaci\u00f3n y funcionamiento del Instituto de Estudios para el Perfeccionamiento y Bienestar del Docente.<\/p>\n\n\n\n<p>El 20% \u201475 millones de balboas\u2014 por a\u00f1o ser\u00e1 destinado para que ning\u00fan jubilado por vejez o pensionado de la Caja de Seguro Social reciba menos de 350 balboas mensuales.<\/p>\n\n\n\n<p>El 25% \u2014m\u00e1s de 90 millones de balboas\u2014 &nbsp;por a\u00f1o ser\u00e1 destinado a los distritos de Donoso y Omar Torrijos Herrera, en la provincia de Col\u00f3n, y La Pintada, en la provincia de Cocl\u00e9.<\/p>\n\n\n\n<p>El 50% de la anualidad \u2014alrededor de unos 190 millones de balboas\u2014 por a\u00f1o ser\u00e1 destinado al Programa de Invalidez, Vejez y Muerte (IVM) de la Caja de Seguro Social.<\/p>\n\n\n\n<p>Otra decisi\u00f3n trascendental es la relacionada con la Caja de Seguro Social.<\/p>\n\n\n\n<p>En consideraci\u00f3n de lo anterior, reitero que el Gobierno Nacional est\u00e1 preparado para participar en la Mesa del Di\u00e1logo por la Caja de Seguro Social, de la cual deben surgir las opciones viables que fortalezcan, particularmente, el Programa de Invalidez, Vejez y Muerte.<\/p>\n\n\n\n<p>Sin embargo, el Gobierno Nacional es respetuoso de la Ley 51 de 27 de diciembre de 2005, que reform\u00f3 la Ley Org\u00e1nica de la Caja de Seguro Social y que, en su art\u00edculo 2, establece que la Caja de Seguro Social es una entidad de Derecho P\u00fablico aut\u00f3noma del Estado en lo administrativo, funcional, econ\u00f3mico y financiero con personer\u00eda jur\u00eddica y patrimonio propio.<\/p>\n\n\n\n<p>As\u00ed mismo, el art\u00edculo 22 de la misma ley indica que los \u00d3rganos Superiores de Gobierno de la Caja de Seguro Social son la Junta Directiva, \u00f3rgano responsable de fijar las pol\u00edticas para el funcionamiento, mejoramiento y modernizaci\u00f3n de la Caja de Seguro Social y el Director General.<\/p>\n\n\n\n<p>Con independencia de lo antes se\u00f1alado, respetuoso de la autonom\u00eda de la Caja de Seguro Social, el Gobierno Nacional ha dispuesto en el nuevo contrato con Minera Panam\u00e1 asegurar para el sostenimiento del Programa de Invalidez, Vejez y Muerte, un aporte no menor a 190 millones de balboas por a\u00f1o durante 20 a\u00f1os. Esto adem\u00e1s de mantener los otros aportes anuales del Gobierno Nacional a la Caja de Seguro Social.<\/p>\n\n\n\n<p>Hago un llamado a todos los sectores de la sociedad para que tratemos estos temas con responsabilidad, despojados de intereses econ\u00f3micos, pol\u00edticos o de cualquier otra \u00edndole que no sea el bienestar de las mayor\u00edas.&nbsp; Soy optimista acerca del futuro de Panam\u00e1. El triunfo de nuestro pueblo es el triunfo del pa\u00eds que tenemos hoy con las condiciones m\u00e1s favorables y m\u00e1s deseables de la regi\u00f3n. &nbsp;Vivimos en un gran pa\u00eds en el que rigen la democracia, el Estado de Derecho, con un gobierno que escucha a la gente y cree en el di\u00e1logo.<\/p>\n\n\n\n<p>\u00c9ste ha sido, es y ser\u00e1 un gobierno de puertas abiertas.&nbsp; Un gobierno que respeta a los que est\u00e1n de acuerdo y a los que no est\u00e1n de acuerdo.&nbsp; Vivimos en un pa\u00eds donde tambi\u00e9n se respeta la libertad de expresi\u00f3n, la institucionalidad y la separaci\u00f3n de poderes.&nbsp; Somos un pueblo de esperanza y fe que se crece ante la adversidad y sale adelante. &nbsp;Y \u00e9ste informe a la Naci\u00f3n es tambi\u00e9n testimonio del triunfo de nuestro pueblo.<\/p>\n\n\n\n<p>Me siento orgulloso de ser paname\u00f1o.<\/p>\n\n\n\n<p><strong>Muchas gracias<\/strong><\/p>\n\n\n\n<figure class=\"wp-block-image size-full\"><a href=\"https:\/\/alminutonoticia.com\/noticias\/wp-content\/uploads\/2023\/07\/WhatsApp-Image-2023-07-01-at-1.05.28-PM-1.jpeg\"><img fetchpriority=\"high\" decoding=\"async\" width=\"1024\" height=\"682\" src=\"https:\/\/alminutonoticia.com\/noticias\/wp-content\/uploads\/2023\/07\/WhatsApp-Image-2023-07-01-at-1.05.28-PM-1.jpeg\" alt=\"\" class=\"wp-image-4824\" title=\"\" srcset=\"https:\/\/alminutonoticia.com\/noticias\/wp-content\/uploads\/2023\/07\/WhatsApp-Image-2023-07-01-at-1.05.28-PM-1.jpeg 1024w, https:\/\/alminutonoticia.com\/noticias\/wp-content\/uploads\/2023\/07\/WhatsApp-Image-2023-07-01-at-1.05.28-PM-1-300x200.jpeg 300w, https:\/\/alminutonoticia.com\/noticias\/wp-content\/uploads\/2023\/07\/WhatsApp-Image-2023-07-01-at-1.05.28-PM-1-768x512.jpeg 768w\" sizes=\"(max-width: 1024px) 100vw, 1024px\" \/><\/a><\/figure>\n\n\n\n<figure class=\"wp-block-image size-full\"><a href=\"https:\/\/alminutonoticia.com\/noticias\/wp-content\/uploads\/2023\/07\/WhatsApp-Image-2023-07-01-at-1.05.26-PM.jpeg\"><img decoding=\"async\" width=\"1024\" height=\"682\" src=\"https:\/\/alminutonoticia.com\/noticias\/wp-content\/uploads\/2023\/07\/WhatsApp-Image-2023-07-01-at-1.05.26-PM.jpeg\" alt=\"\" class=\"wp-image-4825\" title=\"\" srcset=\"https:\/\/alminutonoticia.com\/noticias\/wp-content\/uploads\/2023\/07\/WhatsApp-Image-2023-07-01-at-1.05.26-PM.jpeg 1024w, https:\/\/alminutonoticia.com\/noticias\/wp-content\/uploads\/2023\/07\/WhatsApp-Image-2023-07-01-at-1.05.26-PM-300x200.jpeg 300w, https:\/\/alminutonoticia.com\/noticias\/wp-content\/uploads\/2023\/07\/WhatsApp-Image-2023-07-01-at-1.05.26-PM-768x512.jpeg 768w\" sizes=\"(max-width: 1024px) 100vw, 1024px\" \/><\/a><\/figure>\n\n\n\n<figure class=\"wp-block-image size-full\"><a href=\"https:\/\/alminutonoticia.com\/noticias\/wp-content\/uploads\/2023\/07\/WhatsApp-Image-2023-07-01-at-1.05.25-PM-1.jpeg\"><img decoding=\"async\" width=\"1024\" height=\"682\" src=\"https:\/\/alminutonoticia.com\/noticias\/wp-content\/uploads\/2023\/07\/WhatsApp-Image-2023-07-01-at-1.05.25-PM-1.jpeg\" alt=\"\" class=\"wp-image-4826\" title=\"\" srcset=\"https:\/\/alminutonoticia.com\/noticias\/wp-content\/uploads\/2023\/07\/WhatsApp-Image-2023-07-01-at-1.05.25-PM-1.jpeg 1024w, https:\/\/alminutonoticia.com\/noticias\/wp-content\/uploads\/2023\/07\/WhatsApp-Image-2023-07-01-at-1.05.25-PM-1-300x200.jpeg 300w, https:\/\/alminutonoticia.com\/noticias\/wp-content\/uploads\/2023\/07\/WhatsApp-Image-2023-07-01-at-1.05.25-PM-1-768x512.jpeg 768w\" sizes=\"(max-width: 1024px) 100vw, 1024px\" \/><\/a><\/figure>\n","protected":false},"excerpt":{"rendered":"<p>Gracias a Dios por permitirme acudir por s\u00e9ptima ocasi\u00f3n a este recinto a cumplir con el mandato constitucional de rendir informe a los paname\u00f1os acerca de la gesti\u00f3n del Ejecutivo y la situaci\u00f3n de nuestro pa\u00eds. Los informes anteriores los present\u00e9 en momentos en que nuestro pa\u00eds enfrentaba grandes adversidades. Hoy Panam\u00e1 tiene circunstancias distintas, [&hellip;]<\/p>\n","protected":false},"author":3,"featured_media":4824,"comment_status":"open","ping_status":"open","sticky":false,"template":"","format":"standard","meta":{"footnotes":""},"categories":[36],"tags":[],"class_list":["post-4823","post","type-post","status-publish","format-standard","has-post-thumbnail","hentry","category-nacionales"],"_links":{"self":[{"href":"https:\/\/alminutonoticia.com\/noticias\/wp-json\/wp\/v2\/posts\/4823","targetHints":{"allow":["GET"]}}],"collection":[{"href":"https:\/\/alminutonoticia.com\/noticias\/wp-json\/wp\/v2\/posts"}],"about":[{"href":"https:\/\/alminutonoticia.com\/noticias\/wp-json\/wp\/v2\/types\/post"}],"author":[{"embeddable":true,"href":"https:\/\/alminutonoticia.com\/noticias\/wp-json\/wp\/v2\/users\/3"}],"replies":[{"embeddable":true,"href":"https:\/\/alminutonoticia.com\/noticias\/wp-json\/wp\/v2\/comments?post=4823"}],"version-history":[{"count":1,"href":"https:\/\/alminutonoticia.com\/noticias\/wp-json\/wp\/v2\/posts\/4823\/revisions"}],"predecessor-version":[{"id":4827,"href":"https:\/\/alminutonoticia.com\/noticias\/wp-json\/wp\/v2\/posts\/4823\/revisions\/4827"}],"wp:featuredmedia":[{"embeddable":true,"href":"https:\/\/alminutonoticia.com\/noticias\/wp-json\/wp\/v2\/media\/4824"}],"wp:attachment":[{"href":"https:\/\/alminutonoticia.com\/noticias\/wp-json\/wp\/v2\/media?parent=4823"}],"wp:term":[{"taxonomy":"category","embeddable":true,"href":"https:\/\/alminutonoticia.com\/noticias\/wp-json\/wp\/v2\/categories?post=4823"},{"taxonomy":"post_tag","embeddable":true,"href":"https:\/\/alminutonoticia.com\/noticias\/wp-json\/wp\/v2\/tags?post=4823"}],"curies":[{"name":"wp","href":"https:\/\/api.w.org\/{rel}","templated":true}]}}