{"id":4819,"date":"2023-06-30T11:57:55","date_gmt":"2023-06-30T11:57:55","guid":{"rendered":"https:\/\/alminutonoticia.com\/noticias\/?p=4819"},"modified":"2023-06-30T11:57:56","modified_gmt":"2023-06-30T11:57:56","slug":"presidente-cortizo-cohen-es-condecorado-con-la-medalla-manuel-espinosa-batista-de-la-gran-logia-de-panama","status":"publish","type":"post","link":"https:\/\/alminutonoticia.com\/noticias\/presidente-cortizo-cohen-es-condecorado-con-la-medalla-manuel-espinosa-batista-de-la-gran-logia-de-panama\/","title":{"rendered":"Presidente Cortizo Cohen es condecorado con la Medalla \u201cManuel Espinosa Batista\u201d de la Gran Logia de Panam\u00e1"},"content":{"rendered":"\n<p>En un solemne acto, la Gran Logia de Panam\u00e1 condecor\u00f3 al presidente de la Rep\u00fablica, Laurentino Cortizo Cohen con la Medalla \u201cManuel Espinosa Batista\u201d en Grado de Gran Collar, por sus aportes a la sociedad paname\u00f1a, destacadas cualidades patri\u00f3ticas y dedicado servicio desinteresado a la Naci\u00f3n.<\/p>\n\n\n\n<p>Es la primera ocasi\u00f3n que la Gran Logia de Panam\u00e1 otorga la m\u00e1xima condecoraci\u00f3n que es la Medalla \u201cManuel Espinosa Batista\u201d, en Grado de Gran Collar a un presidente de la Rep\u00fablica,<\/p>\n\n\n\n<p>\u201cAcept\u00f3 con humildad y gratitud la distinci\u00f3n que me hacen al otorgarme la Medalla Manuel Espinosa Batista, gran pr\u00f3cer de la Patria, cuya vida nos inspira a continuar sin descanso en la misi\u00f3n de servir a este gran pa\u00eds y a los paname\u00f1os\u201d, expres\u00f3 el presidente Cortizo Cohen.<\/p>\n\n\n\n<p>Agreg\u00f3 que daba su m\u00e1s sincero agradecimiento y el de la Primera Dama, Yazm\u00edn Col\u00f3n de Cortizo por el honor de distinguirlo con tan alta condecoraci\u00f3n.<\/p>\n\n\n\n<p>Cortiz\u00f3 Cohen se\u00f1al\u00f3 sentirse honrado de ser recibido en el recinto de la Gran Logia de Panam\u00e1, organizaci\u00f3n mas\u00f3nica vinculada de manera significativa a la historia de Panam\u00e1.<\/p>\n\n\n\n<p>Destac\u00f3 que los principios b\u00e1sicos de la masoner\u00eda han contribuido a sentar las bases de la civilizaci\u00f3n contempor\u00e1nea y con su presencia en la Rep\u00fablica de Panam\u00e1 han aportado sus valores humanistas a nuestra sociedad.<\/p>\n\n\n\n<p><a><\/a>Manuel Espinosa Batista (1857-1919) es reconocido como un ilustre Mas\u00f3n, comerciante de profesi\u00f3n; estudi\u00f3 farmacia. Es considerado pr\u00f3cer de la separaci\u00f3n de Panam\u00e1 de Colombia y miembro suplente de la Junta Provisional de Gobierno de Panam\u00e1 en 1903.<\/p>\n\n\n\n<p>Acompa\u00f1aron al presidente de la Rep\u00fablica, la Primera Dama, Yazm\u00edn Col\u00f3n de Cortizo y varios ministros y ministras de Estado.<\/p>\n\n\n\n<figure class=\"wp-block-image size-full\"><a href=\"https:\/\/alminutonoticia.com\/noticias\/wp-content\/uploads\/2023\/06\/WhatsApp-Image-2023-06-30-at-6.55.18-AM-1.jpeg\"><img fetchpriority=\"high\" decoding=\"async\" width=\"1024\" height=\"682\" src=\"https:\/\/alminutonoticia.com\/noticias\/wp-content\/uploads\/2023\/06\/WhatsApp-Image-2023-06-30-at-6.55.18-AM-1.jpeg\" alt=\"\" class=\"wp-image-4820\" title=\"\" srcset=\"https:\/\/alminutonoticia.com\/noticias\/wp-content\/uploads\/2023\/06\/WhatsApp-Image-2023-06-30-at-6.55.18-AM-1.jpeg 1024w, https:\/\/alminutonoticia.com\/noticias\/wp-content\/uploads\/2023\/06\/WhatsApp-Image-2023-06-30-at-6.55.18-AM-1-300x200.jpeg 300w, https:\/\/alminutonoticia.com\/noticias\/wp-content\/uploads\/2023\/06\/WhatsApp-Image-2023-06-30-at-6.55.18-AM-1-768x512.jpeg 768w\" sizes=\"(max-width: 1024px) 100vw, 1024px\" \/><\/a><\/figure>\n\n\n\n<figure class=\"wp-block-image size-full is-resized\"><a href=\"https:\/\/alminutonoticia.com\/noticias\/wp-content\/uploads\/2023\/06\/WhatsApp-Image-2023-06-30-at-6.55.18-AM.jpeg\"><img decoding=\"async\" src=\"https:\/\/alminutonoticia.com\/noticias\/wp-content\/uploads\/2023\/06\/WhatsApp-Image-2023-06-30-at-6.55.18-AM.jpeg\" alt=\"\" class=\"wp-image-4821\" width=\"840\" height=\"559\" title=\"\" srcset=\"https:\/\/alminutonoticia.com\/noticias\/wp-content\/uploads\/2023\/06\/WhatsApp-Image-2023-06-30-at-6.55.18-AM.jpeg 1024w, https:\/\/alminutonoticia.com\/noticias\/wp-content\/uploads\/2023\/06\/WhatsApp-Image-2023-06-30-at-6.55.18-AM-300x200.jpeg 300w, https:\/\/alminutonoticia.com\/noticias\/wp-content\/uploads\/2023\/06\/WhatsApp-Image-2023-06-30-at-6.55.18-AM-768x512.jpeg 768w\" sizes=\"(max-width: 840px) 100vw, 840px\" \/><\/a><\/figure>\n","protected":false},"excerpt":{"rendered":"<p>En un solemne acto, la Gran Logia de Panam\u00e1 condecor\u00f3 al presidente de la Rep\u00fablica, Laurentino Cortizo Cohen con la Medalla \u201cManuel Espinosa Batista\u201d en Grado de Gran Collar, por sus aportes a la sociedad paname\u00f1a, destacadas cualidades patri\u00f3ticas y dedicado servicio desinteresado a la Naci\u00f3n. Es la primera ocasi\u00f3n que la Gran Logia de [&hellip;]<\/p>\n","protected":false},"author":3,"featured_media":4821,"comment_status":"open","ping_status":"open","sticky":false,"template":"","format":"standard","meta":{"footnotes":""},"categories":[36],"tags":[],"class_list":["post-4819","post","type-post","status-publish","format-standard","has-post-thumbnail","hentry","category-nacionales"],"_links":{"self":[{"href":"https:\/\/alminutonoticia.com\/noticias\/wp-json\/wp\/v2\/posts\/4819","targetHints":{"allow":["GET"]}}],"collection":[{"href":"https:\/\/alminutonoticia.com\/noticias\/wp-json\/wp\/v2\/posts"}],"about":[{"href":"https:\/\/alminutonoticia.com\/noticias\/wp-json\/wp\/v2\/types\/post"}],"author":[{"embeddable":true,"href":"https:\/\/alminutonoticia.com\/noticias\/wp-json\/wp\/v2\/users\/3"}],"replies":[{"embeddable":true,"href":"https:\/\/alminutonoticia.com\/noticias\/wp-json\/wp\/v2\/comments?post=4819"}],"version-history":[{"count":1,"href":"https:\/\/alminutonoticia.com\/noticias\/wp-json\/wp\/v2\/posts\/4819\/revisions"}],"predecessor-version":[{"id":4822,"href":"https:\/\/alminutonoticia.com\/noticias\/wp-json\/wp\/v2\/posts\/4819\/revisions\/4822"}],"wp:featuredmedia":[{"embeddable":true,"href":"https:\/\/alminutonoticia.com\/noticias\/wp-json\/wp\/v2\/media\/4821"}],"wp:attachment":[{"href":"https:\/\/alminutonoticia.com\/noticias\/wp-json\/wp\/v2\/media?parent=4819"}],"wp:term":[{"taxonomy":"category","embeddable":true,"href":"https:\/\/alminutonoticia.com\/noticias\/wp-json\/wp\/v2\/categories?post=4819"},{"taxonomy":"post_tag","embeddable":true,"href":"https:\/\/alminutonoticia.com\/noticias\/wp-json\/wp\/v2\/tags?post=4819"}],"curies":[{"name":"wp","href":"https:\/\/api.w.org\/{rel}","templated":true}]}}