{"id":4816,"date":"2023-06-30T11:54:32","date_gmt":"2023-06-30T11:54:32","guid":{"rendered":"https:\/\/alminutonoticia.com\/noticias\/?p=4816"},"modified":"2023-06-30T11:54:32","modified_gmt":"2023-06-30T11:54:32","slug":"veda-electoral-para-rm-ante-primarias-del-domingo-2-de-julio","status":"publish","type":"post","link":"https:\/\/alminutonoticia.com\/noticias\/veda-electoral-para-rm-ante-primarias-del-domingo-2-de-julio\/","title":{"rendered":"Veda electoral para RM ante primarias del domingo 2 de julio"},"content":{"rendered":"\n<p>El Tribunal Electoral recuerda a los miembros del partido Realizando Metas (RM) que est\u00e1n en campa\u00f1a con motivo de sus elecciones primarias del domingo 2 de julio de 2023, que tienen hasta las 11:59 p.m. de este jueves 29 de junio para hacer proselitismo pol\u00edtico, y que a partir de las 12:01 a.m. del viernes 30 comienza el periodo de reflexi\u00f3n y, por ende, la veda electoral.<\/p>\n\n\n\n<p>Queda prohibida la difusi\u00f3n de propaganda electoral, pagada o donada, a favor o en contra de ciudadanos o partidos, al igual que las caravanas y concentraciones. Deben abstenerse de repartir art\u00edculos promocionales, el patrocinio de eventos en los que se utilice el nombre del partido y la pauta en medios de comunicaci\u00f3n convencionales y digitales.<\/p>\n\n\n\n<p>El art\u00edculo 256 del&nbsp;<strong>C\u00f3digo Electoral<\/strong>&nbsp;se\u00f1ala que esta prohibici\u00f3n incluye las vallas publicitarias, por lo que deben ser removidas al vencimiento del periodo de campa\u00f1a respectivo, por el partido, el precandidato responsable o la empresa contratada para la propaganda. En caso de incumplimiento, la &nbsp;respectiva Direcci\u00f3n Regional de Organizaci\u00f3n Electoral (DROE) &nbsp;proceder\u00e1 con su remoci\u00f3n, decomiso y sanciones correspondientes.<\/p>\n\n\n\n<p>Para esta elecci\u00f3n primaria, por tercera ocasi\u00f3n se contar\u00e1 con la participaci\u00f3n de observadores electorales de la Uni\u00f3n Interamericana de Organismos Electorales (UNIORE), quienes seguir\u00e1n de cerca el desarrollo del proceso con el prop\u00f3sito de garantizar los derechos democr\u00e1ticos ciudadanos de elegir y ser elegidos, con plena libertad, rendici\u00f3n de cuentas, transparencia, equidad y justicia.<\/p>\n\n\n\n<p>Tambi\u00e9n con representantes de la Organizaci\u00f3n de los Estados Americanos (OEA), quienes observar\u00e1n los procesos en materia inform\u00e1tica y tecnol\u00f3gica que utilizar\u00e1 el Tribunal Electoral durante las elecciones primarias.<\/p>\n\n\n\n<p><\/p>\n\n\n\n<figure class=\"wp-block-image size-full\"><a href=\"https:\/\/alminutonoticia.com\/noticias\/wp-content\/uploads\/2023\/06\/primarias-rm_0.jpg\"><img fetchpriority=\"high\" decoding=\"async\" width=\"600\" height=\"450\" src=\"https:\/\/alminutonoticia.com\/noticias\/wp-content\/uploads\/2023\/06\/primarias-rm_0.jpg\" alt=\"\" class=\"wp-image-4817\" title=\"\" srcset=\"https:\/\/alminutonoticia.com\/noticias\/wp-content\/uploads\/2023\/06\/primarias-rm_0.jpg 600w, https:\/\/alminutonoticia.com\/noticias\/wp-content\/uploads\/2023\/06\/primarias-rm_0-300x225.jpg 300w\" sizes=\"(max-width: 600px) 100vw, 600px\" \/><\/a><\/figure>\n","protected":false},"excerpt":{"rendered":"<p>El Tribunal Electoral recuerda a los miembros del partido Realizando Metas (RM) que est\u00e1n en campa\u00f1a con motivo de sus elecciones primarias del domingo 2 de julio de 2023, que tienen hasta las 11:59 p.m. de este jueves 29 de junio para hacer proselitismo pol\u00edtico, y que a partir de las 12:01 a.m. del viernes [&hellip;]<\/p>\n","protected":false},"author":3,"featured_media":4817,"comment_status":"open","ping_status":"open","sticky":false,"template":"","format":"standard","meta":{"footnotes":""},"categories":[36,37],"tags":[],"class_list":["post-4816","post","type-post","status-publish","format-standard","has-post-thumbnail","hentry","category-nacionales","category-politica"],"_links":{"self":[{"href":"https:\/\/alminutonoticia.com\/noticias\/wp-json\/wp\/v2\/posts\/4816","targetHints":{"allow":["GET"]}}],"collection":[{"href":"https:\/\/alminutonoticia.com\/noticias\/wp-json\/wp\/v2\/posts"}],"about":[{"href":"https:\/\/alminutonoticia.com\/noticias\/wp-json\/wp\/v2\/types\/post"}],"author":[{"embeddable":true,"href":"https:\/\/alminutonoticia.com\/noticias\/wp-json\/wp\/v2\/users\/3"}],"replies":[{"embeddable":true,"href":"https:\/\/alminutonoticia.com\/noticias\/wp-json\/wp\/v2\/comments?post=4816"}],"version-history":[{"count":1,"href":"https:\/\/alminutonoticia.com\/noticias\/wp-json\/wp\/v2\/posts\/4816\/revisions"}],"predecessor-version":[{"id":4818,"href":"https:\/\/alminutonoticia.com\/noticias\/wp-json\/wp\/v2\/posts\/4816\/revisions\/4818"}],"wp:featuredmedia":[{"embeddable":true,"href":"https:\/\/alminutonoticia.com\/noticias\/wp-json\/wp\/v2\/media\/4817"}],"wp:attachment":[{"href":"https:\/\/alminutonoticia.com\/noticias\/wp-json\/wp\/v2\/media?parent=4816"}],"wp:term":[{"taxonomy":"category","embeddable":true,"href":"https:\/\/alminutonoticia.com\/noticias\/wp-json\/wp\/v2\/categories?post=4816"},{"taxonomy":"post_tag","embeddable":true,"href":"https:\/\/alminutonoticia.com\/noticias\/wp-json\/wp\/v2\/tags?post=4816"}],"curies":[{"name":"wp","href":"https:\/\/api.w.org\/{rel}","templated":true}]}}