{"id":4686,"date":"2023-06-25T22:39:58","date_gmt":"2023-06-25T22:39:58","guid":{"rendered":"https:\/\/alminutonoticia.com\/noticias\/?p=4686"},"modified":"2023-06-25T22:39:58","modified_gmt":"2023-06-25T22:39:58","slug":"masiva-asistencia-de-panamenos-a-jornada-de-vacunacion-en-la-cinta-costera","status":"publish","type":"post","link":"https:\/\/alminutonoticia.com\/noticias\/masiva-asistencia-de-panamenos-a-jornada-de-vacunacion-en-la-cinta-costera\/","title":{"rendered":"Masiva asistencia de paname\u00f1os a jornada de vacunaci\u00f3n en la Cinta Costera"},"content":{"rendered":"\n<p>Para reforzar las diversas jornadas de vacunaci\u00f3n en el pa\u00eds las cuales buscan combatir diversas enfermedades este domingo el Ministerio de Salud (Minsa), a trav\u00e9s de los equipos de enfermer\u00eda se trasladaron a las inmediaciones del Mirador del Pac\u00edfico en la Cinta Costera, con el prop\u00f3sito de aplicar las dosis de bivalente contra el Covid-19 y de la influenza.<\/p>\n\n\n\n<p>Yitzel Arcia, enfermera encargada de esta jornada indic\u00f3 que la poblaci\u00f3n tiene a disposici\u00f3n los fines de semana diferentes puntos de inmunizaci\u00f3n para que se coloquen sus dosis de vacuna tales como centros comerciales.<\/p>\n\n\n\n<p>Record\u00f3 que \u00a0los centros de salud que aplican tambi\u00e9n la vacuna de influenza y dem\u00e1s esquemas de lunes a viernes en sus horarios regulares.<\/p>\n\n\n\n<p>\u201cEstamos viendo que la poblaci\u00f3n est\u00e1 tomando mayor importancia en estos momentos debido a las muertes ocasionas por los virus de la influenza que alcanza un total actualmente de 17\u201d, manifest\u00f3 Arcia.<\/p>\n\n\n\n<p>Detall\u00f3 que de esa cifra 11 corresponden a hombres y 6 mujeres; el 88% de la poblaci\u00f3n han sido personas que han tenido problema de alto riesgo por ejemplo la hipertensi\u00f3n, diabetes y obesidad. Al mismo tiempo de ese total 13 no contaban con la vacuna contra la influenza.<\/p>\n\n\n\n<p>En esta actividad se esperan aplicar cerca de 1,000 vacunas contra la influenza y 150 de dosis bivalente contra el Covid-19. Precis\u00f3 que la vacuna contra la influenza es importante ya que si contraes la enfermedad evita que llegues a una sala de hospital y disminuye el riesgo de muerte.<\/p>\n\n\n\n<p>Concluy\u00f3 en que las personas pueden aplicarse a la vez la vacunas bivalente y de la influenza<\/p>\n\n\n\n<p>A nivel nacional, de acuerdo con datos suministrados por el Programa Ampliado de Inmunizaci\u00f3n se han colocado un total 964, 542 dosis de influenza hasta el 23 de junio.<\/p>\n\n\n\n<p>Las declaraciones de Arcia se dieron durante el cierre de la conmemoraci\u00f3n al D\u00eda Mundial contra el Trabajo Infantil, en el Mirador Pac\u00edfico en la Cinta Costera.<\/p>\n\n\n\n<figure class=\"wp-block-image size-full\"><a href=\"https:\/\/alminutonoticia.com\/noticias\/wp-content\/uploads\/2023\/06\/WhatsApp-Image-2023-06-25-at-12.44.15-PM-1024x683-1.jpeg\"><img fetchpriority=\"high\" decoding=\"async\" width=\"1024\" height=\"683\" src=\"https:\/\/alminutonoticia.com\/noticias\/wp-content\/uploads\/2023\/06\/WhatsApp-Image-2023-06-25-at-12.44.15-PM-1024x683-1.jpeg\" alt=\"\" class=\"wp-image-4687\" title=\"\" srcset=\"https:\/\/alminutonoticia.com\/noticias\/wp-content\/uploads\/2023\/06\/WhatsApp-Image-2023-06-25-at-12.44.15-PM-1024x683-1.jpeg 1024w, https:\/\/alminutonoticia.com\/noticias\/wp-content\/uploads\/2023\/06\/WhatsApp-Image-2023-06-25-at-12.44.15-PM-1024x683-1-300x200.jpeg 300w, https:\/\/alminutonoticia.com\/noticias\/wp-content\/uploads\/2023\/06\/WhatsApp-Image-2023-06-25-at-12.44.15-PM-1024x683-1-768x512.jpeg 768w\" sizes=\"(max-width: 1024px) 100vw, 1024px\" \/><\/a><\/figure>\n\n\n\n<figure class=\"wp-block-image size-full\"><a href=\"https:\/\/alminutonoticia.com\/noticias\/wp-content\/uploads\/2023\/06\/WhatsApp-Image-2023-06-25-at-12.44.15-PM-1-1024x683-1.jpeg\"><img decoding=\"async\" width=\"1024\" height=\"683\" src=\"https:\/\/alminutonoticia.com\/noticias\/wp-content\/uploads\/2023\/06\/WhatsApp-Image-2023-06-25-at-12.44.15-PM-1-1024x683-1.jpeg\" alt=\"\" class=\"wp-image-4688\" title=\"\" srcset=\"https:\/\/alminutonoticia.com\/noticias\/wp-content\/uploads\/2023\/06\/WhatsApp-Image-2023-06-25-at-12.44.15-PM-1-1024x683-1.jpeg 1024w, https:\/\/alminutonoticia.com\/noticias\/wp-content\/uploads\/2023\/06\/WhatsApp-Image-2023-06-25-at-12.44.15-PM-1-1024x683-1-300x200.jpeg 300w, https:\/\/alminutonoticia.com\/noticias\/wp-content\/uploads\/2023\/06\/WhatsApp-Image-2023-06-25-at-12.44.15-PM-1-1024x683-1-768x512.jpeg 768w\" sizes=\"(max-width: 1024px) 100vw, 1024px\" \/><\/a><\/figure>\n\n\n\n<figure class=\"wp-block-image size-full\"><a href=\"https:\/\/alminutonoticia.com\/noticias\/wp-content\/uploads\/2023\/06\/WhatsApp-Image-2023-06-25-at-12.44.16-PM-1024x683-1.jpeg\"><img decoding=\"async\" width=\"1024\" height=\"683\" src=\"https:\/\/alminutonoticia.com\/noticias\/wp-content\/uploads\/2023\/06\/WhatsApp-Image-2023-06-25-at-12.44.16-PM-1024x683-1.jpeg\" alt=\"\" class=\"wp-image-4689\" title=\"\" srcset=\"https:\/\/alminutonoticia.com\/noticias\/wp-content\/uploads\/2023\/06\/WhatsApp-Image-2023-06-25-at-12.44.16-PM-1024x683-1.jpeg 1024w, https:\/\/alminutonoticia.com\/noticias\/wp-content\/uploads\/2023\/06\/WhatsApp-Image-2023-06-25-at-12.44.16-PM-1024x683-1-300x200.jpeg 300w, https:\/\/alminutonoticia.com\/noticias\/wp-content\/uploads\/2023\/06\/WhatsApp-Image-2023-06-25-at-12.44.16-PM-1024x683-1-768x512.jpeg 768w\" sizes=\"(max-width: 1024px) 100vw, 1024px\" \/><\/a><\/figure>\n","protected":false},"excerpt":{"rendered":"<p>Para reforzar las diversas jornadas de vacunaci\u00f3n en el pa\u00eds las cuales buscan combatir diversas enfermedades este domingo el Ministerio de Salud (Minsa), a trav\u00e9s de los equipos de enfermer\u00eda se trasladaron a las inmediaciones del Mirador del Pac\u00edfico en la Cinta Costera, con el prop\u00f3sito de aplicar las dosis de bivalente contra el Covid-19 [&hellip;]<\/p>\n","protected":false},"author":3,"featured_media":4687,"comment_status":"open","ping_status":"open","sticky":false,"template":"","format":"standard","meta":{"footnotes":""},"categories":[36,45],"tags":[],"class_list":["post-4686","post","type-post","status-publish","format-standard","has-post-thumbnail","hentry","category-nacionales","category-salud"],"_links":{"self":[{"href":"https:\/\/alminutonoticia.com\/noticias\/wp-json\/wp\/v2\/posts\/4686","targetHints":{"allow":["GET"]}}],"collection":[{"href":"https:\/\/alminutonoticia.com\/noticias\/wp-json\/wp\/v2\/posts"}],"about":[{"href":"https:\/\/alminutonoticia.com\/noticias\/wp-json\/wp\/v2\/types\/post"}],"author":[{"embeddable":true,"href":"https:\/\/alminutonoticia.com\/noticias\/wp-json\/wp\/v2\/users\/3"}],"replies":[{"embeddable":true,"href":"https:\/\/alminutonoticia.com\/noticias\/wp-json\/wp\/v2\/comments?post=4686"}],"version-history":[{"count":1,"href":"https:\/\/alminutonoticia.com\/noticias\/wp-json\/wp\/v2\/posts\/4686\/revisions"}],"predecessor-version":[{"id":4690,"href":"https:\/\/alminutonoticia.com\/noticias\/wp-json\/wp\/v2\/posts\/4686\/revisions\/4690"}],"wp:featuredmedia":[{"embeddable":true,"href":"https:\/\/alminutonoticia.com\/noticias\/wp-json\/wp\/v2\/media\/4687"}],"wp:attachment":[{"href":"https:\/\/alminutonoticia.com\/noticias\/wp-json\/wp\/v2\/media?parent=4686"}],"wp:term":[{"taxonomy":"category","embeddable":true,"href":"https:\/\/alminutonoticia.com\/noticias\/wp-json\/wp\/v2\/categories?post=4686"},{"taxonomy":"post_tag","embeddable":true,"href":"https:\/\/alminutonoticia.com\/noticias\/wp-json\/wp\/v2\/tags?post=4686"}],"curies":[{"name":"wp","href":"https:\/\/api.w.org\/{rel}","templated":true}]}}