{"id":464,"date":"2023-01-05T01:04:59","date_gmt":"2023-01-05T01:04:59","guid":{"rendered":"https:\/\/alminutonoticia.com\/noticias\/?p=464"},"modified":"2023-01-05T01:04:59","modified_gmt":"2023-01-05T01:04:59","slug":"panama-rescato-venezolanas-colombianas-y-nicaraguenses-victimas-de-trata-por-explotacion-sexual-y-laboral","status":"publish","type":"post","link":"https:\/\/alminutonoticia.com\/noticias\/panama-rescato-venezolanas-colombianas-y-nicaraguenses-victimas-de-trata-por-explotacion-sexual-y-laboral\/","title":{"rendered":"Panam\u00e1 rescat\u00f3 venezolanas, colombianas y nicaraguenses v\u00edctimas de trata por explotaci\u00f3n sexual y laboral."},"content":{"rendered":"\n<p>El 75% de las personas rescatadas por la Comisi\u00f3n Nacional contra la Trata de Personas, entre ellas cinco menores de edad, est\u00e1n relacionadas con casos de explotaci\u00f3n sexual y un 25% por explotaci\u00f3n laboral.<\/p>\n\n\n\n<p>La directora de la Comisi\u00f3n Nacional Contra la Trata de Personas, Dayra Campos, se\u00f1al\u00f3 que el 39% de las v\u00edctimas son paname\u00f1as, mientras que el 38% corresponde a mujeres colombianas, 8% venezolanos y el 15% nicarag\u00fcenses.<\/p>\n\n\n\n<p>\u201cDurante el 2022 se realizaron las operaciones \u201cLuz de Esperanza\u201d, \u201cGalaxy\u201d y \u201cMarfil\u201d en conjunto con los Estamentos de Seguridad y el Ministerio P\u00fablico, donde se atendieron 22 casos de los cuales 8 est\u00e1n plenamente identificadas como v\u00edctimas y 12 se encuentran bajo investigaci\u00f3n, indic\u00f3 Campos.<\/p>\n\n\n\n<p>Mediante denuncia interpuesta al Ministerio P\u00fablico, para los meses de abril, se rescataron dos personas adultas de nacionalidad colombiana y venezolana, como posible v\u00edctima de trata de personas en la modalidad de explotaci\u00f3n laboral. Cabe aclarar, que los hechos son aislados uno de otros.<\/p>\n\n\n\n<p>En la \u201cOperaci\u00f3n Luz de Esperanza\u201d, realizada el 3 de febrero de 2022, se identificaron cinco menores de edad. De estos, una ni\u00f1a de seis y una 10 a\u00f1os de edad y tres adolescentes, dos de 13 a\u00f1os y una de 15. Se mantienen tres mujeres detenidas, parientes cercanas de las v\u00edctimas.<\/p>\n\n\n\n<p>El 14 de agosto se dio la \u201cOperaci\u00f3n Galaxy\u201d. Se rescataron seis mujeres colombianas, posibles v\u00edctimas de trata de personas con fines de explotaci\u00f3n sexual. Se detuvo a tres hombres, dos colombianos y un italiano.<\/p>\n\n\n\n<p>Mientras que la \u201cOperaci\u00f3n Marfil\u201d se hizo el 13 de septiembre, se rescataron a tres mujeres colombianas, posibles v\u00edctimas del delito de trata de personas con fines de explotaci\u00f3n sexual. Se mantiene detenido un hombre colombiano.<\/p>\n\n\n\n<p>Para el mes de octubre, por denuncia de oficio, una madre presenta una denuncia ya que su hija menor de 17 a\u00f1os fue v\u00edctima de trata de personas en su modalidad de explotaci\u00f3n sexual en la provincia de Panam\u00e1 Oeste, La Chorrera.<\/p>\n\n\n\n<p>Mediante la utilizaci\u00f3n de plataformas digitales en foros, webinar y talleres presenciales, esta oficina junto con las instituciones que forman parte de la Comisi\u00f3n Nacional contra la Trata de Personas capacit\u00f3 a mil 908 personas, que conforman la primera l\u00ednea de detecci\u00f3n de una posible v\u00edctima del delito de trata de personas, como Polic\u00eda Nacional, Servicio Nacional de Fronteras, Servicio Nacional Aeronaval, Servicio Nacional de Migraci\u00f3n, Ministerio P\u00fablico, \u00d3rgano Judicial, Secretar\u00eda Nacional de Ni\u00f1ez, Adolescentes y Familia, Ministerio de Educaci\u00f3n, Secretaria Nacional de Discapacidad, Ministerio de Relaciones Exteriores y Ministerio de Salud.<\/p>\n\n\n\n<p>Se efectuaron jornadas de volanteo en provincias como Panam\u00e1, Panam\u00e1 Oeste, Herrera, Los Santos y Chiriqu\u00ed para concienciar a la poblaci\u00f3n. En esas provincias tambi\u00e9n se aprovecharon los medios de comunicaci\u00f3n para sensibilizar sobre la detecci\u00f3n y denuncia del delito de trata de personas.<\/p>\n\n\n\n<p>Tambi\u00e9n se hizo un trabajo intenso, enfocado en dar asistencia psicosocial, asesor\u00eda legal, asistencia m\u00e9dica, ayuda humanitaria, alojamiento, formaci\u00f3n educativa y\/o profesional a las v\u00edctimas de este flagelo. Adem\u00e1s, terapia individual es y grupales de aceptaci\u00f3n-compromiso, ansiedad y depresi\u00f3n, dictado a las personas sobrevivientes de este delito.<\/p>\n\n\n\n<figure class=\"wp-block-gallery has-nested-images columns-default is-cropped wp-block-gallery-1 is-layout-flex wp-block-gallery-is-layout-flex\">\n<figure class=\"wp-block-image size-large\"><a href=\"https:\/\/alminutonoticia.com\/noticias\/wp-content\/uploads\/2023\/01\/WhatsApp-Image-2023-01-04-at-12.49.51-PM.jpeg\"><img fetchpriority=\"high\" decoding=\"async\" width=\"1024\" height=\"576\" data-id=\"465\" src=\"https:\/\/alminutonoticia.com\/noticias\/wp-content\/uploads\/2023\/01\/WhatsApp-Image-2023-01-04-at-12.49.51-PM-1024x576.jpeg\" alt=\"\" class=\"wp-image-465\" title=\"\" srcset=\"https:\/\/alminutonoticia.com\/noticias\/wp-content\/uploads\/2023\/01\/WhatsApp-Image-2023-01-04-at-12.49.51-PM-1024x576.jpeg 1024w, https:\/\/alminutonoticia.com\/noticias\/wp-content\/uploads\/2023\/01\/WhatsApp-Image-2023-01-04-at-12.49.51-PM-300x169.jpeg 300w, https:\/\/alminutonoticia.com\/noticias\/wp-content\/uploads\/2023\/01\/WhatsApp-Image-2023-01-04-at-12.49.51-PM-768x432.jpeg 768w, https:\/\/alminutonoticia.com\/noticias\/wp-content\/uploads\/2023\/01\/WhatsApp-Image-2023-01-04-at-12.49.51-PM-600x338.jpeg 600w, https:\/\/alminutonoticia.com\/noticias\/wp-content\/uploads\/2023\/01\/WhatsApp-Image-2023-01-04-at-12.49.51-PM.jpeg 1280w\" sizes=\"(max-width: 1024px) 100vw, 1024px\" \/><\/a><\/figure>\n<\/figure>\n\n\n\n<figure class=\"wp-block-image size-full\"><a href=\"https:\/\/alminutonoticia.com\/noticias\/wp-content\/uploads\/2023\/01\/WhatsApp-Image-2023-01-04-at-12.49.48-PM.jpeg\"><img decoding=\"async\" width=\"720\" height=\"362\" src=\"https:\/\/alminutonoticia.com\/noticias\/wp-content\/uploads\/2023\/01\/WhatsApp-Image-2023-01-04-at-12.49.48-PM.jpeg\" alt=\"\" class=\"wp-image-466\" title=\"\" srcset=\"https:\/\/alminutonoticia.com\/noticias\/wp-content\/uploads\/2023\/01\/WhatsApp-Image-2023-01-04-at-12.49.48-PM.jpeg 720w, https:\/\/alminutonoticia.com\/noticias\/wp-content\/uploads\/2023\/01\/WhatsApp-Image-2023-01-04-at-12.49.48-PM-300x151.jpeg 300w, https:\/\/alminutonoticia.com\/noticias\/wp-content\/uploads\/2023\/01\/WhatsApp-Image-2023-01-04-at-12.49.48-PM-600x302.jpeg 600w\" sizes=\"(max-width: 720px) 100vw, 720px\" \/><\/a><\/figure>\n","protected":false},"excerpt":{"rendered":"<p>El 75% de las personas rescatadas por la Comisi\u00f3n Nacional contra la Trata de Personas, entre ellas cinco menores de edad, est\u00e1n relacionadas con casos de explotaci\u00f3n sexual y un 25% por explotaci\u00f3n laboral. La directora de la Comisi\u00f3n Nacional Contra la Trata de Personas, Dayra Campos, se\u00f1al\u00f3 que el 39% de las v\u00edctimas son [&hellip;]<\/p>\n","protected":false},"author":3,"featured_media":465,"comment_status":"open","ping_status":"open","sticky":false,"template":"","format":"standard","meta":{"footnotes":""},"categories":[39,36],"tags":[],"class_list":["post-464","post","type-post","status-publish","format-standard","has-post-thumbnail","hentry","category-internacionales","category-nacionales"],"_links":{"self":[{"href":"https:\/\/alminutonoticia.com\/noticias\/wp-json\/wp\/v2\/posts\/464","targetHints":{"allow":["GET"]}}],"collection":[{"href":"https:\/\/alminutonoticia.com\/noticias\/wp-json\/wp\/v2\/posts"}],"about":[{"href":"https:\/\/alminutonoticia.com\/noticias\/wp-json\/wp\/v2\/types\/post"}],"author":[{"embeddable":true,"href":"https:\/\/alminutonoticia.com\/noticias\/wp-json\/wp\/v2\/users\/3"}],"replies":[{"embeddable":true,"href":"https:\/\/alminutonoticia.com\/noticias\/wp-json\/wp\/v2\/comments?post=464"}],"version-history":[{"count":1,"href":"https:\/\/alminutonoticia.com\/noticias\/wp-json\/wp\/v2\/posts\/464\/revisions"}],"predecessor-version":[{"id":467,"href":"https:\/\/alminutonoticia.com\/noticias\/wp-json\/wp\/v2\/posts\/464\/revisions\/467"}],"wp:featuredmedia":[{"embeddable":true,"href":"https:\/\/alminutonoticia.com\/noticias\/wp-json\/wp\/v2\/media\/465"}],"wp:attachment":[{"href":"https:\/\/alminutonoticia.com\/noticias\/wp-json\/wp\/v2\/media?parent=464"}],"wp:term":[{"taxonomy":"category","embeddable":true,"href":"https:\/\/alminutonoticia.com\/noticias\/wp-json\/wp\/v2\/categories?post=464"},{"taxonomy":"post_tag","embeddable":true,"href":"https:\/\/alminutonoticia.com\/noticias\/wp-json\/wp\/v2\/tags?post=464"}],"curies":[{"name":"wp","href":"https:\/\/api.w.org\/{rel}","templated":true}]}}