{"id":4637,"date":"2023-06-25T00:51:47","date_gmt":"2023-06-25T00:51:47","guid":{"rendered":"https:\/\/alminutonoticia.com\/noticias\/?p=4637"},"modified":"2023-06-25T00:51:48","modified_gmt":"2023-06-25T00:51:48","slug":"ministro-valderrama-destaca-labor-del-cooperativismo-en-panama","status":"publish","type":"post","link":"https:\/\/alminutonoticia.com\/noticias\/ministro-valderrama-destaca-labor-del-cooperativismo-en-panama\/","title":{"rendered":"Ministro Valderrama destaca labor del cooperativismo en Panam\u00e1"},"content":{"rendered":"\n<p>El valor del cooperativismo en la producci\u00f3n de alimentos y la importancia de trabajar unidos, destac\u00f3&nbsp; el ministro de Desarrollo Agropecuario, Augusto Valderrama, durante su participaci\u00f3n en el ciclo de conferencias, Docencia para la promoci\u00f3n de la econom\u00eda social y solidaridad para el desarrollo sostenible, que realiz\u00f3 este s\u00e1bado 24 de junio, el instituto Paname\u00f1o Aut\u00f3nomo de Cooperativas (IPACOOP).<\/p>\n\n\n\n<p>Valderrama felicit\u00f3 al equipo de IPACOOP, liderado por Edwin Navarro, por esta iniciativa que tiene como objetivo fortalecer y buscar los relevos del movimiento cooperativo, adem\u00e1s de crear una cultura excelente de competencia, de desarrollo, y de innovaciones en nuevas t\u00e9cnicas.<\/p>\n\n\n\n<p>La jornada inici\u00f3 el viernes 23 con el Congreso Juvenil Cooperativo 2023, con la participaci\u00f3n de mas de 260 estudiantes de todo el pa\u00eds.<\/p>\n\n\n\n<p>El jefe de la cartera agropecuaria resalt\u00f3 que, estudiantes de todas las provincias y regiones del pa\u00eds estuvieran capacit\u00e1ndose en nuevas tecnolog\u00edas, en formas de organizarse y proyectarse dentro de la colaboraci\u00f3n, del trabajo mancomunado a trav\u00e9s del cooperativismo. Adem\u00e1s, los felicit\u00f3 por el inter\u00e9s de continuar educ\u00e1ndose y promoviendo la docencia del cooperativismo en Panam\u00e1.<\/p>\n\n\n\n<p>El ministro del MIDA, quien adem\u00e1s es miembro de la Junta Directiva de IPACOOP,&nbsp; dijo que en esta oportunidad, cooperativistas de todo el pa\u00eds, participaron de esta jornada junto con organismos internacionales y miembros de la comunidad europea, capacit\u00e1ndose para fortalecer este movimiento para que de manera unida puedan hacer frente a un mundo con mayores retos, con encrucijadas como el calentamiento global, la crisis agroalimentarias y las amenazas de guerras.<\/p>\n\n\n\n<p>Coment\u00f3 que como pueblo tenemos que organizarnos y seguir trabajando, buscando nuevas f\u00f3rmulas de advenimiento, de apoyo y colaboraci\u00f3n en todas las direcciones para que la labor social dirigida a los m\u00e1s pobres y m\u00e1s necesitados logr\u00e9 alcanzar los objetivos.<\/p>\n\n\n\n<p>Edwin Navarro, director de IPACOOP, se\u00f1al\u00f3 que este evento internacional fortalecer\u00e1 y capacitar\u00e1 a las cooperativas en diferentes temas, adem\u00e1s habl\u00f3 del segundo congreso nacional de j\u00f3venes cooperativistas con el que se busca incentivar el relevo generacional del sistema cooperativo Paname\u00f1o.<\/p>\n\n\n\n<p>Durante esta actividad se realiz\u00f3 la firma de un convenio de cooperaci\u00f3n entre el IPACOOP y Instituto Centroamericano de Administraci\u00f3n P\u00fablica (ICAP), el cual tiene como finalidad establecer estrategias para que el sector cooperativo logr\u00e9 avanzar hacia la modernizaci\u00f3n con programas dirigidos hacia la transferencia de conocimientos, experiencias, informaci\u00f3n e investigaci\u00f3n.<\/p>\n\n\n\n<p>Como parte de los temas expuestos destacan: Econom\u00eda Social y Solidaria y el Rol del ICAP en el cooperativismo, a cargo de Osvaldo De la Guardia, director Ejecutivo del ICAP; la Geopol\u00edtica y los nuevos escenarios en la toma de decisi\u00f3n empresarial, por Roberto Gravili, del Instituto Europeo Ecofin de Liderazgo y Comunicaci\u00f3n de alto impacto 2 minutos para impresionar a los clientes, expuesto por Ofelia de Santiago de Santiago Consultores, entre otros.<\/p>\n\n\n\n<p>En este evento participaron tambi\u00e9n Jos\u00e9 N\u00fa\u00f1ez, del Ministerio de Relaciones Exteriores, Lisa Romina Pinz\u00f3n, presidenta del Colegio Nacional de Diplom\u00e1ticos de carrera, Isolda de Lezcano de COOPEDUD y Ricardo Mart\u00ednez especialista en educaci\u00f3n de la Unesco.<\/p>\n\n\n\n<figure class=\"wp-block-image size-large\"><a href=\"https:\/\/alminutonoticia.com\/noticias\/wp-content\/uploads\/2023\/06\/WhatsApp-Image-2023-06-24-at-2.45.19-PM.jpeg\"><img fetchpriority=\"high\" decoding=\"async\" width=\"1024\" height=\"461\" src=\"https:\/\/alminutonoticia.com\/noticias\/wp-content\/uploads\/2023\/06\/WhatsApp-Image-2023-06-24-at-2.45.19-PM-1024x461.jpeg\" alt=\"\" class=\"wp-image-4638\" title=\"\" srcset=\"https:\/\/alminutonoticia.com\/noticias\/wp-content\/uploads\/2023\/06\/WhatsApp-Image-2023-06-24-at-2.45.19-PM-1024x461.jpeg 1024w, https:\/\/alminutonoticia.com\/noticias\/wp-content\/uploads\/2023\/06\/WhatsApp-Image-2023-06-24-at-2.45.19-PM-300x135.jpeg 300w, https:\/\/alminutonoticia.com\/noticias\/wp-content\/uploads\/2023\/06\/WhatsApp-Image-2023-06-24-at-2.45.19-PM-768x346.jpeg 768w, https:\/\/alminutonoticia.com\/noticias\/wp-content\/uploads\/2023\/06\/WhatsApp-Image-2023-06-24-at-2.45.19-PM-1536x691.jpeg 1536w, https:\/\/alminutonoticia.com\/noticias\/wp-content\/uploads\/2023\/06\/WhatsApp-Image-2023-06-24-at-2.45.19-PM.jpeg 1600w\" sizes=\"(max-width: 1024px) 100vw, 1024px\" \/><\/a><\/figure>\n\n\n\n<figure class=\"wp-block-image size-large\"><a href=\"https:\/\/alminutonoticia.com\/noticias\/wp-content\/uploads\/2023\/06\/WhatsApp-Image-2023-06-24-at-2.45.18-PM-2.jpeg\"><img decoding=\"async\" width=\"1024\" height=\"461\" src=\"https:\/\/alminutonoticia.com\/noticias\/wp-content\/uploads\/2023\/06\/WhatsApp-Image-2023-06-24-at-2.45.18-PM-2-1024x461.jpeg\" alt=\"\" class=\"wp-image-4639\" title=\"\" srcset=\"https:\/\/alminutonoticia.com\/noticias\/wp-content\/uploads\/2023\/06\/WhatsApp-Image-2023-06-24-at-2.45.18-PM-2-1024x461.jpeg 1024w, https:\/\/alminutonoticia.com\/noticias\/wp-content\/uploads\/2023\/06\/WhatsApp-Image-2023-06-24-at-2.45.18-PM-2-300x135.jpeg 300w, https:\/\/alminutonoticia.com\/noticias\/wp-content\/uploads\/2023\/06\/WhatsApp-Image-2023-06-24-at-2.45.18-PM-2-768x346.jpeg 768w, https:\/\/alminutonoticia.com\/noticias\/wp-content\/uploads\/2023\/06\/WhatsApp-Image-2023-06-24-at-2.45.18-PM-2-1536x691.jpeg 1536w, https:\/\/alminutonoticia.com\/noticias\/wp-content\/uploads\/2023\/06\/WhatsApp-Image-2023-06-24-at-2.45.18-PM-2.jpeg 1600w\" sizes=\"(max-width: 1024px) 100vw, 1024px\" \/><\/a><\/figure>\n\n\n\n<figure class=\"wp-block-image size-full\"><a href=\"https:\/\/alminutonoticia.com\/noticias\/wp-content\/uploads\/2023\/06\/WhatsApp-Image-2023-06-24-at-2.45.18-PM-1.jpeg\"><img decoding=\"async\" width=\"1024\" height=\"576\" src=\"https:\/\/alminutonoticia.com\/noticias\/wp-content\/uploads\/2023\/06\/WhatsApp-Image-2023-06-24-at-2.45.18-PM-1.jpeg\" alt=\"\" class=\"wp-image-4640\" title=\"\" srcset=\"https:\/\/alminutonoticia.com\/noticias\/wp-content\/uploads\/2023\/06\/WhatsApp-Image-2023-06-24-at-2.45.18-PM-1.jpeg 1024w, https:\/\/alminutonoticia.com\/noticias\/wp-content\/uploads\/2023\/06\/WhatsApp-Image-2023-06-24-at-2.45.18-PM-1-300x169.jpeg 300w, https:\/\/alminutonoticia.com\/noticias\/wp-content\/uploads\/2023\/06\/WhatsApp-Image-2023-06-24-at-2.45.18-PM-1-768x432.jpeg 768w\" sizes=\"(max-width: 1024px) 100vw, 1024px\" \/><\/a><\/figure>\n\n\n\n<figure class=\"wp-block-image size-full\"><a href=\"https:\/\/alminutonoticia.com\/noticias\/wp-content\/uploads\/2023\/06\/WhatsApp-Image-2023-06-24-at-2.45.18-PM.jpeg\"><img loading=\"lazy\" decoding=\"async\" width=\"1024\" height=\"576\" src=\"https:\/\/alminutonoticia.com\/noticias\/wp-content\/uploads\/2023\/06\/WhatsApp-Image-2023-06-24-at-2.45.18-PM.jpeg\" alt=\"\" class=\"wp-image-4641\" title=\"\" srcset=\"https:\/\/alminutonoticia.com\/noticias\/wp-content\/uploads\/2023\/06\/WhatsApp-Image-2023-06-24-at-2.45.18-PM.jpeg 1024w, https:\/\/alminutonoticia.com\/noticias\/wp-content\/uploads\/2023\/06\/WhatsApp-Image-2023-06-24-at-2.45.18-PM-300x169.jpeg 300w, https:\/\/alminutonoticia.com\/noticias\/wp-content\/uploads\/2023\/06\/WhatsApp-Image-2023-06-24-at-2.45.18-PM-768x432.jpeg 768w\" sizes=\"(max-width: 1024px) 100vw, 1024px\" \/><\/a><\/figure>\n","protected":false},"excerpt":{"rendered":"<p>El valor del cooperativismo en la producci\u00f3n de alimentos y la importancia de trabajar unidos, destac\u00f3&nbsp; el ministro de Desarrollo Agropecuario, Augusto Valderrama, durante su participaci\u00f3n en el ciclo de conferencias, Docencia para la promoci\u00f3n de la econom\u00eda social y solidaridad para el desarrollo sostenible, que realiz\u00f3 este s\u00e1bado 24 de junio, el instituto Paname\u00f1o [&hellip;]<\/p>\n","protected":false},"author":3,"featured_media":4639,"comment_status":"open","ping_status":"open","sticky":false,"template":"","format":"standard","meta":{"footnotes":""},"categories":[38,36],"tags":[],"class_list":["post-4637","post","type-post","status-publish","format-standard","has-post-thumbnail","hentry","category-economia","category-nacionales"],"_links":{"self":[{"href":"https:\/\/alminutonoticia.com\/noticias\/wp-json\/wp\/v2\/posts\/4637","targetHints":{"allow":["GET"]}}],"collection":[{"href":"https:\/\/alminutonoticia.com\/noticias\/wp-json\/wp\/v2\/posts"}],"about":[{"href":"https:\/\/alminutonoticia.com\/noticias\/wp-json\/wp\/v2\/types\/post"}],"author":[{"embeddable":true,"href":"https:\/\/alminutonoticia.com\/noticias\/wp-json\/wp\/v2\/users\/3"}],"replies":[{"embeddable":true,"href":"https:\/\/alminutonoticia.com\/noticias\/wp-json\/wp\/v2\/comments?post=4637"}],"version-history":[{"count":1,"href":"https:\/\/alminutonoticia.com\/noticias\/wp-json\/wp\/v2\/posts\/4637\/revisions"}],"predecessor-version":[{"id":4642,"href":"https:\/\/alminutonoticia.com\/noticias\/wp-json\/wp\/v2\/posts\/4637\/revisions\/4642"}],"wp:featuredmedia":[{"embeddable":true,"href":"https:\/\/alminutonoticia.com\/noticias\/wp-json\/wp\/v2\/media\/4639"}],"wp:attachment":[{"href":"https:\/\/alminutonoticia.com\/noticias\/wp-json\/wp\/v2\/media?parent=4637"}],"wp:term":[{"taxonomy":"category","embeddable":true,"href":"https:\/\/alminutonoticia.com\/noticias\/wp-json\/wp\/v2\/categories?post=4637"},{"taxonomy":"post_tag","embeddable":true,"href":"https:\/\/alminutonoticia.com\/noticias\/wp-json\/wp\/v2\/tags?post=4637"}],"curies":[{"name":"wp","href":"https:\/\/api.w.org\/{rel}","templated":true}]}}