{"id":4631,"date":"2023-06-25T00:48:04","date_gmt":"2023-06-25T00:48:04","guid":{"rendered":"https:\/\/alminutonoticia.com\/noticias\/?p=4631"},"modified":"2023-06-25T00:48:05","modified_gmt":"2023-06-25T00:48:05","slug":"ipandetec-10-anos-en-defensa-de-los-derechos-humanos-en-el-entorno-digital","status":"publish","type":"post","link":"https:\/\/alminutonoticia.com\/noticias\/ipandetec-10-anos-en-defensa-de-los-derechos-humanos-en-el-entorno-digital\/","title":{"rendered":"IPANDETEC, 10 a\u00f1os en defensa de los derechos humanos en el entorno digital"},"content":{"rendered":"\n<p>El Instituto Panamericano de Derecho y Tecnolog\u00eda (IPANDETEC), asociaci\u00f3n sin fines de lucro que promueve el uso y regulaci\u00f3n de las tecnolog\u00edas de la informaci\u00f3n y comunicaci\u00f3n y la defensa de los derechos humanos en el entorno digital en Centroam\u00e9rica y Rep\u00fablica Dominicana, conmemora su d\u00e9cimo aniversario.<\/p>\n\n\n\n<p>En estos 10 a\u00f1os, IPANDETEC ha contribuido en investigaciones, proyectos, capacitaciones de datos y gobierno abierto, privacidad y protecci\u00f3n de datos, g\u00e9nero y violencia de g\u00e9nero en l\u00ednea, ciberseguridad y econom\u00eda digital.<\/p>\n\n\n\n<p>Esta organizaci\u00f3n tambi\u00e9n ha colaborado en alianzas estrat\u00e9gicas con diferentes organizaciones multisectoriales nacionales e internacionales que tienen como misi\u00f3n y visi\u00f3n la protecci\u00f3n de los derechos fundamentales en el entorno digital.<\/p>\n\n\n\n<p>En el marco de este aniversario, IPANDETEC llevar\u00e1 a cabo este pr\u00f3ximo lunes, 26 de junio, su actividad conmemorativa, en un horario de 6:00 p.m. a 9:00 p.m., en el Hotel JW Marriot de Panam\u00e1, en el que, adem\u00e1s, se har\u00e1 un acto de reconocimiento y agradecimiento a todas las personas que han contribuido con la misi\u00f3n de la organizaci\u00f3n, aportando sus conocimientos, dedicaci\u00f3n y compromiso para proteger los derechos humanos en l\u00ednea.<\/p>\n\n\n\n<p>Extendemos una cordial invitaci\u00f3n a todos los medios de comunicaci\u00f3n social que han sido puntales en el esfuerzo de IPANDETEC de mantener una protecci\u00f3n permanente de los derechos humanos en el entorno digital, al tiempo que le indicamos a los medios de comunicaci\u00f3n que tienen un cupo reservado para que nos acompa\u00f1en en este D\u00e9cimo Aniversario.<\/p>\n\n\n\n<p>M\u00e1s informaci\u00f3n en Instagram: ipandetec Twitter:@ipandetec Sitio web: https:\/\/www.ipandetec.org\/ Contactos: Yaiza Gonzalez, Asistente de Investigaci\u00f3n.<\/p>\n\n\n\n<figure class=\"wp-block-image size-large\"><a href=\"https:\/\/alminutonoticia.com\/noticias\/wp-content\/uploads\/2023\/06\/WhatsApp-Image-2023-06-24-at-6.15.04-PM-1.jpeg\"><img fetchpriority=\"high\" decoding=\"async\" width=\"1024\" height=\"768\" src=\"https:\/\/alminutonoticia.com\/noticias\/wp-content\/uploads\/2023\/06\/WhatsApp-Image-2023-06-24-at-6.15.04-PM-1-1024x768.jpeg\" alt=\"\" class=\"wp-image-4632\" title=\"\" srcset=\"https:\/\/alminutonoticia.com\/noticias\/wp-content\/uploads\/2023\/06\/WhatsApp-Image-2023-06-24-at-6.15.04-PM-1-1024x768.jpeg 1024w, https:\/\/alminutonoticia.com\/noticias\/wp-content\/uploads\/2023\/06\/WhatsApp-Image-2023-06-24-at-6.15.04-PM-1-300x225.jpeg 300w, https:\/\/alminutonoticia.com\/noticias\/wp-content\/uploads\/2023\/06\/WhatsApp-Image-2023-06-24-at-6.15.04-PM-1-768x576.jpeg 768w, https:\/\/alminutonoticia.com\/noticias\/wp-content\/uploads\/2023\/06\/WhatsApp-Image-2023-06-24-at-6.15.04-PM-1.jpeg 1067w\" sizes=\"(max-width: 1024px) 100vw, 1024px\" \/><\/a><\/figure>\n\n\n\n<figure class=\"wp-block-image size-large\"><a href=\"https:\/\/alminutonoticia.com\/noticias\/wp-content\/uploads\/2023\/06\/WhatsApp-Image-2023-06-24-at-6.15.04-PM.jpeg\"><img decoding=\"async\" width=\"1024\" height=\"768\" src=\"https:\/\/alminutonoticia.com\/noticias\/wp-content\/uploads\/2023\/06\/WhatsApp-Image-2023-06-24-at-6.15.04-PM-1024x768.jpeg\" alt=\"\" class=\"wp-image-4633\" title=\"\" srcset=\"https:\/\/alminutonoticia.com\/noticias\/wp-content\/uploads\/2023\/06\/WhatsApp-Image-2023-06-24-at-6.15.04-PM-1024x768.jpeg 1024w, https:\/\/alminutonoticia.com\/noticias\/wp-content\/uploads\/2023\/06\/WhatsApp-Image-2023-06-24-at-6.15.04-PM-300x225.jpeg 300w, https:\/\/alminutonoticia.com\/noticias\/wp-content\/uploads\/2023\/06\/WhatsApp-Image-2023-06-24-at-6.15.04-PM-768x576.jpeg 768w, https:\/\/alminutonoticia.com\/noticias\/wp-content\/uploads\/2023\/06\/WhatsApp-Image-2023-06-24-at-6.15.04-PM.jpeg 1067w\" sizes=\"(max-width: 1024px) 100vw, 1024px\" \/><\/a><\/figure>\n\n\n\n<figure class=\"wp-block-image size-large\"><a href=\"https:\/\/alminutonoticia.com\/noticias\/wp-content\/uploads\/2023\/06\/WhatsApp-Image-2023-06-24-at-6.15.03-PM-2.jpeg\"><img decoding=\"async\" width=\"1024\" height=\"765\" src=\"https:\/\/alminutonoticia.com\/noticias\/wp-content\/uploads\/2023\/06\/WhatsApp-Image-2023-06-24-at-6.15.03-PM-2-1024x765.jpeg\" alt=\"\" class=\"wp-image-4634\" title=\"\" srcset=\"https:\/\/alminutonoticia.com\/noticias\/wp-content\/uploads\/2023\/06\/WhatsApp-Image-2023-06-24-at-6.15.03-PM-2-1024x765.jpeg 1024w, https:\/\/alminutonoticia.com\/noticias\/wp-content\/uploads\/2023\/06\/WhatsApp-Image-2023-06-24-at-6.15.03-PM-2-300x224.jpeg 300w, https:\/\/alminutonoticia.com\/noticias\/wp-content\/uploads\/2023\/06\/WhatsApp-Image-2023-06-24-at-6.15.03-PM-2-768x574.jpeg 768w, https:\/\/alminutonoticia.com\/noticias\/wp-content\/uploads\/2023\/06\/WhatsApp-Image-2023-06-24-at-6.15.03-PM-2.jpeg 1069w\" sizes=\"(max-width: 1024px) 100vw, 1024px\" \/><\/a><\/figure>\n\n\n\n<figure class=\"wp-block-image size-full\"><a href=\"https:\/\/alminutonoticia.com\/noticias\/wp-content\/uploads\/2023\/06\/WhatsApp-Image-2023-06-24-at-6.15.03-PM-1.jpeg\"><img loading=\"lazy\" decoding=\"async\" width=\"889\" height=\"737\" src=\"https:\/\/alminutonoticia.com\/noticias\/wp-content\/uploads\/2023\/06\/WhatsApp-Image-2023-06-24-at-6.15.03-PM-1.jpeg\" alt=\"\" class=\"wp-image-4635\" title=\"\" srcset=\"https:\/\/alminutonoticia.com\/noticias\/wp-content\/uploads\/2023\/06\/WhatsApp-Image-2023-06-24-at-6.15.03-PM-1.jpeg 889w, https:\/\/alminutonoticia.com\/noticias\/wp-content\/uploads\/2023\/06\/WhatsApp-Image-2023-06-24-at-6.15.03-PM-1-300x249.jpeg 300w, https:\/\/alminutonoticia.com\/noticias\/wp-content\/uploads\/2023\/06\/WhatsApp-Image-2023-06-24-at-6.15.03-PM-1-768x637.jpeg 768w\" sizes=\"(max-width: 889px) 100vw, 889px\" \/><\/a><\/figure>\n","protected":false},"excerpt":{"rendered":"<p>El Instituto Panamericano de Derecho y Tecnolog\u00eda (IPANDETEC), asociaci\u00f3n sin fines de lucro que promueve el uso y regulaci\u00f3n de las tecnolog\u00edas de la informaci\u00f3n y comunicaci\u00f3n y la defensa de los derechos humanos en el entorno digital en Centroam\u00e9rica y Rep\u00fablica Dominicana, conmemora su d\u00e9cimo aniversario. En estos 10 a\u00f1os, IPANDETEC ha contribuido en [&hellip;]<\/p>\n","protected":false},"author":3,"featured_media":4635,"comment_status":"open","ping_status":"open","sticky":false,"template":"","format":"standard","meta":{"footnotes":""},"categories":[36],"tags":[],"class_list":["post-4631","post","type-post","status-publish","format-standard","has-post-thumbnail","hentry","category-nacionales"],"_links":{"self":[{"href":"https:\/\/alminutonoticia.com\/noticias\/wp-json\/wp\/v2\/posts\/4631","targetHints":{"allow":["GET"]}}],"collection":[{"href":"https:\/\/alminutonoticia.com\/noticias\/wp-json\/wp\/v2\/posts"}],"about":[{"href":"https:\/\/alminutonoticia.com\/noticias\/wp-json\/wp\/v2\/types\/post"}],"author":[{"embeddable":true,"href":"https:\/\/alminutonoticia.com\/noticias\/wp-json\/wp\/v2\/users\/3"}],"replies":[{"embeddable":true,"href":"https:\/\/alminutonoticia.com\/noticias\/wp-json\/wp\/v2\/comments?post=4631"}],"version-history":[{"count":1,"href":"https:\/\/alminutonoticia.com\/noticias\/wp-json\/wp\/v2\/posts\/4631\/revisions"}],"predecessor-version":[{"id":4636,"href":"https:\/\/alminutonoticia.com\/noticias\/wp-json\/wp\/v2\/posts\/4631\/revisions\/4636"}],"wp:featuredmedia":[{"embeddable":true,"href":"https:\/\/alminutonoticia.com\/noticias\/wp-json\/wp\/v2\/media\/4635"}],"wp:attachment":[{"href":"https:\/\/alminutonoticia.com\/noticias\/wp-json\/wp\/v2\/media?parent=4631"}],"wp:term":[{"taxonomy":"category","embeddable":true,"href":"https:\/\/alminutonoticia.com\/noticias\/wp-json\/wp\/v2\/categories?post=4631"},{"taxonomy":"post_tag","embeddable":true,"href":"https:\/\/alminutonoticia.com\/noticias\/wp-json\/wp\/v2\/tags?post=4631"}],"curies":[{"name":"wp","href":"https:\/\/api.w.org\/{rel}","templated":true}]}}