{"id":4626,"date":"2023-06-24T02:54:49","date_gmt":"2023-06-24T02:54:49","guid":{"rendered":"https:\/\/alminutonoticia.com\/noticias\/?p=4626"},"modified":"2023-06-24T02:54:49","modified_gmt":"2023-06-24T02:54:49","slug":"jovenes-cooperativistas-participan-en-congreso","status":"publish","type":"post","link":"https:\/\/alminutonoticia.com\/noticias\/jovenes-cooperativistas-participan-en-congreso\/","title":{"rendered":"J\u00f3venes cooperativistas participan en Congreso\u00a0"},"content":{"rendered":"\n<p>Unos 200 estudiantes de todo el pa\u00eds participan en el Segundo Congreso de J\u00f3venes Cooperativistas, organizado por el Instituto Paname\u00f1o Aut\u00f3nomo Cooperativo IPACOOP),&nbsp;&nbsp;en la provincia de Cocl\u00e9.&nbsp;<\/p>\n\n\n\n<p>En este evento participan j\u00f3venes representantes de unas 60 cooperativas juveniles de las diferentes provincias.&nbsp;<\/p>\n\n\n\n<p>El acto de inauguraci\u00f3n estuvo presidido del director ejecutivo del (IPACOOP), Edwin Navarro, quien fue acompa\u00f1ado por los directores provinciales, directivos de la instituci\u00f3n, representantes de entidades estatales y autoridades locales.&nbsp;<\/p>\n\n\n\n<p>Navarro destac\u00f3 que estos j\u00f3venes representan el relevo generacional del sistema cooperativo paname\u00f1o y destac\u00f3 el esfuerzo realizado por muchos de ellos para estar presente en este importante evento.\u00a0\u00a0<\/p>\n\n\n\n<figure class=\"wp-block-image size-full\"><a href=\"https:\/\/alminutonoticia.com\/noticias\/wp-content\/uploads\/2023\/06\/WhatsApp-Image-2023-06-23-at-3.40.59-PM.jpeg\"><img fetchpriority=\"high\" decoding=\"async\" width=\"1024\" height=\"683\" src=\"https:\/\/alminutonoticia.com\/noticias\/wp-content\/uploads\/2023\/06\/WhatsApp-Image-2023-06-23-at-3.40.59-PM.jpeg\" alt=\"\" class=\"wp-image-4627\" title=\"\" srcset=\"https:\/\/alminutonoticia.com\/noticias\/wp-content\/uploads\/2023\/06\/WhatsApp-Image-2023-06-23-at-3.40.59-PM.jpeg 1024w, https:\/\/alminutonoticia.com\/noticias\/wp-content\/uploads\/2023\/06\/WhatsApp-Image-2023-06-23-at-3.40.59-PM-300x200.jpeg 300w, https:\/\/alminutonoticia.com\/noticias\/wp-content\/uploads\/2023\/06\/WhatsApp-Image-2023-06-23-at-3.40.59-PM-768x512.jpeg 768w\" sizes=\"(max-width: 1024px) 100vw, 1024px\" \/><\/a><\/figure>\n\n\n\n<figure class=\"wp-block-image size-full\"><a href=\"https:\/\/alminutonoticia.com\/noticias\/wp-content\/uploads\/2023\/06\/WhatsApp-Image-2023-06-23-at-3.40.58-PM-2.jpeg\"><img decoding=\"async\" width=\"1024\" height=\"683\" src=\"https:\/\/alminutonoticia.com\/noticias\/wp-content\/uploads\/2023\/06\/WhatsApp-Image-2023-06-23-at-3.40.58-PM-2.jpeg\" alt=\"\" class=\"wp-image-4628\" title=\"\" srcset=\"https:\/\/alminutonoticia.com\/noticias\/wp-content\/uploads\/2023\/06\/WhatsApp-Image-2023-06-23-at-3.40.58-PM-2.jpeg 1024w, https:\/\/alminutonoticia.com\/noticias\/wp-content\/uploads\/2023\/06\/WhatsApp-Image-2023-06-23-at-3.40.58-PM-2-300x200.jpeg 300w, https:\/\/alminutonoticia.com\/noticias\/wp-content\/uploads\/2023\/06\/WhatsApp-Image-2023-06-23-at-3.40.58-PM-2-768x512.jpeg 768w\" sizes=\"(max-width: 1024px) 100vw, 1024px\" \/><\/a><\/figure>\n\n\n\n<figure class=\"wp-block-image size-full\"><a href=\"https:\/\/alminutonoticia.com\/noticias\/wp-content\/uploads\/2023\/06\/WhatsApp-Image-2023-06-23-at-3.40.58-PM.jpeg\"><img decoding=\"async\" width=\"1024\" height=\"683\" src=\"https:\/\/alminutonoticia.com\/noticias\/wp-content\/uploads\/2023\/06\/WhatsApp-Image-2023-06-23-at-3.40.58-PM.jpeg\" alt=\"\" class=\"wp-image-4629\" title=\"\" srcset=\"https:\/\/alminutonoticia.com\/noticias\/wp-content\/uploads\/2023\/06\/WhatsApp-Image-2023-06-23-at-3.40.58-PM.jpeg 1024w, https:\/\/alminutonoticia.com\/noticias\/wp-content\/uploads\/2023\/06\/WhatsApp-Image-2023-06-23-at-3.40.58-PM-300x200.jpeg 300w, https:\/\/alminutonoticia.com\/noticias\/wp-content\/uploads\/2023\/06\/WhatsApp-Image-2023-06-23-at-3.40.58-PM-768x512.jpeg 768w\" sizes=\"(max-width: 1024px) 100vw, 1024px\" \/><\/a><\/figure>\n","protected":false},"excerpt":{"rendered":"<p>Unos 200 estudiantes de todo el pa\u00eds participan en el Segundo Congreso de J\u00f3venes Cooperativistas, organizado por el Instituto Paname\u00f1o Aut\u00f3nomo Cooperativo IPACOOP),&nbsp;&nbsp;en la provincia de Cocl\u00e9.&nbsp; En este evento participan j\u00f3venes representantes de unas 60 cooperativas juveniles de las diferentes provincias.&nbsp; El acto de inauguraci\u00f3n estuvo presidido del director ejecutivo del (IPACOOP), Edwin Navarro, [&hellip;]<\/p>\n","protected":false},"author":3,"featured_media":4629,"comment_status":"open","ping_status":"open","sticky":false,"template":"","format":"standard","meta":{"footnotes":""},"categories":[36],"tags":[],"class_list":["post-4626","post","type-post","status-publish","format-standard","has-post-thumbnail","hentry","category-nacionales"],"_links":{"self":[{"href":"https:\/\/alminutonoticia.com\/noticias\/wp-json\/wp\/v2\/posts\/4626","targetHints":{"allow":["GET"]}}],"collection":[{"href":"https:\/\/alminutonoticia.com\/noticias\/wp-json\/wp\/v2\/posts"}],"about":[{"href":"https:\/\/alminutonoticia.com\/noticias\/wp-json\/wp\/v2\/types\/post"}],"author":[{"embeddable":true,"href":"https:\/\/alminutonoticia.com\/noticias\/wp-json\/wp\/v2\/users\/3"}],"replies":[{"embeddable":true,"href":"https:\/\/alminutonoticia.com\/noticias\/wp-json\/wp\/v2\/comments?post=4626"}],"version-history":[{"count":1,"href":"https:\/\/alminutonoticia.com\/noticias\/wp-json\/wp\/v2\/posts\/4626\/revisions"}],"predecessor-version":[{"id":4630,"href":"https:\/\/alminutonoticia.com\/noticias\/wp-json\/wp\/v2\/posts\/4626\/revisions\/4630"}],"wp:featuredmedia":[{"embeddable":true,"href":"https:\/\/alminutonoticia.com\/noticias\/wp-json\/wp\/v2\/media\/4629"}],"wp:attachment":[{"href":"https:\/\/alminutonoticia.com\/noticias\/wp-json\/wp\/v2\/media?parent=4626"}],"wp:term":[{"taxonomy":"category","embeddable":true,"href":"https:\/\/alminutonoticia.com\/noticias\/wp-json\/wp\/v2\/categories?post=4626"},{"taxonomy":"post_tag","embeddable":true,"href":"https:\/\/alminutonoticia.com\/noticias\/wp-json\/wp\/v2\/tags?post=4626"}],"curies":[{"name":"wp","href":"https:\/\/api.w.org\/{rel}","templated":true}]}}