{"id":456,"date":"2023-01-04T11:41:17","date_gmt":"2023-01-04T11:41:17","guid":{"rendered":"https:\/\/alminutonoticia.com\/noticias\/?p=456"},"modified":"2023-01-04T11:41:17","modified_gmt":"2023-01-04T11:41:17","slug":"mas-de-2-millones-libros-seran-repartidos-para-el-ano-escolar-2023","status":"publish","type":"post","link":"https:\/\/alminutonoticia.com\/noticias\/mas-de-2-millones-libros-seran-repartidos-para-el-ano-escolar-2023\/","title":{"rendered":"M\u00e1s de 2 millones libros ser\u00e1n repartidos para el a\u00f1o escolar 2023"},"content":{"rendered":"\n<p>Desde el primer d\u00eda de clases de este a\u00f1o 2023, m\u00e1s de 2 millones 850 mil 428 mil libros y textos escolares, ser\u00e1n distribuidos por el Ministerio de Educaci\u00f3n (Meduca),<\/p>\n\n\n\n<p>Los m\u00e1s de 422 mil estudiantes de primaria, para el\u00a0periodo escolar 2023 recibir\u00e1n libros y textos escolares, al igual que los m\u00e1s de 88,300 de preescolar y 190 mil de premedia, seg\u00fan el informe del programa\u00a0Mejorando la Eficiencia y Calidad del Sector Educativo (MECSE).\u00a0<\/p>\n\n\n\n<p>De acuerdo con el documento presentado por Lisbeth Ramos, coordinadora del proyecto MECSE, los m\u00e1s de 2.8 millones de impresiones ser\u00e1n gu\u00edas pedag\u00f3gicas de ciencias naturales, ciencias sociales, espa\u00f1ol, matem\u00e1ticas (primaria) y ciencias naturales, espa\u00f1ol, matem\u00e1ticas, c\u00edvica, geograf\u00eda e historia (preescolar y premedia).<\/p>\n\n\n\n<p>Para preescolar, los libros de texto est\u00e1n orientados a ni\u00f1os de entre\u00a04 y 5 a\u00f1os, enfocado en el aprendizaje de la lectura\u00a0dentro de la concepci\u00f3n del lenguaje, como un proceso permanente de interacci\u00f3n y de procesos comunicativos para fomentar y fortalecer el lenguaje en uso y el desarrollo de las competencias comunicativas.\u00a0<\/p>\n\n\n\n<p>En cuanto al nivel primario, los alumnos recibir\u00e1n 2 millones 71 mil 627 textos&nbsp;enfocados en ciencias naturales, ciencias sociales, espa\u00f1ol y matem\u00e1ticas con el objetivo de tener materiales y recursos pedag\u00f3gicos para los estudiantes de todo el pa\u00eds.&nbsp;<\/p>\n\n\n\n<p>Los esfuerzos del Meduca tendientes a facilitar el acceso y la ampliaci\u00f3n de la cobertura en la educaci\u00f3n primaria y preescolar, e incrementarla en el nivel promedio, se espera que generan efectos positivos, seg\u00fan el informe del MECSE.<\/p>\n\n\n\n<figure class=\"wp-block-image size-large\"><a href=\"https:\/\/alminutonoticia.com\/noticias\/wp-content\/uploads\/2023\/01\/a1e58cd5-2186-46e9-aef4-16da160ad2a1_16-9-aspect-ratio_1200w_0.webp\"><img fetchpriority=\"high\" decoding=\"async\" width=\"1024\" height=\"576\" src=\"https:\/\/alminutonoticia.com\/noticias\/wp-content\/uploads\/2023\/01\/a1e58cd5-2186-46e9-aef4-16da160ad2a1_16-9-aspect-ratio_1200w_0-1024x576.webp\" alt=\"\" class=\"wp-image-457\" title=\"\" srcset=\"https:\/\/alminutonoticia.com\/noticias\/wp-content\/uploads\/2023\/01\/a1e58cd5-2186-46e9-aef4-16da160ad2a1_16-9-aspect-ratio_1200w_0-1024x576.webp 1024w, https:\/\/alminutonoticia.com\/noticias\/wp-content\/uploads\/2023\/01\/a1e58cd5-2186-46e9-aef4-16da160ad2a1_16-9-aspect-ratio_1200w_0-300x169.webp 300w, https:\/\/alminutonoticia.com\/noticias\/wp-content\/uploads\/2023\/01\/a1e58cd5-2186-46e9-aef4-16da160ad2a1_16-9-aspect-ratio_1200w_0-768x432.webp 768w, https:\/\/alminutonoticia.com\/noticias\/wp-content\/uploads\/2023\/01\/a1e58cd5-2186-46e9-aef4-16da160ad2a1_16-9-aspect-ratio_1200w_0-600x338.webp 600w, https:\/\/alminutonoticia.com\/noticias\/wp-content\/uploads\/2023\/01\/a1e58cd5-2186-46e9-aef4-16da160ad2a1_16-9-aspect-ratio_1200w_0.webp 1200w\" sizes=\"(max-width: 1024px) 100vw, 1024px\" \/><\/a><figcaption class=\"wp-element-caption\">Foto Cortes\u00eda: MEDUCA <\/figcaption><\/figure>\n","protected":false},"excerpt":{"rendered":"<p>Desde el primer d\u00eda de clases de este a\u00f1o 2023, m\u00e1s de 2 millones 850 mil 428 mil libros y textos escolares, ser\u00e1n distribuidos por el Ministerio de Educaci\u00f3n (Meduca), Los m\u00e1s de 422 mil estudiantes de primaria, para el\u00a0periodo escolar 2023 recibir\u00e1n libros y textos escolares, al igual que los m\u00e1s de 88,300 de [&hellip;]<\/p>\n","protected":false},"author":3,"featured_media":457,"comment_status":"open","ping_status":"open","sticky":false,"template":"","format":"standard","meta":{"footnotes":""},"categories":[36],"tags":[],"class_list":["post-456","post","type-post","status-publish","format-standard","has-post-thumbnail","hentry","category-nacionales"],"_links":{"self":[{"href":"https:\/\/alminutonoticia.com\/noticias\/wp-json\/wp\/v2\/posts\/456","targetHints":{"allow":["GET"]}}],"collection":[{"href":"https:\/\/alminutonoticia.com\/noticias\/wp-json\/wp\/v2\/posts"}],"about":[{"href":"https:\/\/alminutonoticia.com\/noticias\/wp-json\/wp\/v2\/types\/post"}],"author":[{"embeddable":true,"href":"https:\/\/alminutonoticia.com\/noticias\/wp-json\/wp\/v2\/users\/3"}],"replies":[{"embeddable":true,"href":"https:\/\/alminutonoticia.com\/noticias\/wp-json\/wp\/v2\/comments?post=456"}],"version-history":[{"count":1,"href":"https:\/\/alminutonoticia.com\/noticias\/wp-json\/wp\/v2\/posts\/456\/revisions"}],"predecessor-version":[{"id":458,"href":"https:\/\/alminutonoticia.com\/noticias\/wp-json\/wp\/v2\/posts\/456\/revisions\/458"}],"wp:featuredmedia":[{"embeddable":true,"href":"https:\/\/alminutonoticia.com\/noticias\/wp-json\/wp\/v2\/media\/457"}],"wp:attachment":[{"href":"https:\/\/alminutonoticia.com\/noticias\/wp-json\/wp\/v2\/media?parent=456"}],"wp:term":[{"taxonomy":"category","embeddable":true,"href":"https:\/\/alminutonoticia.com\/noticias\/wp-json\/wp\/v2\/categories?post=456"},{"taxonomy":"post_tag","embeddable":true,"href":"https:\/\/alminutonoticia.com\/noticias\/wp-json\/wp\/v2\/tags?post=456"}],"curies":[{"name":"wp","href":"https:\/\/api.w.org\/{rel}","templated":true}]}}