{"id":453,"date":"2023-01-04T11:31:40","date_gmt":"2023-01-04T11:31:40","guid":{"rendered":"https:\/\/alminutonoticia.com\/noticias\/?p=453"},"modified":"2023-01-05T01:06:38","modified_gmt":"2023-01-05T01:06:38","slug":"diputados-citan-a-ministros-para-abordar-tema-minero","status":"publish","type":"post","link":"https:\/\/alminutonoticia.com\/noticias\/diputados-citan-a-ministros-para-abordar-tema-minero\/","title":{"rendered":"Diputados citan a ministros para abordar tema Minero."},"content":{"rendered":"\n<p>Dipuados en su primer d\u00eda de funciones, cit\u00e1n al ministro de Comercio e Industrias (MICI), Federico Alfaro Boyd, en atenci\u00f3n al inter\u00e9s de la Asamblea Nacional de obtener la mayor informaci\u00f3n posible referente al contrato entre el Estado y la empresa Minera Panam\u00e1 y el proceso de negociaci\u00f3n.<\/p>\n\n\n\n<p>Dicha citaci\u00f3n, propuesta por diputados de varias bancadas, tambi\u00e9n abarca al ministro de Ambiente, Milci\u00e1des Concepci\u00f3n, y al director nacional de Recursos Minerales del MICI, Jaime Paschales.<\/p>\n\n\n\n<p>Se aprob\u00f3 un cuestionario de 21 preguntas relacionado con la Ley 9 del 26 de febrero de 1997 para que los funcionarios antes mencionados respondan al pleno legislativo.<\/p>\n\n\n\n<p><\/p>\n\n\n\n<figure class=\"wp-block-image size-large\"><a href=\"https:\/\/alminutonoticia.com\/noticias\/wp-content\/uploads\/2023\/01\/WhatsApp-Image-2023-01-02-at-12.33.51-PM.jpeg\"><img fetchpriority=\"high\" decoding=\"async\" width=\"1024\" height=\"576\" src=\"https:\/\/alminutonoticia.com\/noticias\/wp-content\/uploads\/2023\/01\/WhatsApp-Image-2023-01-02-at-12.33.51-PM-1024x576.jpeg\" alt=\"\" class=\"wp-image-454\" title=\"\" srcset=\"https:\/\/alminutonoticia.com\/noticias\/wp-content\/uploads\/2023\/01\/WhatsApp-Image-2023-01-02-at-12.33.51-PM-1024x576.jpeg 1024w, https:\/\/alminutonoticia.com\/noticias\/wp-content\/uploads\/2023\/01\/WhatsApp-Image-2023-01-02-at-12.33.51-PM-300x169.jpeg 300w, https:\/\/alminutonoticia.com\/noticias\/wp-content\/uploads\/2023\/01\/WhatsApp-Image-2023-01-02-at-12.33.51-PM-768x432.jpeg 768w, https:\/\/alminutonoticia.com\/noticias\/wp-content\/uploads\/2023\/01\/WhatsApp-Image-2023-01-02-at-12.33.51-PM-1536x864.jpeg 1536w, https:\/\/alminutonoticia.com\/noticias\/wp-content\/uploads\/2023\/01\/WhatsApp-Image-2023-01-02-at-12.33.51-PM-600x338.jpeg 600w, https:\/\/alminutonoticia.com\/noticias\/wp-content\/uploads\/2023\/01\/WhatsApp-Image-2023-01-02-at-12.33.51-PM.jpeg 1600w\" sizes=\"(max-width: 1024px) 100vw, 1024px\" \/><\/a><\/figure>\n","protected":false},"excerpt":{"rendered":"<p>Dipuados en su primer d\u00eda de funciones, cit\u00e1n al ministro de Comercio e Industrias (MICI), Federico Alfaro Boyd, en atenci\u00f3n al inter\u00e9s de la Asamblea Nacional de obtener la mayor informaci\u00f3n posible referente al contrato entre el Estado y la empresa Minera Panam\u00e1 y el proceso de negociaci\u00f3n. Dicha citaci\u00f3n, propuesta por diputados de varias [&hellip;]<\/p>\n","protected":false},"author":3,"featured_media":454,"comment_status":"open","ping_status":"open","sticky":false,"template":"","format":"standard","meta":{"footnotes":""},"categories":[39,36],"tags":[],"class_list":["post-453","post","type-post","status-publish","format-standard","has-post-thumbnail","hentry","category-internacionales","category-nacionales"],"_links":{"self":[{"href":"https:\/\/alminutonoticia.com\/noticias\/wp-json\/wp\/v2\/posts\/453","targetHints":{"allow":["GET"]}}],"collection":[{"href":"https:\/\/alminutonoticia.com\/noticias\/wp-json\/wp\/v2\/posts"}],"about":[{"href":"https:\/\/alminutonoticia.com\/noticias\/wp-json\/wp\/v2\/types\/post"}],"author":[{"embeddable":true,"href":"https:\/\/alminutonoticia.com\/noticias\/wp-json\/wp\/v2\/users\/3"}],"replies":[{"embeddable":true,"href":"https:\/\/alminutonoticia.com\/noticias\/wp-json\/wp\/v2\/comments?post=453"}],"version-history":[{"count":1,"href":"https:\/\/alminutonoticia.com\/noticias\/wp-json\/wp\/v2\/posts\/453\/revisions"}],"predecessor-version":[{"id":455,"href":"https:\/\/alminutonoticia.com\/noticias\/wp-json\/wp\/v2\/posts\/453\/revisions\/455"}],"wp:featuredmedia":[{"embeddable":true,"href":"https:\/\/alminutonoticia.com\/noticias\/wp-json\/wp\/v2\/media\/454"}],"wp:attachment":[{"href":"https:\/\/alminutonoticia.com\/noticias\/wp-json\/wp\/v2\/media?parent=453"}],"wp:term":[{"taxonomy":"category","embeddable":true,"href":"https:\/\/alminutonoticia.com\/noticias\/wp-json\/wp\/v2\/categories?post=453"},{"taxonomy":"post_tag","embeddable":true,"href":"https:\/\/alminutonoticia.com\/noticias\/wp-json\/wp\/v2\/tags?post=453"}],"curies":[{"name":"wp","href":"https:\/\/api.w.org\/{rel}","templated":true}]}}