{"id":4498,"date":"2023-06-22T01:47:21","date_gmt":"2023-06-22T01:47:21","guid":{"rendered":"https:\/\/alminutonoticia.com\/noticias\/?p=4498"},"modified":"2023-06-22T01:47:22","modified_gmt":"2023-06-22T01:47:22","slug":"prorrogan-vigencia-de-cedula-para-primarias","status":"publish","type":"post","link":"https:\/\/alminutonoticia.com\/noticias\/prorrogan-vigencia-de-cedula-para-primarias\/","title":{"rendered":"Prorrogan vigencia de c\u00e9dula para primarias"},"content":{"rendered":"\n<p>El Tribunal Electoral reitera a la ciudadan\u00eda que mediante el&nbsp; Decreto n.\u00b0 26 del 9 de junio de 2023 se&nbsp; prorroga la vigencia de las c\u00e9dulas de identidad&nbsp; personal, solo para las primarias y dem\u00e1s eventos internos, para la escogencia de candidatos a la Elecci\u00f3n General del 5 de mayo de 2024.<\/p>\n\n\n\n<p>Seg\u00fan el decreto, quedan prorrogados los documentos de identidad\u00a0 personal vencidos o que venzan entre el 11 de junio de 2023 y el 31 de julio del mismo a\u00f1o para los adherentes de los partidos pol\u00edticos habilitados para votar en las primarias y dem\u00e1s eventos internos.<\/p>\n\n\n\n<figure class=\"wp-block-image size-large\"><a href=\"https:\/\/alminutonoticia.com\/noticias\/wp-content\/uploads\/2023\/06\/Cedulas2-scaled.jpg\"><img fetchpriority=\"high\" decoding=\"async\" width=\"1024\" height=\"632\" src=\"https:\/\/alminutonoticia.com\/noticias\/wp-content\/uploads\/2023\/06\/Cedulas2-1024x632.jpg\" alt=\"\" class=\"wp-image-4499\" title=\"\" srcset=\"https:\/\/alminutonoticia.com\/noticias\/wp-content\/uploads\/2023\/06\/Cedulas2-1024x632.jpg 1024w, https:\/\/alminutonoticia.com\/noticias\/wp-content\/uploads\/2023\/06\/Cedulas2-300x185.jpg 300w, https:\/\/alminutonoticia.com\/noticias\/wp-content\/uploads\/2023\/06\/Cedulas2-768x474.jpg 768w, https:\/\/alminutonoticia.com\/noticias\/wp-content\/uploads\/2023\/06\/Cedulas2-1536x949.jpg 1536w, https:\/\/alminutonoticia.com\/noticias\/wp-content\/uploads\/2023\/06\/Cedulas2-2048x1265.jpg 2048w\" sizes=\"(max-width: 1024px) 100vw, 1024px\" \/><\/a><\/figure>\n","protected":false},"excerpt":{"rendered":"<p>El Tribunal Electoral reitera a la ciudadan\u00eda que mediante el&nbsp; Decreto n.\u00b0 26 del 9 de junio de 2023 se&nbsp; prorroga la vigencia de las c\u00e9dulas de identidad&nbsp; personal, solo para las primarias y dem\u00e1s eventos internos, para la escogencia de candidatos a la Elecci\u00f3n General del 5 de mayo de 2024. Seg\u00fan el decreto, [&hellip;]<\/p>\n","protected":false},"author":3,"featured_media":4499,"comment_status":"open","ping_status":"open","sticky":false,"template":"","format":"standard","meta":{"footnotes":""},"categories":[37],"tags":[],"class_list":["post-4498","post","type-post","status-publish","format-standard","has-post-thumbnail","hentry","category-politica"],"_links":{"self":[{"href":"https:\/\/alminutonoticia.com\/noticias\/wp-json\/wp\/v2\/posts\/4498","targetHints":{"allow":["GET"]}}],"collection":[{"href":"https:\/\/alminutonoticia.com\/noticias\/wp-json\/wp\/v2\/posts"}],"about":[{"href":"https:\/\/alminutonoticia.com\/noticias\/wp-json\/wp\/v2\/types\/post"}],"author":[{"embeddable":true,"href":"https:\/\/alminutonoticia.com\/noticias\/wp-json\/wp\/v2\/users\/3"}],"replies":[{"embeddable":true,"href":"https:\/\/alminutonoticia.com\/noticias\/wp-json\/wp\/v2\/comments?post=4498"}],"version-history":[{"count":1,"href":"https:\/\/alminutonoticia.com\/noticias\/wp-json\/wp\/v2\/posts\/4498\/revisions"}],"predecessor-version":[{"id":4500,"href":"https:\/\/alminutonoticia.com\/noticias\/wp-json\/wp\/v2\/posts\/4498\/revisions\/4500"}],"wp:featuredmedia":[{"embeddable":true,"href":"https:\/\/alminutonoticia.com\/noticias\/wp-json\/wp\/v2\/media\/4499"}],"wp:attachment":[{"href":"https:\/\/alminutonoticia.com\/noticias\/wp-json\/wp\/v2\/media?parent=4498"}],"wp:term":[{"taxonomy":"category","embeddable":true,"href":"https:\/\/alminutonoticia.com\/noticias\/wp-json\/wp\/v2\/categories?post=4498"},{"taxonomy":"post_tag","embeddable":true,"href":"https:\/\/alminutonoticia.com\/noticias\/wp-json\/wp\/v2\/tags?post=4498"}],"curies":[{"name":"wp","href":"https:\/\/api.w.org\/{rel}","templated":true}]}}