{"id":447,"date":"2023-01-04T11:07:59","date_gmt":"2023-01-04T11:07:59","guid":{"rendered":"https:\/\/alminutonoticia.com\/noticias\/?p=447"},"modified":"2023-01-04T11:43:52","modified_gmt":"2023-01-04T11:43:52","slug":"sociedad-civil-rechazo-modificacion-de-ley-de-la-contraloria-solis-responde","status":"publish","type":"post","link":"https:\/\/alminutonoticia.com\/noticias\/sociedad-civil-rechazo-modificacion-de-ley-de-la-contraloria-solis-responde\/","title":{"rendered":"Sociedad Civil rechaz\u00f3 modificaci\u00f3n de Ley de la Contralor\u00eda, Sol\u00eds responde"},"content":{"rendered":"\n<p>Rotundo rechazo y preocupaci\u00f3n fue expresado por un conjunto de organizaciones de la Sociedad Civil, respecto a la Ley 351 de 22 de diciembre de 2022 que modific\u00f3 la Ley Org\u00e1nica de la Contralor\u00eda General de la Rep\u00fablica (Ley 32 de 1984), as\u00ed como la Ley 67 de 2008 que regula la Jurisdicci\u00f3n de Cuentas.<\/p>\n\n\n\n<p>Seg\u00fan las organizaciones, la modificaci\u00f3n viola la Constituci\u00f3n al crear fueros y privilegios para los funcionarios de la Contralor\u00eda.<\/p>\n\n\n\n<p>Adem\u00e1s, afirman que la Ley 351 ya sancionada por el Ejecutivo, debilita la institucionalidad paname\u00f1a en materia de prevenci\u00f3n y sanci\u00f3n de la corrupci\u00f3n p\u00fablica, al otorgarle al Contralor General de la Rep\u00fablica poderes discrecionales que le permitir\u00e1 decidir, sin contrapeso alguno, qu\u00e9 investiga o deja de investigar.<\/p>\n\n\n\n<p>Entre las organizaciones firmantes de este comunicado est\u00e1n:&nbsp;Centro de Iniciativas Democr\u00e1ticas (CIDEM), Centro de Incidencia Ambiental (CIAM), Fundaci\u00f3n para el Desarrollo de la Libertad Ciudadana &#8211; Transparencia Internacional Panam\u00e1, Movimiento Ciudadano Anticorrupci\u00f3n Movimiento Independiente por Panam\u00e1 (MOVIN) y la Red Nacional de J\u00f3venes por la Transparencia, entre otros.<\/p>\n\n\n\n<h2 class=\"wp-block-heading\">Contralor responde<\/h2>\n\n\n\n<p>Mediane una nota de prensa el contralor Gerardo Sol\u00eds<strong>&nbsp;<\/strong>respondi\u00f3 a los se\u00f1alamientos de la organizaciones de la sociedad civil con una invitaci\u00f3n p\u00fablica para conversar.<\/p>\n\n\n\n<p><em>\u00abEn atenci\u00f3n al comunicado emitido en el d\u00eda de hoy por algunas organizaciones civiles sobre la ley de la contralor\u00eda y por considerar la mayor\u00eda&nbsp;como organizaciones serias bien intencionadas con nobles prop\u00f3sitos el contralor Gerardo Sol\u00eds extiende una invitaci\u00f3n p\u00fablicamente a dichas organizaciones de la&nbsp;sociedad civil para escuchar sus aprensiones y plantearles razonadamente&nbsp;las bondades y ventajas de la nueva ley\u00bb<\/em>, as\u00ed lo manifest\u00f3 un comunicado de la Contralor\u00eda.<\/p>\n\n\n\n<figure class=\"wp-block-image size-large\"><a href=\"https:\/\/alminutonoticia.com\/noticias\/wp-content\/uploads\/2023\/01\/9a99b292-7d9e-4cc3-885c-e2c2ed46b338_16-9-aspect-ratio_1200w_0.png\"><img fetchpriority=\"high\" decoding=\"async\" width=\"1024\" height=\"576\" src=\"https:\/\/alminutonoticia.com\/noticias\/wp-content\/uploads\/2023\/01\/9a99b292-7d9e-4cc3-885c-e2c2ed46b338_16-9-aspect-ratio_1200w_0-1024x576.png\" alt=\"\" class=\"wp-image-448\" title=\"\" srcset=\"https:\/\/alminutonoticia.com\/noticias\/wp-content\/uploads\/2023\/01\/9a99b292-7d9e-4cc3-885c-e2c2ed46b338_16-9-aspect-ratio_1200w_0-1024x576.png 1024w, https:\/\/alminutonoticia.com\/noticias\/wp-content\/uploads\/2023\/01\/9a99b292-7d9e-4cc3-885c-e2c2ed46b338_16-9-aspect-ratio_1200w_0-300x169.png 300w, https:\/\/alminutonoticia.com\/noticias\/wp-content\/uploads\/2023\/01\/9a99b292-7d9e-4cc3-885c-e2c2ed46b338_16-9-aspect-ratio_1200w_0-768x432.png 768w, https:\/\/alminutonoticia.com\/noticias\/wp-content\/uploads\/2023\/01\/9a99b292-7d9e-4cc3-885c-e2c2ed46b338_16-9-aspect-ratio_1200w_0-600x338.png 600w, https:\/\/alminutonoticia.com\/noticias\/wp-content\/uploads\/2023\/01\/9a99b292-7d9e-4cc3-885c-e2c2ed46b338_16-9-aspect-ratio_1200w_0.png 1200w\" sizes=\"(max-width: 1024px) 100vw, 1024px\" \/><\/a><\/figure>\n","protected":false},"excerpt":{"rendered":"<p>Rotundo rechazo y preocupaci\u00f3n fue expresado por un conjunto de organizaciones de la Sociedad Civil, respecto a la Ley 351 de 22 de diciembre de 2022 que modific\u00f3 la Ley Org\u00e1nica de la Contralor\u00eda General de la Rep\u00fablica (Ley 32 de 1984), as\u00ed como la Ley 67 de 2008 que regula la Jurisdicci\u00f3n de Cuentas. [&hellip;]<\/p>\n","protected":false},"author":3,"featured_media":448,"comment_status":"open","ping_status":"open","sticky":false,"template":"","format":"standard","meta":{"footnotes":""},"categories":[38,36],"tags":[],"class_list":["post-447","post","type-post","status-publish","format-standard","has-post-thumbnail","hentry","category-economia","category-nacionales"],"_links":{"self":[{"href":"https:\/\/alminutonoticia.com\/noticias\/wp-json\/wp\/v2\/posts\/447","targetHints":{"allow":["GET"]}}],"collection":[{"href":"https:\/\/alminutonoticia.com\/noticias\/wp-json\/wp\/v2\/posts"}],"about":[{"href":"https:\/\/alminutonoticia.com\/noticias\/wp-json\/wp\/v2\/types\/post"}],"author":[{"embeddable":true,"href":"https:\/\/alminutonoticia.com\/noticias\/wp-json\/wp\/v2\/users\/3"}],"replies":[{"embeddable":true,"href":"https:\/\/alminutonoticia.com\/noticias\/wp-json\/wp\/v2\/comments?post=447"}],"version-history":[{"count":2,"href":"https:\/\/alminutonoticia.com\/noticias\/wp-json\/wp\/v2\/posts\/447\/revisions"}],"predecessor-version":[{"id":459,"href":"https:\/\/alminutonoticia.com\/noticias\/wp-json\/wp\/v2\/posts\/447\/revisions\/459"}],"wp:featuredmedia":[{"embeddable":true,"href":"https:\/\/alminutonoticia.com\/noticias\/wp-json\/wp\/v2\/media\/448"}],"wp:attachment":[{"href":"https:\/\/alminutonoticia.com\/noticias\/wp-json\/wp\/v2\/media?parent=447"}],"wp:term":[{"taxonomy":"category","embeddable":true,"href":"https:\/\/alminutonoticia.com\/noticias\/wp-json\/wp\/v2\/categories?post=447"},{"taxonomy":"post_tag","embeddable":true,"href":"https:\/\/alminutonoticia.com\/noticias\/wp-json\/wp\/v2\/tags?post=447"}],"curies":[{"name":"wp","href":"https:\/\/api.w.org\/{rel}","templated":true}]}}