{"id":443,"date":"2023-01-04T11:01:10","date_gmt":"2023-01-04T11:01:10","guid":{"rendered":"https:\/\/alminutonoticia.com\/noticias\/?p=443"},"modified":"2023-01-04T11:01:56","modified_gmt":"2023-01-04T11:01:56","slug":"pele-recibe-sepultura","status":"publish","type":"post","link":"https:\/\/alminutonoticia.com\/noticias\/pele-recibe-sepultura\/","title":{"rendered":"Pel\u00e9 recibe sepultura\u00a0"},"content":{"rendered":"\n<p>Bajo la mirada de todo el mundo y con la presencia del nuevo presidente de Brasil, el sepelio de Pel\u00e9 se realiz\u00f3 el martes en esta ciudad a la que se convirti\u00f3 en capital futbol\u00edstica durante su carrera fulgurante.<\/p>\n\n\n\n<p>El presidente Luiz In\u00e1cio Lula da Silva rindi\u00f3 homenaje al astro fallecido del f\u00fatbol durante en Vila Belmiro, el estadio donde Pel\u00e9 jug\u00f3 como local la mayor parte de su carrera.<\/p>\n\n\n\n<p>Pel\u00e9 ser\u00e1 sepultado en Santos la ciudad donde creci\u00f3 y se volvi\u00f3 famoso.&nbsp;Se ofici\u00f3 una misa en el Estadio Vila Belmiro antes de que el f\u00e9retro sea llevado por las calles hasta un cementerio cercano.<\/p>\n\n\n\n<p>Uno de los grandes ausentes en el funeral fue Jair Bolsonaro, cuya gesti\u00f3n como presidente concluy\u00f3 el 31 de diciembre.&nbsp;Un d\u00eda antes, parti\u00f3 de la capital Brasilia en un vuelo a Florida, eludiendo el deber ceremonial de entregar a Lula la banda presidencial.<\/p>\n\n\n\n<p>Bolsonaro permanece en un complejo de condominios en las afueras de Orlando, donde se le ha visto charlar con algunos vecinos.<\/p>\n\n\n\n<p>En las d\u00e9cadas de 1960 y 1970, Pel\u00e9 fue quiz\u00e1s el deportista m\u00e1s famoso del mundo.&nbsp;Se reuni\u00f3 con presidentes y monarcas, y una guerra civil en Nigeria entr\u00f3 en una pausa para que los combatientes pudieran verlo jugar.&nbsp;Muchos brasile\u00f1os considerando que coloc\u00f3 a su pa\u00eds por primera vez en el escenario mundial.<\/p>\n\n\n\n<p>Numerosas camisetas con el 10 de Pel\u00e9 fueron colocadas detr\u00e1s de uno de los arcos y se agitaban con el viento veraniego.&nbsp;Un parte de la grada se llen\u00f3 con ramos de flores de los asistentes o enviados por clubes y figuras del f\u00fatbol \u2014 incluidos Neymar y Ronaldo \u2014 desde todo el mundo.&nbsp;Por los altavoces, sonaba la canci\u00f3n \u201cEu sou Pel\u00e9\u201d (Yo soy Pel\u00e9), grabada por el propio \u00eddolo brasile\u00f1o.<\/p>\n\n\n\n<figure class=\"wp-block-image size-full\"><a href=\"https:\/\/alminutonoticia.com\/noticias\/wp-content\/uploads\/2023\/01\/VGCDRBSSDNF67LYR3PYDISXPEM.jpeg\"><img fetchpriority=\"high\" decoding=\"async\" width=\"800\" height=\"547\" src=\"https:\/\/alminutonoticia.com\/noticias\/wp-content\/uploads\/2023\/01\/VGCDRBSSDNF67LYR3PYDISXPEM.jpeg\" alt=\"\" class=\"wp-image-444\" title=\"\" srcset=\"https:\/\/alminutonoticia.com\/noticias\/wp-content\/uploads\/2023\/01\/VGCDRBSSDNF67LYR3PYDISXPEM.jpeg 800w, https:\/\/alminutonoticia.com\/noticias\/wp-content\/uploads\/2023\/01\/VGCDRBSSDNF67LYR3PYDISXPEM-300x205.jpeg 300w, https:\/\/alminutonoticia.com\/noticias\/wp-content\/uploads\/2023\/01\/VGCDRBSSDNF67LYR3PYDISXPEM-768x525.jpeg 768w, https:\/\/alminutonoticia.com\/noticias\/wp-content\/uploads\/2023\/01\/VGCDRBSSDNF67LYR3PYDISXPEM-600x410.jpeg 600w\" sizes=\"(max-width: 800px) 100vw, 800px\" \/><\/a><\/figure>\n","protected":false},"excerpt":{"rendered":"<p>Bajo la mirada de todo el mundo y con la presencia del nuevo presidente de Brasil, el sepelio de Pel\u00e9 se realiz\u00f3 el martes en esta ciudad a la que se convirti\u00f3 en capital futbol\u00edstica durante su carrera fulgurante. El presidente Luiz In\u00e1cio Lula da Silva rindi\u00f3 homenaje al astro fallecido del f\u00fatbol durante en [&hellip;]<\/p>\n","protected":false},"author":3,"featured_media":444,"comment_status":"open","ping_status":"open","sticky":false,"template":"","format":"standard","meta":{"footnotes":""},"categories":[40,39],"tags":[],"class_list":["post-443","post","type-post","status-publish","format-standard","has-post-thumbnail","hentry","category-deportes","category-internacionales"],"_links":{"self":[{"href":"https:\/\/alminutonoticia.com\/noticias\/wp-json\/wp\/v2\/posts\/443","targetHints":{"allow":["GET"]}}],"collection":[{"href":"https:\/\/alminutonoticia.com\/noticias\/wp-json\/wp\/v2\/posts"}],"about":[{"href":"https:\/\/alminutonoticia.com\/noticias\/wp-json\/wp\/v2\/types\/post"}],"author":[{"embeddable":true,"href":"https:\/\/alminutonoticia.com\/noticias\/wp-json\/wp\/v2\/users\/3"}],"replies":[{"embeddable":true,"href":"https:\/\/alminutonoticia.com\/noticias\/wp-json\/wp\/v2\/comments?post=443"}],"version-history":[{"count":2,"href":"https:\/\/alminutonoticia.com\/noticias\/wp-json\/wp\/v2\/posts\/443\/revisions"}],"predecessor-version":[{"id":446,"href":"https:\/\/alminutonoticia.com\/noticias\/wp-json\/wp\/v2\/posts\/443\/revisions\/446"}],"wp:featuredmedia":[{"embeddable":true,"href":"https:\/\/alminutonoticia.com\/noticias\/wp-json\/wp\/v2\/media\/444"}],"wp:attachment":[{"href":"https:\/\/alminutonoticia.com\/noticias\/wp-json\/wp\/v2\/media?parent=443"}],"wp:term":[{"taxonomy":"category","embeddable":true,"href":"https:\/\/alminutonoticia.com\/noticias\/wp-json\/wp\/v2\/categories?post=443"},{"taxonomy":"post_tag","embeddable":true,"href":"https:\/\/alminutonoticia.com\/noticias\/wp-json\/wp\/v2\/tags?post=443"}],"curies":[{"name":"wp","href":"https:\/\/api.w.org\/{rel}","templated":true}]}}